{"id":14829,"date":"2015-06-17T05:02:08","date_gmt":"2015-06-17T03:02:08","guid":{"rendered":"http:\/\/terragina.de\/blog\/?p=14829"},"modified":"2015-06-17T05:04:15","modified_gmt":"2015-06-17T03:04:15","slug":"ein-bisschen-lavendel","status":"publish","type":"post","link":"https:\/\/terragina.de\/blog\/2015\/06\/17\/ein-bisschen-lavendel\/","title":{"rendered":"Ein bisschen Lavendel"},"content":{"rendered":"<p>Ich liebe Lavendel und zu gerne w\u00c3\u00bcrde ich zu dieser Jahreszeit mal in die Provence reisen um die wundersch\u00c3\u00b6nen Lavendelfelder zu bewundern <span style=\"font-size: small;\">und nat\u00c3\u00bcrlich auch zu fotografieren. Leider ist mir das bisher noch nicht geg\u00c3\u00b6nnt gewesen, aber eines Tages ganz bestimmt. :yes:<!--more--><\/span><\/p>\n<p><a href=\"http:\/\/terragina.de\/blog\/wp-content\/uploads\/2015\/06\/lavendel.jpg\" rel=\"lightbox[14829]\"><img loading=\"lazy\" decoding=\"async\" class=\"aligncenter size-full wp-image-14830\" src=\"http:\/\/terragina.de\/blog\/wp-content\/uploads\/2015\/06\/lavendel.jpg\" alt=\"lavendel\" width=\"338\" height=\"450\" srcset=\"https:\/\/terragina.de\/blog\/wp-content\/uploads\/2015\/06\/lavendel.jpg 600w, https:\/\/terragina.de\/blog\/wp-content\/uploads\/2015\/06\/lavendel-420x560.jpg 420w\" sizes=\"auto, (max-width: 338px) 100vw, 338px\" \/><\/a><\/p>\n<p>Ein kleiner Trost sind die kleinen Blumenbeete, die der Arbeitgeber zwischen den verschiedenen Geb\u00c3\u00a4uden angelegt hat\u00c2\u00a0&#8211; ich laufe derzeit jeden Morgen und jeden Nachmittag an einer kleinen Bl\u00c3\u00bctenpracht vorbei. Das zaubert mir immer wieder ein L\u00c3\u00a4cheln ins Gesicht. :yes: Schade nur, dass ich die gro\u00c3\u0178e Kamera nicht mit zur Arbeitsstelle nehme,\u00c2\u00a0da k\u00c3\u00b6nnte ich mich makro-m\u00c3\u00a4ssig bestimmt austoben.<\/p>\n<p>Zur Zeit bl\u00c3\u00bchen auf meinem Weg vom Parkplatz zu dem Geb\u00c3\u00a4ude, in dem ich arbeite, auch noch viele viele gelbe Rosen, die ihren s\u00c3\u00bc\u00c3\u0178en Duft vestr\u00c3\u00b6men. Irgendwie habe ich es bisher vers\u00c3\u00a4umt, davon ein Foto zu machen&#8230; :noidea: Wer wei\u00c3\u0178 &#8211; vielleicht reiche ich das noch nach.<\/p>\n<p>Auf jeden Fall w\u00c3\u00bcnsche ich Euch einen sch\u00c3\u00b6nen Mittwoch, auch wenn es in diesen Tagen nicht ganz so sommerlich ist. Ich mag das, die 30\u00c2\u00b0C auf dem Thermometer brauche ich \u00c3\u00bcberhaupt\u00c2\u00a0nicht. So wie jetzt, vielleicht nicht ganz so windig und noch 2, 3 Grad w\u00c3\u00a4rmer und ich bin wunschlos gl\u00c3\u00bccklich. \u00c2\u00a0:sing:<\/p>\n","protected":false},"excerpt":{"rendered":"<p>Ich liebe Lavendel und zu gerne w\u00c3\u00bcrde ich zu dieser Jahreszeit mal in die Provence reisen um die wundersch\u00c3\u00b6nen Lavendelfelder zu bewundern und nat\u00c3\u00bcrlich auch zu fotografieren. Leider ist mir das bisher noch nicht geg\u00c3\u00b6nnt gewesen, aber eines Tages ganz bestimmt. :yes:<\/p>\n","protected":false},"author":1,"featured_media":0,"comment_status":"open","ping_status":"open","sticky":false,"template":"","format":"standard","meta":{"_jetpack_newsletter_access":"","_jetpack_dont_email_post_to_subs":false,"_jetpack_newsletter_tier_id":0,"_jetpack_memberships_contains_paywalled_content":false,"_jetpack_memberships_contains_paid_content":false,"footnotes":""},"categories":[114],"tags":[975,421,957],"class_list":["post-14829","post","type-post","status-publish","format-standard","hentry","category-plauderecke","tag-blumen","tag-fotoalbum","tag-foto"],"jetpack_sharing_enabled":true,"jetpack_shortlink":"https:\/\/wp.me\/pq7aY-3Rb","jetpack_likes_enabled":true,"jetpack-related-posts":[],"jetpack_featured_media_url":"","_links":{"self":[{"href":"https:\/\/terragina.de\/blog\/wp-json\/wp\/v2\/posts\/14829","targetHints":{"allow":["GET"]}}],"collection":[{"href":"https:\/\/terragina.de\/blog\/wp-json\/wp\/v2\/posts"}],"about":[{"href":"https:\/\/terragina.de\/blog\/wp-json\/wp\/v2\/types\/post"}],"author":[{"embeddable":true,"href":"https:\/\/terragina.de\/blog\/wp-json\/wp\/v2\/users\/1"}],"replies":[{"embeddable":true,"href":"https:\/\/terragina.de\/blog\/wp-json\/wp\/v2\/comments?post=14829"}],"version-history":[{"count":0,"href":"https:\/\/terragina.de\/blog\/wp-json\/wp\/v2\/posts\/14829\/revisions"}],"wp:attachment":[{"href":"https:\/\/terragina.de\/blog\/wp-json\/wp\/v2\/media?parent=14829"}],"wp:term":[{"taxonomy":"category","embeddable":true,"href":"https:\/\/terragina.de\/blog\/wp-json\/wp\/v2\/categories?post=14829"},{"taxonomy":"post_tag","embeddable":true,"href":"https:\/\/terragina.de\/blog\/wp-json\/wp\/v2\/tags?post=14829"}],"curies":[{"name":"wp","href":"https:\/\/api.w.org\/{rel}","templated":true}]}}