{"id":15042,"date":"2015-07-03T17:06:38","date_gmt":"2015-07-03T15:06:38","guid":{"rendered":"http:\/\/terragina.de\/blog\/?p=15042"},"modified":"2015-07-03T17:06:38","modified_gmt":"2015-07-03T15:06:38","slug":"ohne-geht-nicht","status":"publish","type":"post","link":"https:\/\/terragina.de\/blog\/2015\/07\/03\/ohne-geht-nicht\/","title":{"rendered":"Ohne geht nicht!"},"content":{"rendered":"<p>W\u00c3\u00a4hrend die R\u00c3\u00a4ume der BG RCI wirklich angenehm tempertiert waren, sieht es hier daheim ganz anders aus. Und ohne geht einfach nicht mehr. :scratch: Ich habe nicht geschaut, aber ich k\u00c3\u00b6nnte mir gut vorstellen, dass die Dinger derzeit vielleicht schon ausverkauft sind.<!--more--><\/p>\n<p>Gut, dass wir im Keller ein kleines Ventilatoren-Lager haben und erstmal alle Familienmitglieder versorgt sind (au\u00c3\u0178er im B\u00c3\u00bcro des Hobbykochs, das liegt n\u00c3\u00a4mlich im Untergeschoss des Hauses und dort l\u00c3\u00a4sst es sich noch ganz gut aushalten).<\/p>\n<p><em>Das sind die Momente, bei denen ich mir wirklich eine Klimaanlage w\u00c3\u00bcnschen w\u00c3\u00bcrde&#8230;<\/em><\/p>\n<p><a href=\"http:\/\/terragina.de\/blog\/wp-content\/uploads\/2015\/07\/honeywell.jpg\" rel=\"lightbox[15042]\"><img loading=\"lazy\" decoding=\"async\" src=\"http:\/\/terragina.de\/blog\/wp-content\/uploads\/2015\/07\/honeywell.jpg\" alt=\"honeywell\" width=\"450\" height=\"300\" class=\"aligncenter size-full wp-image-15043\" srcset=\"https:\/\/terragina.de\/blog\/wp-content\/uploads\/2015\/07\/honeywell.jpg 900w, https:\/\/terragina.de\/blog\/wp-content\/uploads\/2015\/07\/honeywell-840x560.jpg 840w, https:\/\/terragina.de\/blog\/wp-content\/uploads\/2015\/07\/honeywell-800x533.jpg 800w\" sizes=\"auto, (max-width: 450px) 100vw, 450px\" \/><\/a><\/p>\n<p><em>Aktuelle Temperatur in Frankfurt:<\/em> 36,8\u00c2\u00b0C au\u00c3\u0178en &#038; 26,4\u00c2\u00b0C innen bei 60% Luftfeuchtigkeit.  :wacko: <\/p>\n<p><em>Wie schaut es bei Euch aus? Sind diese Werte noch zu toppen und was macht Ihr bei dieser Affenhitze?<\/em><\/p>\n<p><font size=\"2\"><em>Kleine Anmerkung der Redaktion:<\/em> Hier wird nicht gejammert &#8211; hier wird nur festgestellt&#8230;<\/font><\/p>\n","protected":false},"excerpt":{"rendered":"<p>W\u00c3\u00a4hrend die R\u00c3\u00a4ume der BG RCI wirklich angenehm tempertiert waren, sieht es hier daheim ganz anders aus. Und ohne geht einfach nicht mehr. :scratch: Ich habe nicht geschaut, aber ich k\u00c3\u00b6nnte mir gut vorstellen, dass die Dinger derzeit vielleicht schon ausverkauft sind.<\/p>\n","protected":false},"author":1,"featured_media":0,"comment_status":"open","ping_status":"open","sticky":false,"template":"","format":"standard","meta":{"_jetpack_newsletter_access":"","_jetpack_dont_email_post_to_subs":false,"_jetpack_newsletter_tier_id":0,"_jetpack_memberships_contains_paywalled_content":false,"_jetpack_memberships_contains_paid_content":false,"footnotes":""},"categories":[114],"tags":[957,930,60],"class_list":["post-15042","post","type-post","status-publish","format-standard","hentry","category-plauderecke","tag-foto","tag-hitze","tag-sommer"],"jetpack_sharing_enabled":true,"jetpack_shortlink":"https:\/\/wp.me\/pq7aY-3UC","jetpack_likes_enabled":true,"jetpack-related-posts":[],"jetpack_featured_media_url":"","_links":{"self":[{"href":"https:\/\/terragina.de\/blog\/wp-json\/wp\/v2\/posts\/15042","targetHints":{"allow":["GET"]}}],"collection":[{"href":"https:\/\/terragina.de\/blog\/wp-json\/wp\/v2\/posts"}],"about":[{"href":"https:\/\/terragina.de\/blog\/wp-json\/wp\/v2\/types\/post"}],"author":[{"embeddable":true,"href":"https:\/\/terragina.de\/blog\/wp-json\/wp\/v2\/users\/1"}],"replies":[{"embeddable":true,"href":"https:\/\/terragina.de\/blog\/wp-json\/wp\/v2\/comments?post=15042"}],"version-history":[{"count":0,"href":"https:\/\/terragina.de\/blog\/wp-json\/wp\/v2\/posts\/15042\/revisions"}],"wp:attachment":[{"href":"https:\/\/terragina.de\/blog\/wp-json\/wp\/v2\/media?parent=15042"}],"wp:term":[{"taxonomy":"category","embeddable":true,"href":"https:\/\/terragina.de\/blog\/wp-json\/wp\/v2\/categories?post=15042"},{"taxonomy":"post_tag","embeddable":true,"href":"https:\/\/terragina.de\/blog\/wp-json\/wp\/v2\/tags?post=15042"}],"curies":[{"name":"wp","href":"https:\/\/api.w.org\/{rel}","templated":true}]}}