{"id":15218,"date":"2015-07-22T16:29:04","date_gmt":"2015-07-22T14:29:04","guid":{"rendered":"http:\/\/terragina.de\/blog\/?p=15218"},"modified":"2015-07-22T16:32:34","modified_gmt":"2015-07-22T14:32:34","slug":"einfach-nur-brombeeren","status":"publish","type":"post","link":"https:\/\/terragina.de\/blog\/2015\/07\/22\/einfach-nur-brombeeren\/","title":{"rendered":"Einfach nur Brombeeren"},"content":{"rendered":"<p><strong>Sommerzeit = Brombeerzeit<\/strong> und auf unserem kleinen Spaziergang am vergangenen Sonntag sind wir auch an einigen Brombeerb\u00c3\u00bcschen vorbei gekommen. Ich habe sie probiert &#8211; leider zog sich mir das ganze Gesicht zusammen <font size=\"2\">und ich h\u00c3\u00a4tte wohl wunderbar bei einem Grimassen-Wettbewerb gewonnen.<\/font> <em>Holla, waren die noch sauer&#8230;<\/em><!--more--><\/p>\n<p>Irgendwie fand ich die B\u00c3\u00bcsche und die fast verwelkten Bl\u00c3\u00bcten aber fotogen und so habe ich Euch ein paar wenige Fotos davon mitgebracht:<\/p>\n<p><a href=\"http:\/\/terragina.de\/blog\/wp-content\/uploads\/2015\/07\/spaziergang-1.jpg\" rel=\"lightbox[15218]\"><img loading=\"lazy\" decoding=\"async\" src=\"http:\/\/terragina.de\/blog\/wp-content\/uploads\/2015\/07\/spaziergang-1.jpg\" alt=\"spaziergang-1\" width=\"800\" height=\"300\" class=\"aligncenter size-full wp-image-15200\" \/><\/a><\/p>\n<p><a href=\"http:\/\/terragina.de\/blog\/wp-content\/uploads\/2015\/07\/spaziergang-3.jpg\" rel=\"lightbox[15218]\"><img loading=\"lazy\" decoding=\"async\" src=\"http:\/\/terragina.de\/blog\/wp-content\/uploads\/2015\/07\/spaziergang-3.jpg\" alt=\"spaziergang-3\" width=\"800\" height=\"300\" class=\"aligncenter size-full wp-image-15199\" \/><\/a><\/p>\n<p><a href=\"http:\/\/terragina.de\/blog\/wp-content\/uploads\/2015\/07\/spaziergang-2.jpg\" rel=\"lightbox[15218]\"><img loading=\"lazy\" decoding=\"async\" src=\"http:\/\/terragina.de\/blog\/wp-content\/uploads\/2015\/07\/spaziergang-2.jpg\" alt=\"spaziergang-2\" width=\"800\" height=\"300\" class=\"aligncenter size-full wp-image-15198\" \/><\/a><\/p>\n<p><a href=\"http:\/\/terragina.de\/blog\/wp-content\/uploads\/2015\/07\/spaziergang-4.jpg\" rel=\"lightbox[15218]\"><img loading=\"lazy\" decoding=\"async\" src=\"http:\/\/terragina.de\/blog\/wp-content\/uploads\/2015\/07\/spaziergang-4.jpg\" alt=\"spaziergang-4\" width=\"800\" height=\"300\" class=\"aligncenter size-full wp-image-15197\" \/><\/a><\/p>\n<p>Da mich die Hitze schafft, ich aber nicht die ganze Zeit herumjammern m\u00c3\u00b6chte, muss das f\u00c3\u00bcr heute an dieser Stelle reichen. Ich habe den vorletzten Arbeitstag in dieser Woche ziemlich fleissig hinter mich gebracht und jetzt freue ich mich nur noch auf ein wenig Internet und TV. :yes:<\/p>\n<p>Heute abend startet \u00e2\u20ac\u017eThe 100&#8243; und die ganze Familie freut sich schon darauf. <em>Nur leider werde ich wohl nicht bis zum Schluss durchhalten&#8230;<\/em>  :pfeif: <\/p>\n<p>\u00c3\u0153brigens: Beim blau-orangefarbenen Discounter habe ich mir gestern f\u00c3\u00bcrs B\u00c3\u00bcro <em>Nasch-Beeren<\/em> mitgenommen und sie gemeinsam mit Wassermelone in der Mittagspause genossen. Sie waren richtig s\u00c3\u00bc\u00c3\u0178 im Gegensatz zu denen, die ich mir selber gepfl\u00c3\u00bcckt hatte. ;)<\/p>\n","protected":false},"excerpt":{"rendered":"<p>Sommerzeit = Brombeerzeit und auf unserem kleinen Spaziergang am vergangenen Sonntag sind wir auch an einigen Brombeerb\u00c3\u00bcschen vorbei gekommen. Ich habe sie probiert &#8211; leider zog sich mir das ganze Gesicht zusammen und ich h\u00c3\u00a4tte wohl wunderbar bei einem Grimassen-Wettbewerb gewonnen. Holla, waren die noch sauer&#8230;<\/p>\n","protected":false},"author":1,"featured_media":0,"comment_status":"open","ping_status":"open","sticky":false,"template":"","format":"standard","meta":{"_jetpack_newsletter_access":"","_jetpack_dont_email_post_to_subs":false,"_jetpack_newsletter_tier_id":0,"_jetpack_memberships_contains_paywalled_content":false,"_jetpack_memberships_contains_paid_content":false,"footnotes":""},"categories":[2],"tags":[421,226,60],"class_list":["post-15218","post","type-post","status-publish","format-standard","hentry","category-foto","tag-fotoalbum","tag-pflanzen","tag-sommer"],"jetpack_sharing_enabled":true,"jetpack_shortlink":"https:\/\/wp.me\/pq7aY-3Xs","jetpack_likes_enabled":true,"jetpack-related-posts":[],"jetpack_featured_media_url":"","_links":{"self":[{"href":"https:\/\/terragina.de\/blog\/wp-json\/wp\/v2\/posts\/15218","targetHints":{"allow":["GET"]}}],"collection":[{"href":"https:\/\/terragina.de\/blog\/wp-json\/wp\/v2\/posts"}],"about":[{"href":"https:\/\/terragina.de\/blog\/wp-json\/wp\/v2\/types\/post"}],"author":[{"embeddable":true,"href":"https:\/\/terragina.de\/blog\/wp-json\/wp\/v2\/users\/1"}],"replies":[{"embeddable":true,"href":"https:\/\/terragina.de\/blog\/wp-json\/wp\/v2\/comments?post=15218"}],"version-history":[{"count":0,"href":"https:\/\/terragina.de\/blog\/wp-json\/wp\/v2\/posts\/15218\/revisions"}],"wp:attachment":[{"href":"https:\/\/terragina.de\/blog\/wp-json\/wp\/v2\/media?parent=15218"}],"wp:term":[{"taxonomy":"category","embeddable":true,"href":"https:\/\/terragina.de\/blog\/wp-json\/wp\/v2\/categories?post=15218"},{"taxonomy":"post_tag","embeddable":true,"href":"https:\/\/terragina.de\/blog\/wp-json\/wp\/v2\/tags?post=15218"}],"curies":[{"name":"wp","href":"https:\/\/api.w.org\/{rel}","templated":true}]}}