{"id":15272,"date":"2015-07-26T12:27:01","date_gmt":"2015-07-26T10:27:01","guid":{"rendered":"http:\/\/terragina.de\/blog\/?p=15272"},"modified":"2015-07-26T17:00:51","modified_gmt":"2015-07-26T15:00:51","slug":"die-erste-dahlie-und-die-hummeln","status":"publish","type":"post","link":"https:\/\/terragina.de\/blog\/2015\/07\/26\/die-erste-dahlie-und-die-hummeln\/","title":{"rendered":"Die erste Dahlie und die Hummeln"},"content":{"rendered":"<p>Letztes Jahr als ca. 50 cm hohe Staude gekauft und eingepflanzt, erfreuten wir uns im Sommer 2014 an jeder Menge Bl\u00c3\u00bcten unserer beiden Dahlien. \u00c3\u0153ber die kalte Jahreszeit\u00c2\u00a0hat der Hobbykoch alle Triebe bis auf ca. 15 cm zur\u00c3\u00bcckgeschnitten, den Wurzelballen ausgebuddelt und in der Garage die beiden Knollen \u00c3\u00bcberwintert.<\/p>\n<p>Irgendwann im Fr\u00c3\u00bchjahr hat er sie dann wieder eingegraben. Erst sah man nur ein paar gr\u00c3\u00bcne Spitzen an einer der beiden Pflanzen, die zweite kommt jetzt ganz langsam nach &#8211; offensichtlich hat diese nicht ganz so viel Kraft wie das andere Exemplar.<!--more--><\/p>\n<p>Hier habe ich heute das erste Foto von der allerersten Bl\u00c3\u00bcte f\u00c3\u00bcr Euch. :circus: \u00c2\u00a0<span style=\"font-size: small;\">Ich habe auch einen Header daraus gebastelt, aber f\u00c3\u00bcr den Moment haben mir die Hummeln auf dem Sonnenhut besser gefallen.<\/span><\/p>\n<p><a href=\"http:\/\/terragina.de\/blog\/wp-content\/uploads\/2015\/07\/erste_dahlie.jpg\" rel=\"lightbox[15272]\"><img loading=\"lazy\" decoding=\"async\" class=\"aligncenter size-full wp-image-15265\" src=\"http:\/\/terragina.de\/blog\/wp-content\/uploads\/2015\/07\/erste_dahlie.jpg\" alt=\"erste_dahlie\" width=\"450\" height=\"300\" srcset=\"https:\/\/terragina.de\/blog\/wp-content\/uploads\/2015\/07\/erste_dahlie.jpg 900w, https:\/\/terragina.de\/blog\/wp-content\/uploads\/2015\/07\/erste_dahlie-840x560.jpg 840w, https:\/\/terragina.de\/blog\/wp-content\/uploads\/2015\/07\/erste_dahlie-800x533.jpg 800w\" sizes=\"auto, (max-width: 450px) 100vw, 450px\" \/><\/a><\/p>\n<p><em>Ich finde diese Bl\u00c3\u00bcte einfach nur wundersch\u00c3\u00b6n und mag das Foto super gerne.<\/em><\/p>\n<p style=\"text-align: center;\">******************************<\/p>\n<p>Nach wie vor sind die sich drau\u00c3\u0178en tummelnden Hummeln *lol* <em>Wortspiel<\/em> *lol* meine liebsten Makro-Motive. Und wenn Ihr morgen noch Lust habt, gibt es morgen noch ein paar wenige weitere Fotos zu Brittas Makro-Montag. :whistle: Aber vielleicht habt Ihr auch schon das N\u00c3\u00a4schen voll und gar keine Lust mehr auf Bl\u00c3\u00bcmchen- und Hummelchen-Fotos?! Ich k\u00c3\u00b6nnt`s verstehen. :yes:<\/p>\n<div class=\"tiled-gallery type-rectangular tiled-gallery-unresized\" data-original-width=\"840\" data-carousel-extra='null' itemscope itemtype=\"http:\/\/schema.org\/ImageGallery\" > <div class=\"gallery-row\" style=\"width: 840px; height: 368px;\" data-original-width=\"840\" data-original-height=\"368\" > <div class=\"gallery-group images-1\" style=\"width: 555px; height: 368px;\" data-original-width=\"555\" data-original-height=\"368\" > <div class=\"tiled-gallery-item tiled-gallery-item-large\" itemprop=\"associatedMedia\" itemscope itemtype=\"http:\/\/schema.org\/ImageObject\"> <a href=\"https:\/\/i0.wp.com\/terragina.de\/blog\/wp-content\/uploads\/2015\/07\/gartenmakros-7.jpg?ssl=1\" border=\"0\" itemprop=\"url\" rel=\"lightbox[15272]\"> <meta itemprop=\"width\" content=\"551\"> <meta itemprop=\"height\" content=\"364\"> <img decoding=\"async\" class=\"\" data-attachment-id=\"15264\" data-orig-file=\"https:\/\/terragina.de\/blog\/wp-content\/uploads\/2015\/07\/gartenmakros-7.jpg\" data-orig-size=\"900,595\" data-comments-opened=\"1\" data-image-meta=\"{&quot;aperture&quot;:&quot;0&quot;,&quot;credit&quot;:&quot;&quot;,&quot;camera&quot;:&quot;&quot;,&quot;caption&quot;:&quot;&quot;,&quot;created_timestamp&quot;:&quot;0&quot;,&quot;copyright&quot;:&quot;&quot;,&quot;focal_length&quot;:&quot;0&quot;,&quot;iso&quot;:&quot;0&quot;,&quot;shutter_speed&quot;:&quot;0&quot;,&quot;title&quot;:&quot;&quot;,&quot;orientation&quot;:&quot;1&quot;}\" data-image-title=\"gartenmakros-7\" data-image-description=\"\" data-medium-file=\"https:\/\/terragina.de\/blog\/wp-content\/uploads\/2015\/07\/gartenmakros-7-800x529.jpg\" data-large-file=\"https:\/\/terragina.de\/blog\/wp-content\/uploads\/2015\/07\/gartenmakros-7.jpg\" src=\"https:\/\/i0.wp.com\/terragina.de\/blog\/wp-content\/uploads\/2015\/07\/gartenmakros-7.jpg?w=551&#038;h=364&#038;ssl=1\" srcset=\"https:\/\/terragina.de\/blog\/wp-content\/uploads\/2015\/07\/gartenmakros-7.jpg 900w, https:\/\/terragina.de\/blog\/wp-content\/uploads\/2015\/07\/gartenmakros-7-840x555.jpg 840w, https:\/\/terragina.de\/blog\/wp-content\/uploads\/2015\/07\/gartenmakros-7-800x529.jpg 800w\" width=\"551\" height=\"364\" loading=\"lazy\" data-original-width=\"551\" data-original-height=\"364\" itemprop=\"http:\/\/schema.org\/image\" title=\"gartenmakros-7\" alt=\"gartenmakros-7\" style=\"width: 551px; height: 364px;\" \/> <\/a> <\/div> <\/div> <!-- close group --> <div class=\"gallery-group images-2\" style=\"width: 285px; height: 368px;\" data-original-width=\"285\" data-original-height=\"368\" > <div class=\"tiled-gallery-item tiled-gallery-item-large\" itemprop=\"associatedMedia\" itemscope itemtype=\"http:\/\/schema.org\/ImageObject\"> <a href=\"https:\/\/i0.wp.com\/terragina.de\/blog\/wp-content\/uploads\/2015\/07\/gartenmakros-6.jpg?ssl=1\" border=\"0\" itemprop=\"url\" rel=\"lightbox[15272]\"> <meta itemprop=\"width\" content=\"281\"> <meta itemprop=\"height\" content=\"173\"> <img decoding=\"async\" class=\"\" data-attachment-id=\"15266\" data-orig-file=\"https:\/\/terragina.de\/blog\/wp-content\/uploads\/2015\/07\/gartenmakros-6.jpg\" data-orig-size=\"900,556\" data-comments-opened=\"1\" data-image-meta=\"{&quot;aperture&quot;:&quot;0&quot;,&quot;credit&quot;:&quot;&quot;,&quot;camera&quot;:&quot;&quot;,&quot;caption&quot;:&quot;&quot;,&quot;created_timestamp&quot;:&quot;0&quot;,&quot;copyright&quot;:&quot;&quot;,&quot;focal_length&quot;:&quot;0&quot;,&quot;iso&quot;:&quot;0&quot;,&quot;shutter_speed&quot;:&quot;0&quot;,&quot;title&quot;:&quot;&quot;,&quot;orientation&quot;:&quot;1&quot;}\" data-image-title=\"gartenmakros-6\" data-image-description=\"\" data-medium-file=\"https:\/\/terragina.de\/blog\/wp-content\/uploads\/2015\/07\/gartenmakros-6-800x494.jpg\" data-large-file=\"https:\/\/terragina.de\/blog\/wp-content\/uploads\/2015\/07\/gartenmakros-6.jpg\" src=\"https:\/\/i0.wp.com\/terragina.de\/blog\/wp-content\/uploads\/2015\/07\/gartenmakros-6.jpg?w=281&#038;h=173&#038;ssl=1\" srcset=\"https:\/\/terragina.de\/blog\/wp-content\/uploads\/2015\/07\/gartenmakros-6.jpg 900w, https:\/\/terragina.de\/blog\/wp-content\/uploads\/2015\/07\/gartenmakros-6-840x519.jpg 840w, https:\/\/terragina.de\/blog\/wp-content\/uploads\/2015\/07\/gartenmakros-6-800x494.jpg 800w\" width=\"281\" height=\"173\" loading=\"lazy\" data-original-width=\"281\" data-original-height=\"173\" itemprop=\"http:\/\/schema.org\/image\" title=\"gartenmakros-6\" alt=\"gartenmakros-6\" style=\"width: 281px; height: 173px;\" \/> <\/a> <\/div> <div class=\"tiled-gallery-item tiled-gallery-item-large\" itemprop=\"associatedMedia\" itemscope itemtype=\"http:\/\/schema.org\/ImageObject\"> <a href=\"https:\/\/i0.wp.com\/terragina.de\/blog\/wp-content\/uploads\/2015\/07\/gartenmakros-4.jpg?ssl=1\" border=\"0\" itemprop=\"url\" rel=\"lightbox[15272]\"> <meta itemprop=\"width\" content=\"281\"> <meta itemprop=\"height\" content=\"187\"> <img decoding=\"async\" class=\"\" data-attachment-id=\"15267\" data-orig-file=\"https:\/\/terragina.de\/blog\/wp-content\/uploads\/2015\/07\/gartenmakros-4.jpg\" data-orig-size=\"900,600\" data-comments-opened=\"1\" data-image-meta=\"{&quot;aperture&quot;:&quot;0&quot;,&quot;credit&quot;:&quot;&quot;,&quot;camera&quot;:&quot;&quot;,&quot;caption&quot;:&quot;&quot;,&quot;created_timestamp&quot;:&quot;0&quot;,&quot;copyright&quot;:&quot;&quot;,&quot;focal_length&quot;:&quot;0&quot;,&quot;iso&quot;:&quot;0&quot;,&quot;shutter_speed&quot;:&quot;0&quot;,&quot;title&quot;:&quot;&quot;,&quot;orientation&quot;:&quot;1&quot;}\" data-image-title=\"gartenmakros-4\" data-image-description=\"\" data-medium-file=\"https:\/\/terragina.de\/blog\/wp-content\/uploads\/2015\/07\/gartenmakros-4-800x533.jpg\" data-large-file=\"https:\/\/terragina.de\/blog\/wp-content\/uploads\/2015\/07\/gartenmakros-4.jpg\" src=\"https:\/\/i0.wp.com\/terragina.de\/blog\/wp-content\/uploads\/2015\/07\/gartenmakros-4.jpg?w=281&#038;h=187&#038;ssl=1\" srcset=\"https:\/\/terragina.de\/blog\/wp-content\/uploads\/2015\/07\/gartenmakros-4.jpg 900w, https:\/\/terragina.de\/blog\/wp-content\/uploads\/2015\/07\/gartenmakros-4-840x560.jpg 840w, https:\/\/terragina.de\/blog\/wp-content\/uploads\/2015\/07\/gartenmakros-4-800x533.jpg 800w\" width=\"281\" height=\"187\" loading=\"lazy\" data-original-width=\"281\" data-original-height=\"187\" itemprop=\"http:\/\/schema.org\/image\" title=\"gartenmakros-4\" alt=\"gartenmakros-4\" style=\"width: 281px; height: 187px;\" \/> <\/a> <\/div> <\/div> <!-- close group --> <\/div> <!-- close row --> <div class=\"gallery-row\" style=\"width: 840px; height: 141px;\" data-original-width=\"840\" data-original-height=\"141\" > <div class=\"gallery-group images-1\" style=\"width: 210px; height: 141px;\" data-original-width=\"210\" data-original-height=\"141\" > <div class=\"tiled-gallery-item tiled-gallery-item-small\" itemprop=\"associatedMedia\" itemscope itemtype=\"http:\/\/schema.org\/ImageObject\"> <a href=\"https:\/\/i0.wp.com\/terragina.de\/blog\/wp-content\/uploads\/2015\/07\/gartenmakros-5.jpg?ssl=1\" border=\"0\" itemprop=\"url\" rel=\"lightbox[15272]\"> <meta itemprop=\"width\" content=\"206\"> <meta itemprop=\"height\" content=\"137\"> <img decoding=\"async\" class=\"\" data-attachment-id=\"15268\" data-orig-file=\"https:\/\/terragina.de\/blog\/wp-content\/uploads\/2015\/07\/gartenmakros-5.jpg\" data-orig-size=\"900,600\" data-comments-opened=\"1\" data-image-meta=\"{&quot;aperture&quot;:&quot;0&quot;,&quot;credit&quot;:&quot;&quot;,&quot;camera&quot;:&quot;&quot;,&quot;caption&quot;:&quot;&quot;,&quot;created_timestamp&quot;:&quot;0&quot;,&quot;copyright&quot;:&quot;&quot;,&quot;focal_length&quot;:&quot;0&quot;,&quot;iso&quot;:&quot;0&quot;,&quot;shutter_speed&quot;:&quot;0&quot;,&quot;title&quot;:&quot;&quot;,&quot;orientation&quot;:&quot;1&quot;}\" data-image-title=\"gartenmakros-5\" data-image-description=\"\" data-medium-file=\"https:\/\/terragina.de\/blog\/wp-content\/uploads\/2015\/07\/gartenmakros-5-800x533.jpg\" data-large-file=\"https:\/\/terragina.de\/blog\/wp-content\/uploads\/2015\/07\/gartenmakros-5.jpg\" src=\"https:\/\/i0.wp.com\/terragina.de\/blog\/wp-content\/uploads\/2015\/07\/gartenmakros-5.jpg?w=206&#038;h=137&#038;ssl=1\" srcset=\"https:\/\/terragina.de\/blog\/wp-content\/uploads\/2015\/07\/gartenmakros-5.jpg 900w, https:\/\/terragina.de\/blog\/wp-content\/uploads\/2015\/07\/gartenmakros-5-840x560.jpg 840w, https:\/\/terragina.de\/blog\/wp-content\/uploads\/2015\/07\/gartenmakros-5-800x533.jpg 800w\" width=\"206\" height=\"137\" loading=\"lazy\" data-original-width=\"206\" data-original-height=\"137\" itemprop=\"http:\/\/schema.org\/image\" title=\"gartenmakros-5\" alt=\"gartenmakros-5\" style=\"width: 206px; height: 137px;\" \/> <\/a> <\/div> <\/div> <!-- close group --> <div class=\"gallery-group images-1\" style=\"width: 210px; height: 141px;\" data-original-width=\"210\" data-original-height=\"141\" > <div class=\"tiled-gallery-item tiled-gallery-item-small\" itemprop=\"associatedMedia\" itemscope itemtype=\"http:\/\/schema.org\/ImageObject\"> <a href=\"https:\/\/i0.wp.com\/terragina.de\/blog\/wp-content\/uploads\/2015\/07\/gartenmakros-2.jpg?ssl=1\" border=\"0\" itemprop=\"url\" rel=\"lightbox[15272]\"> <meta itemprop=\"width\" content=\"206\"> <meta itemprop=\"height\" content=\"137\"> <img decoding=\"async\" class=\"\" data-attachment-id=\"15270\" data-orig-file=\"https:\/\/terragina.de\/blog\/wp-content\/uploads\/2015\/07\/gartenmakros-2.jpg\" data-orig-size=\"900,600\" data-comments-opened=\"1\" data-image-meta=\"{&quot;aperture&quot;:&quot;0&quot;,&quot;credit&quot;:&quot;&quot;,&quot;camera&quot;:&quot;&quot;,&quot;caption&quot;:&quot;&quot;,&quot;created_timestamp&quot;:&quot;0&quot;,&quot;copyright&quot;:&quot;&quot;,&quot;focal_length&quot;:&quot;0&quot;,&quot;iso&quot;:&quot;0&quot;,&quot;shutter_speed&quot;:&quot;0&quot;,&quot;title&quot;:&quot;&quot;,&quot;orientation&quot;:&quot;1&quot;}\" data-image-title=\"gartenmakros-2\" data-image-description=\"\" data-medium-file=\"https:\/\/terragina.de\/blog\/wp-content\/uploads\/2015\/07\/gartenmakros-2-800x533.jpg\" data-large-file=\"https:\/\/terragina.de\/blog\/wp-content\/uploads\/2015\/07\/gartenmakros-2.jpg\" src=\"https:\/\/i0.wp.com\/terragina.de\/blog\/wp-content\/uploads\/2015\/07\/gartenmakros-2.jpg?w=206&#038;h=137&#038;ssl=1\" srcset=\"https:\/\/terragina.de\/blog\/wp-content\/uploads\/2015\/07\/gartenmakros-2.jpg 900w, https:\/\/terragina.de\/blog\/wp-content\/uploads\/2015\/07\/gartenmakros-2-840x560.jpg 840w, https:\/\/terragina.de\/blog\/wp-content\/uploads\/2015\/07\/gartenmakros-2-800x533.jpg 800w\" width=\"206\" height=\"137\" loading=\"lazy\" data-original-width=\"206\" data-original-height=\"137\" itemprop=\"http:\/\/schema.org\/image\" title=\"gartenmakros-2\" alt=\"gartenmakros-2\" style=\"width: 206px; height: 137px;\" \/> <\/a> <\/div> <\/div> <!-- close group --> <div class=\"gallery-group images-1\" style=\"width: 210px; height: 141px;\" data-original-width=\"210\" data-original-height=\"141\" > <div class=\"tiled-gallery-item tiled-gallery-item-small\" itemprop=\"associatedMedia\" itemscope itemtype=\"http:\/\/schema.org\/ImageObject\"> <a href=\"https:\/\/i0.wp.com\/terragina.de\/blog\/wp-content\/uploads\/2015\/07\/gartenmakros-3.jpg?ssl=1\" border=\"0\" itemprop=\"url\" rel=\"lightbox[15272]\"> <meta itemprop=\"width\" content=\"206\"> <meta itemprop=\"height\" content=\"137\"> <img decoding=\"async\" class=\"\" data-attachment-id=\"15271\" data-orig-file=\"https:\/\/terragina.de\/blog\/wp-content\/uploads\/2015\/07\/gartenmakros-3.jpg\" data-orig-size=\"900,600\" data-comments-opened=\"1\" data-image-meta=\"{&quot;aperture&quot;:&quot;0&quot;,&quot;credit&quot;:&quot;&quot;,&quot;camera&quot;:&quot;&quot;,&quot;caption&quot;:&quot;&quot;,&quot;created_timestamp&quot;:&quot;0&quot;,&quot;copyright&quot;:&quot;&quot;,&quot;focal_length&quot;:&quot;0&quot;,&quot;iso&quot;:&quot;0&quot;,&quot;shutter_speed&quot;:&quot;0&quot;,&quot;title&quot;:&quot;&quot;,&quot;orientation&quot;:&quot;1&quot;}\" data-image-title=\"gartenmakros-3\" data-image-description=\"\" data-medium-file=\"https:\/\/terragina.de\/blog\/wp-content\/uploads\/2015\/07\/gartenmakros-3-800x533.jpg\" data-large-file=\"https:\/\/terragina.de\/blog\/wp-content\/uploads\/2015\/07\/gartenmakros-3.jpg\" src=\"https:\/\/i0.wp.com\/terragina.de\/blog\/wp-content\/uploads\/2015\/07\/gartenmakros-3.jpg?w=206&#038;h=137&#038;ssl=1\" srcset=\"https:\/\/terragina.de\/blog\/wp-content\/uploads\/2015\/07\/gartenmakros-3.jpg 900w, https:\/\/terragina.de\/blog\/wp-content\/uploads\/2015\/07\/gartenmakros-3-840x560.jpg 840w, https:\/\/terragina.de\/blog\/wp-content\/uploads\/2015\/07\/gartenmakros-3-800x533.jpg 800w\" width=\"206\" height=\"137\" loading=\"lazy\" data-original-width=\"206\" data-original-height=\"137\" itemprop=\"http:\/\/schema.org\/image\" title=\"gartenmakros-3\" alt=\"Ich bin dann mal weg...\" style=\"width: 206px; height: 137px;\" \/> <\/a> <div class=\"tiled-gallery-caption\" itemprop=\"caption description\"> Ich bin dann mal weg&#8230; <\/div> <\/div> <\/div> <!-- close group --> <div class=\"gallery-group images-1\" style=\"width: 210px; height: 141px;\" data-original-width=\"210\" data-original-height=\"141\" > <div class=\"tiled-gallery-item tiled-gallery-item-small\" itemprop=\"associatedMedia\" itemscope itemtype=\"http:\/\/schema.org\/ImageObject\"> <a href=\"https:\/\/i0.wp.com\/terragina.de\/blog\/wp-content\/uploads\/2015\/07\/gartenmakros-1.jpg?ssl=1\" border=\"0\" itemprop=\"url\" rel=\"lightbox[15272]\"> <meta itemprop=\"width\" content=\"206\"> <meta itemprop=\"height\" content=\"137\"> <img decoding=\"async\" class=\"\" data-attachment-id=\"15269\" data-orig-file=\"https:\/\/terragina.de\/blog\/wp-content\/uploads\/2015\/07\/gartenmakros-1.jpg\" data-orig-size=\"900,600\" data-comments-opened=\"1\" data-image-meta=\"{&quot;aperture&quot;:&quot;0&quot;,&quot;credit&quot;:&quot;&quot;,&quot;camera&quot;:&quot;&quot;,&quot;caption&quot;:&quot;&quot;,&quot;created_timestamp&quot;:&quot;0&quot;,&quot;copyright&quot;:&quot;&quot;,&quot;focal_length&quot;:&quot;0&quot;,&quot;iso&quot;:&quot;0&quot;,&quot;shutter_speed&quot;:&quot;0&quot;,&quot;title&quot;:&quot;&quot;,&quot;orientation&quot;:&quot;1&quot;}\" data-image-title=\"gartenmakros-1\" data-image-description=\"\" data-medium-file=\"https:\/\/terragina.de\/blog\/wp-content\/uploads\/2015\/07\/gartenmakros-1-800x533.jpg\" data-large-file=\"https:\/\/terragina.de\/blog\/wp-content\/uploads\/2015\/07\/gartenmakros-1.jpg\" src=\"https:\/\/i0.wp.com\/terragina.de\/blog\/wp-content\/uploads\/2015\/07\/gartenmakros-1.jpg?w=206&#038;h=137&#038;ssl=1\" srcset=\"https:\/\/terragina.de\/blog\/wp-content\/uploads\/2015\/07\/gartenmakros-1.jpg 900w, https:\/\/terragina.de\/blog\/wp-content\/uploads\/2015\/07\/gartenmakros-1-840x560.jpg 840w, https:\/\/terragina.de\/blog\/wp-content\/uploads\/2015\/07\/gartenmakros-1-800x533.jpg 800w\" width=\"206\" height=\"137\" loading=\"lazy\" data-original-width=\"206\" data-original-height=\"137\" itemprop=\"http:\/\/schema.org\/image\" title=\"gartenmakros-1\" alt=\"Bienchen auf Hibiskus\" style=\"width: 206px; height: 137px;\" \/> <\/a> <div class=\"tiled-gallery-caption\" itemprop=\"caption description\"> Bienchen auf Hibiskus <\/div> <\/div> <\/div> <!-- close group --> <\/div> <!-- close row --> <\/div>\n<p style=\"text-align: center;\"><em>Macht Euch einen sch\u00c3\u00b6nen Sonntag und viele liebe Gr\u00c3\u00bc\u00c3\u0178e zu Euch,<\/em><\/p>\n","protected":false},"excerpt":{"rendered":"<p>Letztes Jahr als ca. 50 cm hohe Staude gekauft und eingepflanzt, erfreuten wir uns im Sommer 2014 an jeder Menge Bl\u00c3\u00bcten unserer beiden Dahlien. \u00c3\u0153ber die kalte Jahreszeit\u00c2\u00a0hat der Hobbykoch alle Triebe bis auf ca. 15 cm zur\u00c3\u00bcckgeschnitten, den Wurzelballen ausgebuddelt und in der Garage die beiden Knollen \u00c3\u00bcberwintert. Irgendwann im Fr\u00c3\u00bchjahr hat er sie dann wieder eingegraben. Erst sah man nur ein paar gr\u00c3\u00bcne Spitzen an einer der beiden Pflanzen, die zweite kommt jetzt ganz langsam nach &#8211; offensichtlich hat diese nicht ganz so viel Kraft wie das andere Exemplar.<\/p>\n","protected":false},"author":1,"featured_media":0,"comment_status":"open","ping_status":"open","sticky":false,"template":"","format":"standard","meta":{"_jetpack_newsletter_access":"","_jetpack_dont_email_post_to_subs":false,"_jetpack_newsletter_tier_id":0,"_jetpack_memberships_contains_paywalled_content":false,"_jetpack_memberships_contains_paid_content":false,"footnotes":""},"categories":[2],"tags":[421,247,931,78],"class_list":["post-15272","post","type-post","status-publish","format-standard","hentry","category-foto","tag-fotoalbum","tag-garten","tag-makros","tag-natur"],"jetpack_sharing_enabled":true,"jetpack_shortlink":"https:\/\/wp.me\/pq7aY-3Yk","jetpack_likes_enabled":true,"jetpack-related-posts":[],"jetpack_featured_media_url":"","_links":{"self":[{"href":"https:\/\/terragina.de\/blog\/wp-json\/wp\/v2\/posts\/15272","targetHints":{"allow":["GET"]}}],"collection":[{"href":"https:\/\/terragina.de\/blog\/wp-json\/wp\/v2\/posts"}],"about":[{"href":"https:\/\/terragina.de\/blog\/wp-json\/wp\/v2\/types\/post"}],"author":[{"embeddable":true,"href":"https:\/\/terragina.de\/blog\/wp-json\/wp\/v2\/users\/1"}],"replies":[{"embeddable":true,"href":"https:\/\/terragina.de\/blog\/wp-json\/wp\/v2\/comments?post=15272"}],"version-history":[{"count":0,"href":"https:\/\/terragina.de\/blog\/wp-json\/wp\/v2\/posts\/15272\/revisions"}],"wp:attachment":[{"href":"https:\/\/terragina.de\/blog\/wp-json\/wp\/v2\/media?parent=15272"}],"wp:term":[{"taxonomy":"category","embeddable":true,"href":"https:\/\/terragina.de\/blog\/wp-json\/wp\/v2\/categories?post=15272"},{"taxonomy":"post_tag","embeddable":true,"href":"https:\/\/terragina.de\/blog\/wp-json\/wp\/v2\/tags?post=15272"}],"curies":[{"name":"wp","href":"https:\/\/api.w.org\/{rel}","templated":true}]}}