{"id":15338,"date":"2015-08-03T05:58:42","date_gmt":"2015-08-03T03:58:42","guid":{"rendered":"http:\/\/terragina.de\/blog\/?p=15338"},"modified":"2015-08-02T19:52:15","modified_gmt":"2015-08-02T17:52:15","slug":"ma-mo-knospen","status":"publish","type":"post","link":"https:\/\/terragina.de\/blog\/2015\/08\/03\/ma-mo-knospen\/","title":{"rendered":"Ma-Mo: Knospen"},"content":{"rendered":"<p>Schon wieder ist eine Woche vorbei und die liebe Britta ruft wieder dazu auf, kleine Dinge ganz gro\u00c3\u0178 zu fotografieren. Irgendwie fehlen mir derzeit die sch\u00c3\u00b6nen Motive und in unserem Garten bl\u00c3\u00bchen derzeit auch nur Hibiskus, Sonnenhut und Hortensie. Letztere sind aber schon ziemlich verbl\u00c3\u00bcht und keine wirklich sch\u00c3\u00b6nen Motive. <font size=\"2\">Obwohl &#8211; vielleicht ist ja auch gerade das recht reizvoll und ich schaue die Tage nochmal, ob ich sie nicht doch mal fotografiere.<\/font><!--more--><\/p>\n<p>Also habe ich heute mal auf die Knospen meiner beiden Lieblings-Gartenbl\u00c3\u00bcher zur\u00c3\u00bcck gegriffen. Mein ganz pers\u00c3\u00b6nlicher Favorit ist das erste Bild, zwei kleine Knospen des nach wie vor toll bl\u00c3\u00bchenden Hibiskus. Es ist fast ausschlie\u00c3\u0178lich gr\u00c3\u00bcn, aber gerade das finde ich hier sehr reizvoll und auch aussergew\u00c3\u00b6hnlich.<\/p>\n<p><a href=\"http:\/\/terragina.de\/blog\/wp-content\/uploads\/2015\/08\/mamo_knospen-1.jpg\" rel=\"lightbox[15338]\"><img loading=\"lazy\" decoding=\"async\" src=\"http:\/\/terragina.de\/blog\/wp-content\/uploads\/2015\/08\/mamo_knospen-1.jpg\" alt=\"mamo_knospen-1\" width=\"450\" height=\"300\" class=\"aligncenter size-full wp-image-15339\" srcset=\"https:\/\/terragina.de\/blog\/wp-content\/uploads\/2015\/08\/mamo_knospen-1.jpg 900w, https:\/\/terragina.de\/blog\/wp-content\/uploads\/2015\/08\/mamo_knospen-1-840x560.jpg 840w, https:\/\/terragina.de\/blog\/wp-content\/uploads\/2015\/08\/mamo_knospen-1-800x533.jpg 800w\" sizes=\"auto, (max-width: 450px) 100vw, 450px\" \/><\/a><\/p>\n<p>Bei dem zweiten Bild war ich sehr unschl\u00c3\u00bcssig, ob ich es hier zeigen m\u00c3\u00b6chte oder nicht. Es ist l\u00c3\u00a4ngst nicht so scharf, wie ich es mir w\u00c3\u00bcnschen w\u00c3\u00bcrde, aber trotzdem hat es irgendwie einen eigenen Reiz. Auch dieses Foto schicke ich also hiermit zu Brittas <a href=\"http:\/\/aufmeineartphotographieunddesign.blogspot.de\/search\/label\/MakroMontag\" target=\"_blank\">Sammelstelle<\/a>.<\/p>\n<p><a href=\"http:\/\/terragina.de\/blog\/wp-content\/uploads\/2015\/08\/mamo_knospen-2.jpg\" rel=\"lightbox[15338]\"><img loading=\"lazy\" decoding=\"async\" src=\"http:\/\/terragina.de\/blog\/wp-content\/uploads\/2015\/08\/mamo_knospen-2.jpg\" alt=\"mamo_knospen-2\" width=\"450\" height=\"300\" class=\"aligncenter size-full wp-image-15340\" srcset=\"https:\/\/terragina.de\/blog\/wp-content\/uploads\/2015\/08\/mamo_knospen-2.jpg 900w, https:\/\/terragina.de\/blog\/wp-content\/uploads\/2015\/08\/mamo_knospen-2-840x560.jpg 840w, https:\/\/terragina.de\/blog\/wp-content\/uploads\/2015\/08\/mamo_knospen-2-800x533.jpg 800w\" sizes=\"auto, (max-width: 450px) 100vw, 450px\" \/><\/a><\/p>\n<p><em>Kommt alle gut in die neue Woche &#8211; diejenigen, die ihr &#8211; wie ich &#8211; noch arbeiten m\u00c3\u00bcsst und noch auf Euren wohlverdienten Urlaub wartet.<\/em> :bye:<\/p>\n","protected":false},"excerpt":{"rendered":"<p>Schon wieder ist eine Woche vorbei und die liebe Britta ruft wieder dazu auf, kleine Dinge ganz gro\u00c3\u0178 zu fotografieren. Irgendwie fehlen mir derzeit die sch\u00c3\u00b6nen Motive und in unserem Garten bl\u00c3\u00bchen derzeit auch nur Hibiskus, Sonnenhut und Hortensie. Letztere sind aber schon ziemlich verbl\u00c3\u00bcht und keine wirklich sch\u00c3\u00b6nen Motive. Obwohl &#8211; vielleicht ist ja auch gerade das recht reizvoll und ich schaue die Tage nochmal, ob ich sie nicht doch mal fotografiere.<\/p>\n","protected":false},"author":1,"featured_media":0,"comment_status":"open","ping_status":"open","sticky":false,"template":"","format":"standard","meta":{"_jetpack_newsletter_access":"","_jetpack_dont_email_post_to_subs":false,"_jetpack_newsletter_tier_id":0,"_jetpack_memberships_contains_paywalled_content":false,"_jetpack_memberships_contains_paid_content":false,"footnotes":""},"categories":[2],"tags":[942,421,939,874,428,940],"class_list":["post-15338","post","type-post","status-publish","format-standard","hentry","category-foto","tag-bumen","tag-fotoalbum","tag-hibiskus","tag-knospen","tag-projekt","tag-sonnenhut"],"jetpack_sharing_enabled":true,"jetpack_shortlink":"https:\/\/wp.me\/pq7aY-3Zo","jetpack_likes_enabled":true,"jetpack-related-posts":[],"jetpack_featured_media_url":"","_links":{"self":[{"href":"https:\/\/terragina.de\/blog\/wp-json\/wp\/v2\/posts\/15338","targetHints":{"allow":["GET"]}}],"collection":[{"href":"https:\/\/terragina.de\/blog\/wp-json\/wp\/v2\/posts"}],"about":[{"href":"https:\/\/terragina.de\/blog\/wp-json\/wp\/v2\/types\/post"}],"author":[{"embeddable":true,"href":"https:\/\/terragina.de\/blog\/wp-json\/wp\/v2\/users\/1"}],"replies":[{"embeddable":true,"href":"https:\/\/terragina.de\/blog\/wp-json\/wp\/v2\/comments?post=15338"}],"version-history":[{"count":0,"href":"https:\/\/terragina.de\/blog\/wp-json\/wp\/v2\/posts\/15338\/revisions"}],"wp:attachment":[{"href":"https:\/\/terragina.de\/blog\/wp-json\/wp\/v2\/media?parent=15338"}],"wp:term":[{"taxonomy":"category","embeddable":true,"href":"https:\/\/terragina.de\/blog\/wp-json\/wp\/v2\/categories?post=15338"},{"taxonomy":"post_tag","embeddable":true,"href":"https:\/\/terragina.de\/blog\/wp-json\/wp\/v2\/tags?post=15338"}],"curies":[{"name":"wp","href":"https:\/\/api.w.org\/{rel}","templated":true}]}}