{"id":15467,"date":"2015-08-16T11:52:31","date_gmt":"2015-08-16T09:52:31","guid":{"rendered":"http:\/\/terragina.de\/blog\/?p=15467"},"modified":"2015-08-16T11:52:31","modified_gmt":"2015-08-16T09:52:31","slug":"alles-fuer-die-katz-16","status":"publish","type":"post","link":"https:\/\/terragina.de\/blog\/2015\/08\/16\/alles-fuer-die-katz-16\/","title":{"rendered":"Alles f\u00c3\u00bcr die Katz #16"},"content":{"rendered":"<p><a href=\"http:\/\/www.jaellekatz.de\/category\/alles-fuer-die-katz\" target=\"_blank\"><img loading=\"lazy\" decoding=\"async\" class=\"right\" style=\"float: right; margin: 10px;\" src=\"http:\/\/terragina.de\/blog\/images\/alles_fuer_die_katz_logo_160x160.jpg\" alt=\"\" width=\"160\" height=\"160\" data-position=\"3\" \/><\/a> Bereits gestern hat <a href=\"http:\/\/www.jaellekatz.de\/category\/alles-fuer-die-katz\" target=\"_blank\">Sylvia<\/a> wieder dazu aufgerufen, Bilder von Katzen zu bloggen. Irgendwie habe ich es leider nicht geschafft, aber die Fotos, die gleich folgen werden, die sind termingerecht bereits am 15. August entstanden. <!--more--><\/p>\n<p>F\u00c3\u00bcr heute habe ich Euch das K\u00c3\u00a4sew\u00c3\u00bcrfelchen mitgebracht. Tiefenentspannt lag er mal wieder neben mir auf dem Couchtisch. <em>Chillmodus total.<\/em> Um diese Fotos zu machen, musste ich mich fast auf den Boden legen, um die gew\u00c3\u00bcnschte Perspektive zu erhalten. :catlove:<\/p>\n<p><a href=\"http:\/\/terragina.de\/blog\/wp-content\/uploads\/2015\/08\/padano_20150815-1.jpg\" rel=\"lightbox[15467]\"><img loading=\"lazy\" decoding=\"async\" class=\"aligncenter size-full wp-image-15468\" src=\"http:\/\/terragina.de\/blog\/wp-content\/uploads\/2015\/08\/padano_20150815-1.jpg\" alt=\"padano_20150815-1\" width=\"450\" height=\"300\" \/><\/a><\/p>\n<p><a href=\"http:\/\/terragina.de\/blog\/wp-content\/uploads\/2015\/08\/padano_20150815-2.jpg\" rel=\"lightbox[15467]\"><img loading=\"lazy\" decoding=\"async\" class=\"aligncenter size-full wp-image-15469\" src=\"http:\/\/terragina.de\/blog\/wp-content\/uploads\/2015\/08\/padano_20150815-2.jpg\" alt=\"padano_20150815-2\" width=\"450\" height=\"300\" \/><\/a><\/p>\n<p><a href=\"http:\/\/terragina.de\/blog\/wp-content\/uploads\/2015\/08\/padano_20150815-3.jpg\" rel=\"lightbox[15467]\"><img loading=\"lazy\" decoding=\"async\" class=\"aligncenter size-full wp-image-15470\" src=\"http:\/\/terragina.de\/blog\/wp-content\/uploads\/2015\/08\/padano_20150815-3.jpg\" alt=\"padano_20150815-3\" width=\"450\" height=\"300\" srcset=\"https:\/\/terragina.de\/blog\/wp-content\/uploads\/2015\/08\/padano_20150815-3.jpg 900w, https:\/\/terragina.de\/blog\/wp-content\/uploads\/2015\/08\/padano_20150815-3-840x560.jpg 840w, https:\/\/terragina.de\/blog\/wp-content\/uploads\/2015\/08\/padano_20150815-3-800x533.jpg 800w\" sizes=\"auto, (max-width: 450px) 100vw, 450px\" \/><\/a><\/p>\n<p>So \u00c3\u00a4hnlich wie das K\u00c3\u00a4sew\u00c3\u00bcrfelchen werde ich es heute auch halten. In den fr\u00c3\u00bchen Morgenstunden habe ich schon mein\u00c2\u00a0Fitnessprogramm absolviert, der Hobbykoch \u00c3\u00bcbernimmt heute das Mittagessen und\u00c2\u00a0ansonsten steht an diesem Sonntag nichts weiter auf der To-Do-List. Wahrscheinlich werde ich sp\u00c3\u00a4ter mit den Kindern des Hauses ein wenig Streaming-TV gucken.<\/p>\n<p>Drau\u00c3\u0178en hat der lange vermisste Regen eingesetzt und mit nur 17\u00c2\u00b0C ist es heute auch\u00c2\u00a0ziemlich frisch. <em>Drin-bleibe-Wetter<\/em>, w\u00c3\u00bcrde ich sagen.<\/p>\n<p style=\"text-align: center;\"><em>Euch allen w\u00c3\u00bcnsche ich einen chilligen Sonntag!<br \/>\nViel Spa\u00c3\u0178 bei allem, was Ihr tut.<\/em><br \/>\n:bye:<\/p>\n","protected":false},"excerpt":{"rendered":"<p>Bereits gestern hat Sylvia wieder dazu aufgerufen, Bilder von Katzen zu bloggen. Irgendwie habe ich es leider nicht geschafft, aber die Fotos, die gleich folgen werden, die sind termingerecht bereits am 15. August entstanden.<\/p>\n","protected":false},"author":1,"featured_media":0,"comment_status":"open","ping_status":"open","sticky":false,"template":"","format":"standard","meta":{"_jetpack_newsletter_access":"","_jetpack_dont_email_post_to_subs":false,"_jetpack_newsletter_tier_id":0,"_jetpack_memberships_contains_paywalled_content":false,"_jetpack_memberships_contains_paid_content":false,"footnotes":""},"categories":[819,728],"tags":[750,751,39,30,418],"class_list":["post-15467","post","type-post","status-publish","format-standard","hentry","category-alles-fuer-die-katz","category-cat-corner","tag-alles-fuer-die-katz","tag-fotoprojekt","tag-katzen","tag-maine-coon","tag-padano"],"jetpack_sharing_enabled":true,"jetpack_shortlink":"https:\/\/wp.me\/pq7aY-41t","jetpack_likes_enabled":true,"jetpack-related-posts":[],"jetpack_featured_media_url":"","_links":{"self":[{"href":"https:\/\/terragina.de\/blog\/wp-json\/wp\/v2\/posts\/15467","targetHints":{"allow":["GET"]}}],"collection":[{"href":"https:\/\/terragina.de\/blog\/wp-json\/wp\/v2\/posts"}],"about":[{"href":"https:\/\/terragina.de\/blog\/wp-json\/wp\/v2\/types\/post"}],"author":[{"embeddable":true,"href":"https:\/\/terragina.de\/blog\/wp-json\/wp\/v2\/users\/1"}],"replies":[{"embeddable":true,"href":"https:\/\/terragina.de\/blog\/wp-json\/wp\/v2\/comments?post=15467"}],"version-history":[{"count":0,"href":"https:\/\/terragina.de\/blog\/wp-json\/wp\/v2\/posts\/15467\/revisions"}],"wp:attachment":[{"href":"https:\/\/terragina.de\/blog\/wp-json\/wp\/v2\/media?parent=15467"}],"wp:term":[{"taxonomy":"category","embeddable":true,"href":"https:\/\/terragina.de\/blog\/wp-json\/wp\/v2\/categories?post=15467"},{"taxonomy":"post_tag","embeddable":true,"href":"https:\/\/terragina.de\/blog\/wp-json\/wp\/v2\/tags?post=15467"}],"curies":[{"name":"wp","href":"https:\/\/api.w.org\/{rel}","templated":true}]}}