{"id":15479,"date":"2015-08-18T17:12:56","date_gmt":"2015-08-18T15:12:56","guid":{"rendered":"http:\/\/terragina.de\/blog\/?p=15479"},"modified":"2015-08-18T17:12:56","modified_gmt":"2015-08-18T15:12:56","slug":"festival-mitbringsel","status":"publish","type":"post","link":"https:\/\/terragina.de\/blog\/2015\/08\/18\/festival-mitbringsel\/","title":{"rendered":"Festival-Mitbringsel"},"content":{"rendered":"<p>Eine Unart von mir ist, immer irgendwelchen Schnickeldi zu kaufen, wenn ich unterwegs bin. So als Erinnerung an die sch\u00c3\u00b6nen Momente im Leben.\u00c2\u00a0<em>Ist es wirklich eine Unart?<\/em> Nein, eigentlich nicht, denn noch Wochen, Monate und Jahre sp\u00c3\u00a4ter kann ich mich an eine sch\u00c3\u00b6ne Zeit erinnern, wenn ich irgendetwas davon in den H\u00c3\u00a4nden halte. <font size=\"2\">Geht nat\u00c3\u00bcrlich auch so, aber mit einem sch\u00c3\u00b6nen St\u00c3\u00bcck macht es nochmal so viel Freude&#8230;<\/font><!--more--><\/p>\n<p>Das One Race Human! war ein sehr buntes Festival und \u00c3\u00bcberall liefen die Menschen mit diesen bunten, super bequemen Haremshosen herum. Ich erinnere mich, dass diese Hosen schon mal sehr modern waren, als ich recht jung war. Klar, dass es sie auf dem Basar auch an jeder Ecke zu kaufen gab. Und ich haderte nicht lange mit mir, dass auch ich eine solche Hose gerne f\u00c3\u00bcr Zuhause haben wollte.<\/p>\n<p>Wir mussten gar nicht viele St\u00c3\u00a4nde besuchen, bis ich meine \u00e2\u20ac\u017eTraum-Haremshose&#8220; gefunden hatte. Ein richtig buntes Gute-Laune-Exemplar und da ich nur eine kurze Jeans anhatte, konnte ich sie auch im Zelt schnell anprobieren.<\/p>\n<p><a href=\"http:\/\/terragina.de\/blog\/wp-content\/uploads\/2015\/08\/haremshose.jpg\" rel=\"lightbox[15479]\"><img loading=\"lazy\" decoding=\"async\" src=\"http:\/\/terragina.de\/blog\/wp-content\/uploads\/2015\/08\/haremshose.jpg\" alt=\"haremshose\" width=\"300\" height=\"400\" class=\"aligncenter size-full wp-image-15480\" srcset=\"https:\/\/terragina.de\/blog\/wp-content\/uploads\/2015\/08\/haremshose.jpg 600w, https:\/\/terragina.de\/blog\/wp-content\/uploads\/2015\/08\/haremshose-420x560.jpg 420w\" sizes=\"auto, (max-width: 300px) 100vw, 300px\" \/><\/a><\/p>\n<p>Gef\u00c3\u00a4llt sie Euch oder ist sie Euch zu bunt? Ist ja nur was f\u00c3\u00bcr daheim. <em>Oder eben f\u00c3\u00bcr das n\u00c3\u00a4chste Festival.<\/em> *lol*<\/p>\n<p>Ansonsten gab es nat\u00c3\u00bcrlich auch viel Schmuck und so fanden wir f\u00c3\u00bcr Mutter und Tochter noch je ein Fu\u00c3\u0178kettchen. Schon lange habe ich sowas nicht mehr getragen, aber zu der Hose und in den Sommer passen diese Kettchen einfach gut. <em>Jetzt fehlt mir nur noch eine Buschtrommel&#8230;<\/em>  :gg: <\/p>\n<p>Der Sohn des Hauses ist heute \u00c3\u00bcbrigens mit Freunden unterwegs gen S\u00c3\u00bcden &#8211; er freut sich schon seit Wochen auf das <a href=\"http:\/\/www.chiemsee-summer.de\" target=\"_blank\">Chiemsee-Festival<\/a>, dass ab morgen in \u00c3\u0153bersee stattfindet und 5 Tage dauert. Am Montag bekomme ich ihn dann hoffentlich m\u00c3\u00bcde, aber gesund und gl\u00c3\u00bccklich wieder.<\/p>\n","protected":false},"excerpt":{"rendered":"<p>Eine Unart von mir ist, immer irgendwelchen Schnickeldi zu kaufen, wenn ich unterwegs bin. So als Erinnerung an die sch\u00c3\u00b6nen Momente im Leben.\u00c2\u00a0Ist es wirklich eine Unart? Nein, eigentlich nicht, denn noch Wochen, Monate und Jahre sp\u00c3\u00a4ter kann ich mich an eine sch\u00c3\u00b6ne Zeit erinnern, wenn ich irgendetwas davon in den H\u00c3\u00a4nden halte. Geht nat\u00c3\u00bcrlich auch so, aber mit einem sch\u00c3\u00b6nen St\u00c3\u00bcck macht es nochmal so viel Freude&#8230;<\/p>\n","protected":false},"author":1,"featured_media":0,"comment_status":"open","ping_status":"open","sticky":false,"template":"","format":"standard","meta":{"_jetpack_newsletter_access":"","_jetpack_dont_email_post_to_subs":false,"_jetpack_newsletter_tier_id":0,"_jetpack_memberships_contains_paywalled_content":false,"_jetpack_memberships_contains_paid_content":false,"footnotes":""},"categories":[2,114],"tags":[421,955],"class_list":["post-15479","post","type-post","status-publish","format-standard","hentry","category-foto","category-plauderecke","tag-fotoalbum","tag-mitbringsel"],"jetpack_sharing_enabled":true,"jetpack_shortlink":"https:\/\/wp.me\/pq7aY-41F","jetpack_likes_enabled":true,"jetpack-related-posts":[],"jetpack_featured_media_url":"","_links":{"self":[{"href":"https:\/\/terragina.de\/blog\/wp-json\/wp\/v2\/posts\/15479","targetHints":{"allow":["GET"]}}],"collection":[{"href":"https:\/\/terragina.de\/blog\/wp-json\/wp\/v2\/posts"}],"about":[{"href":"https:\/\/terragina.de\/blog\/wp-json\/wp\/v2\/types\/post"}],"author":[{"embeddable":true,"href":"https:\/\/terragina.de\/blog\/wp-json\/wp\/v2\/users\/1"}],"replies":[{"embeddable":true,"href":"https:\/\/terragina.de\/blog\/wp-json\/wp\/v2\/comments?post=15479"}],"version-history":[{"count":0,"href":"https:\/\/terragina.de\/blog\/wp-json\/wp\/v2\/posts\/15479\/revisions"}],"wp:attachment":[{"href":"https:\/\/terragina.de\/blog\/wp-json\/wp\/v2\/media?parent=15479"}],"wp:term":[{"taxonomy":"category","embeddable":true,"href":"https:\/\/terragina.de\/blog\/wp-json\/wp\/v2\/categories?post=15479"},{"taxonomy":"post_tag","embeddable":true,"href":"https:\/\/terragina.de\/blog\/wp-json\/wp\/v2\/tags?post=15479"}],"curies":[{"name":"wp","href":"https:\/\/api.w.org\/{rel}","templated":true}]}}