{"id":15495,"date":"2015-08-21T11:22:26","date_gmt":"2015-08-21T09:22:26","guid":{"rendered":"http:\/\/terragina.de\/blog\/?p=15495"},"modified":"2015-08-21T11:22:26","modified_gmt":"2015-08-21T09:22:26","slug":"gartenfreuden","status":"publish","type":"post","link":"https:\/\/terragina.de\/blog\/2015\/08\/21\/gartenfreuden\/","title":{"rendered":"Gartenfreuden"},"content":{"rendered":"<p>Ein wahrscheinlich letztes Mal m\u00c3\u00b6chte ich Euch ein paar Bl\u00c3\u00bcten aus unserem Garten zeigen. Viele sind es jetzt leider nicht mehr und vieles ist auch bereits verwelkt und musste abgeschnitten werden. So ganz langsam werden wir uns wohl daran gew\u00c3\u00b6hnen m\u00c3\u00bcssen, dass der Sommer bald in unseren Breitengraden zu Ende geht. <!--more--><\/p>\n<div class=\"tiled-gallery type-rectangular tiled-gallery-unresized\" data-original-width=\"840\" data-carousel-extra='null' itemscope itemtype=\"http:\/\/schema.org\/ImageGallery\" > <div class=\"gallery-row\" style=\"width: 840px; height: 382px;\" data-original-width=\"840\" data-original-height=\"382\" > <div class=\"gallery-group images-1\" style=\"width: 556px; height: 382px;\" data-original-width=\"556\" data-original-height=\"382\" > <div class=\"tiled-gallery-item tiled-gallery-item-large\" itemprop=\"associatedMedia\" itemscope itemtype=\"http:\/\/schema.org\/ImageObject\"> <a href=\"https:\/\/i0.wp.com\/terragina.de\/blog\/wp-content\/uploads\/2015\/08\/gartengruss-4.jpg?ssl=1\" border=\"0\" itemprop=\"url\" rel=\"lightbox[15495]\"> <meta itemprop=\"width\" content=\"552\"> <meta itemprop=\"height\" content=\"378\"> <img decoding=\"async\" class=\"\" data-attachment-id=\"15496\" data-orig-file=\"https:\/\/terragina.de\/blog\/wp-content\/uploads\/2015\/08\/gartengruss-4.jpg\" data-orig-size=\"900,616\" data-comments-opened=\"1\" data-image-meta=\"{&quot;aperture&quot;:&quot;0&quot;,&quot;credit&quot;:&quot;&quot;,&quot;camera&quot;:&quot;&quot;,&quot;caption&quot;:&quot;&quot;,&quot;created_timestamp&quot;:&quot;0&quot;,&quot;copyright&quot;:&quot;&quot;,&quot;focal_length&quot;:&quot;0&quot;,&quot;iso&quot;:&quot;0&quot;,&quot;shutter_speed&quot;:&quot;0&quot;,&quot;title&quot;:&quot;&quot;,&quot;orientation&quot;:&quot;0&quot;}\" data-image-title=\"gartengruss-4\" data-image-description=\"\" data-medium-file=\"https:\/\/terragina.de\/blog\/wp-content\/uploads\/2015\/08\/gartengruss-4-800x548.jpg\" data-large-file=\"https:\/\/terragina.de\/blog\/wp-content\/uploads\/2015\/08\/gartengruss-4.jpg\" src=\"https:\/\/i0.wp.com\/terragina.de\/blog\/wp-content\/uploads\/2015\/08\/gartengruss-4.jpg?w=552&#038;h=378&#038;ssl=1\" srcset=\"https:\/\/terragina.de\/blog\/wp-content\/uploads\/2015\/08\/gartengruss-4.jpg 900w, https:\/\/terragina.de\/blog\/wp-content\/uploads\/2015\/08\/gartengruss-4-840x575.jpg 840w, https:\/\/terragina.de\/blog\/wp-content\/uploads\/2015\/08\/gartengruss-4-800x548.jpg 800w\" width=\"552\" height=\"378\" loading=\"lazy\" data-original-width=\"552\" data-original-height=\"378\" itemprop=\"http:\/\/schema.org\/image\" title=\"gartengruss-4\" alt=\"Unkraut?\" style=\"width: 552px; height: 378px;\" \/> <\/a> <div class=\"tiled-gallery-caption\" itemprop=\"caption description\"> Unkraut? <\/div> <\/div> <\/div> <!-- close group --> <div class=\"gallery-group images-2\" style=\"width: 284px; height: 382px;\" data-original-width=\"284\" data-original-height=\"382\" > <div class=\"tiled-gallery-item tiled-gallery-item-large\" itemprop=\"associatedMedia\" itemscope itemtype=\"http:\/\/schema.org\/ImageObject\"> <a href=\"https:\/\/i0.wp.com\/terragina.de\/blog\/wp-content\/uploads\/2015\/08\/gartengruss-1.jpg?ssl=1\" border=\"0\" itemprop=\"url\" rel=\"lightbox[15495]\"> <meta itemprop=\"width\" content=\"280\"> <meta itemprop=\"height\" content=\"187\"> <img decoding=\"async\" class=\"\" data-attachment-id=\"15497\" data-orig-file=\"https:\/\/terragina.de\/blog\/wp-content\/uploads\/2015\/08\/gartengruss-1.jpg\" data-orig-size=\"900,600\" data-comments-opened=\"1\" data-image-meta=\"{&quot;aperture&quot;:&quot;0&quot;,&quot;credit&quot;:&quot;&quot;,&quot;camera&quot;:&quot;&quot;,&quot;caption&quot;:&quot;&quot;,&quot;created_timestamp&quot;:&quot;0&quot;,&quot;copyright&quot;:&quot;&quot;,&quot;focal_length&quot;:&quot;0&quot;,&quot;iso&quot;:&quot;0&quot;,&quot;shutter_speed&quot;:&quot;0&quot;,&quot;title&quot;:&quot;&quot;,&quot;orientation&quot;:&quot;0&quot;}\" data-image-title=\"gartengruss-1\" data-image-description=\"\" data-medium-file=\"https:\/\/terragina.de\/blog\/wp-content\/uploads\/2015\/08\/gartengruss-1-800x533.jpg\" data-large-file=\"https:\/\/terragina.de\/blog\/wp-content\/uploads\/2015\/08\/gartengruss-1.jpg\" src=\"https:\/\/i0.wp.com\/terragina.de\/blog\/wp-content\/uploads\/2015\/08\/gartengruss-1.jpg?w=280&#038;h=187&#038;ssl=1\" srcset=\"https:\/\/terragina.de\/blog\/wp-content\/uploads\/2015\/08\/gartengruss-1.jpg 900w, https:\/\/terragina.de\/blog\/wp-content\/uploads\/2015\/08\/gartengruss-1-840x560.jpg 840w, https:\/\/terragina.de\/blog\/wp-content\/uploads\/2015\/08\/gartengruss-1-800x533.jpg 800w\" width=\"280\" height=\"187\" loading=\"lazy\" data-original-width=\"280\" data-original-height=\"187\" itemprop=\"http:\/\/schema.org\/image\" title=\"gartengruss-1\" alt=\"Hibiskus\" style=\"width: 280px; height: 187px;\" \/> <\/a> <div class=\"tiled-gallery-caption\" itemprop=\"caption description\"> Hibiskus <\/div> <\/div> <div class=\"tiled-gallery-item tiled-gallery-item-large\" itemprop=\"associatedMedia\" itemscope itemtype=\"http:\/\/schema.org\/ImageObject\"> <a href=\"https:\/\/i0.wp.com\/terragina.de\/blog\/wp-content\/uploads\/2015\/08\/gartengruss-2.jpg?ssl=1\" border=\"0\" itemprop=\"url\" rel=\"lightbox[15495]\"> <meta itemprop=\"width\" content=\"280\"> <meta itemprop=\"height\" content=\"187\"> <img decoding=\"async\" class=\"\" data-attachment-id=\"15498\" data-orig-file=\"https:\/\/terragina.de\/blog\/wp-content\/uploads\/2015\/08\/gartengruss-2.jpg\" data-orig-size=\"900,600\" data-comments-opened=\"1\" data-image-meta=\"{&quot;aperture&quot;:&quot;0&quot;,&quot;credit&quot;:&quot;&quot;,&quot;camera&quot;:&quot;&quot;,&quot;caption&quot;:&quot;&quot;,&quot;created_timestamp&quot;:&quot;0&quot;,&quot;copyright&quot;:&quot;&quot;,&quot;focal_length&quot;:&quot;0&quot;,&quot;iso&quot;:&quot;0&quot;,&quot;shutter_speed&quot;:&quot;0&quot;,&quot;title&quot;:&quot;&quot;,&quot;orientation&quot;:&quot;0&quot;}\" data-image-title=\"gartengruss-2\" data-image-description=\"\" data-medium-file=\"https:\/\/terragina.de\/blog\/wp-content\/uploads\/2015\/08\/gartengruss-2-800x533.jpg\" data-large-file=\"https:\/\/terragina.de\/blog\/wp-content\/uploads\/2015\/08\/gartengruss-2.jpg\" src=\"https:\/\/i0.wp.com\/terragina.de\/blog\/wp-content\/uploads\/2015\/08\/gartengruss-2.jpg?w=280&#038;h=187&#038;ssl=1\" srcset=\"https:\/\/terragina.de\/blog\/wp-content\/uploads\/2015\/08\/gartengruss-2.jpg 900w, https:\/\/terragina.de\/blog\/wp-content\/uploads\/2015\/08\/gartengruss-2-840x560.jpg 840w, https:\/\/terragina.de\/blog\/wp-content\/uploads\/2015\/08\/gartengruss-2-800x533.jpg 800w\" width=\"280\" height=\"187\" loading=\"lazy\" data-original-width=\"280\" data-original-height=\"187\" itemprop=\"http:\/\/schema.org\/image\" title=\"gartengruss-2\" alt=\"gro\u00c3\u0178e Dahlienbl\u00c3\u00bcte\" style=\"width: 280px; height: 187px;\" \/> <\/a> <div class=\"tiled-gallery-caption\" itemprop=\"caption description\"> gro\u00c3\u0178e Dahlienbl\u00c3\u00bcte <\/div> <\/div> <\/div> <!-- close group --> <\/div> <!-- close row --> <div class=\"gallery-row\" style=\"width: 840px; height: 561px;\" data-original-width=\"840\" data-original-height=\"561\" > <div class=\"gallery-group images-1\" style=\"width: 840px; height: 561px;\" data-original-width=\"840\" data-original-height=\"561\" > <div class=\"tiled-gallery-item tiled-gallery-item-large\" itemprop=\"associatedMedia\" itemscope itemtype=\"http:\/\/schema.org\/ImageObject\"> <a href=\"https:\/\/i0.wp.com\/terragina.de\/blog\/wp-content\/uploads\/2015\/08\/gartengruss-3.jpg?ssl=1\" border=\"0\" itemprop=\"url\" rel=\"lightbox[15495]\"> <meta itemprop=\"width\" content=\"836\"> <meta itemprop=\"height\" content=\"557\"> <img decoding=\"async\" class=\"\" data-attachment-id=\"15499\" data-orig-file=\"https:\/\/terragina.de\/blog\/wp-content\/uploads\/2015\/08\/gartengruss-3.jpg\" data-orig-size=\"900,600\" data-comments-opened=\"1\" data-image-meta=\"{&quot;aperture&quot;:&quot;0&quot;,&quot;credit&quot;:&quot;&quot;,&quot;camera&quot;:&quot;&quot;,&quot;caption&quot;:&quot;&quot;,&quot;created_timestamp&quot;:&quot;0&quot;,&quot;copyright&quot;:&quot;&quot;,&quot;focal_length&quot;:&quot;0&quot;,&quot;iso&quot;:&quot;0&quot;,&quot;shutter_speed&quot;:&quot;0&quot;,&quot;title&quot;:&quot;&quot;,&quot;orientation&quot;:&quot;0&quot;}\" data-image-title=\"gartengruss-3\" data-image-description=\"\" data-medium-file=\"https:\/\/terragina.de\/blog\/wp-content\/uploads\/2015\/08\/gartengruss-3-800x533.jpg\" data-large-file=\"https:\/\/terragina.de\/blog\/wp-content\/uploads\/2015\/08\/gartengruss-3.jpg\" src=\"https:\/\/i0.wp.com\/terragina.de\/blog\/wp-content\/uploads\/2015\/08\/gartengruss-3.jpg?w=836&#038;h=557&#038;ssl=1\" srcset=\"https:\/\/terragina.de\/blog\/wp-content\/uploads\/2015\/08\/gartengruss-3.jpg 900w, https:\/\/terragina.de\/blog\/wp-content\/uploads\/2015\/08\/gartengruss-3-840x560.jpg 840w, https:\/\/terragina.de\/blog\/wp-content\/uploads\/2015\/08\/gartengruss-3-800x533.jpg 800w\" width=\"836\" height=\"557\" loading=\"lazy\" data-original-width=\"836\" data-original-height=\"557\" itemprop=\"http:\/\/schema.org\/image\" title=\"gartengruss-3\" alt=\"gartengruss-3\" style=\"width: 836px; height: 557px;\" \/> <\/a> <\/div> <\/div> <!-- close group --> <\/div> <!-- close row --> <\/div>\n<p>Zu merken ist es auch an den n\u00c3\u00a4chtlichen Temperaturen, denn nachts gehen diese schon deutlich weiter runter als noch vor 14 Tagen. Ich f\u00c3\u00bcr meinen Teil bin froh drum. Ich bin sowieso nicht der Typ, der abends bis in die Nacht auf der Terrasse sitzt. Von mir aus kann es genau so wie jetzt noch ein bisschen bleiben. Sonnenschein und um die 25\u00c2\u00b0C &#8211; super!<\/p>\n<p><em>Vermisst eigentlich jemand den Freitags-F\u00c3\u00bcller bei mir?<\/em> Ich habe derzeit einfach keine Lust auf den L\u00c3\u00bcckentext und werde weiterhin Pause machen. Die einen freut`s, die anderen haben ihn sehr gerne. Aber es ist eben so, wie es ist. :yes:<\/p>\n<blockquote><p><em>Und sonst so im Hause Terragina?<\/em><\/p><\/blockquote>\n<p>Der Sohnemann vergn\u00c3\u00bcgt sich in diesen Tagen mit Freunden auf dem Chiemsee-Summer-Festival. Bereits seit Dienstag ist er weg und kommt auch erst am Montag wieder nach Hause. Er meldet sich sporadisch und offensichtlich geht es ihm sehr gut. Er soll seine Zeit dort genie\u00c3\u0178en &#8211; alles gut!<\/p>\n<p>W\u00c3\u00a4hrend unser Tochterkind in die Frankfurter City gefahren ist, warte ich nun hier auf die Heimkehr des Hobbykochs, der wieder mal &#8211; ebenfalls seit Dienstag &#8211; in Deutschland unterwegs war. Auf der R\u00c3\u00bcckfahrt heute hat er bereits sein neues Auto abgeholt und ich bin schon sehr gespannt.<\/p>\n<p>Was mich betrifft, so habe ich heute morgen schon ein St\u00c3\u00bcndchen Sport hinter mich gebracht und auch ein wenig Hausputz. Ich mache das gerne in Etappen &#8211; von \u00e2\u20ac\u017ePutztagen&#8220; habe ich schon lange Abstand genommen. Ich putze dann, wenn ich meine, dass es n\u00c3\u00b6tig ist. Fr\u00c3\u00bcher war das anders. Aber fr\u00c3\u00bcher habe ich auch noch Bettw\u00c3\u00a4sche und Handt\u00c3\u00bccher geb\u00c3\u00bcgelt. :irre: Die Freizeit, die mir neben meinem Job bleibt, nutze ich gerne f\u00c3\u00bcr andere Dinge!<\/p>\n<p>Nun werde ich mal ein wenig im Web surfen und w\u00c3\u00bcnsche Euch ein wundersch\u00c3\u00b6nes Wochenende. <em>Macht es Euch sch\u00c3\u00b6n und genie\u00c3\u0178t den Sonnenschein.<\/em> :bye:<\/p>\n","protected":false},"excerpt":{"rendered":"<p>Ein wahrscheinlich letztes Mal m\u00c3\u00b6chte ich Euch ein paar Bl\u00c3\u00bcten aus unserem Garten zeigen. Viele sind es jetzt leider nicht mehr und vieles ist auch bereits verwelkt und musste abgeschnitten werden. So ganz langsam werden wir uns wohl daran gew\u00c3\u00b6hnen m\u00c3\u00bcssen, dass der Sommer bald in unseren Breitengraden zu Ende geht.<\/p>\n","protected":false},"author":1,"featured_media":0,"comment_status":"open","ping_status":"open","sticky":false,"template":"","format":"standard","meta":{"_jetpack_newsletter_access":"","_jetpack_dont_email_post_to_subs":false,"_jetpack_newsletter_tier_id":0,"_jetpack_memberships_contains_paywalled_content":false,"_jetpack_memberships_contains_paid_content":false,"footnotes":""},"categories":[2,114],"tags":[975,421,247],"class_list":["post-15495","post","type-post","status-publish","format-standard","hentry","category-foto","category-plauderecke","tag-blumen","tag-fotoalbum","tag-garten"],"jetpack_sharing_enabled":true,"jetpack_shortlink":"https:\/\/wp.me\/pq7aY-41V","jetpack_likes_enabled":true,"jetpack-related-posts":[],"jetpack_featured_media_url":"","_links":{"self":[{"href":"https:\/\/terragina.de\/blog\/wp-json\/wp\/v2\/posts\/15495","targetHints":{"allow":["GET"]}}],"collection":[{"href":"https:\/\/terragina.de\/blog\/wp-json\/wp\/v2\/posts"}],"about":[{"href":"https:\/\/terragina.de\/blog\/wp-json\/wp\/v2\/types\/post"}],"author":[{"embeddable":true,"href":"https:\/\/terragina.de\/blog\/wp-json\/wp\/v2\/users\/1"}],"replies":[{"embeddable":true,"href":"https:\/\/terragina.de\/blog\/wp-json\/wp\/v2\/comments?post=15495"}],"version-history":[{"count":0,"href":"https:\/\/terragina.de\/blog\/wp-json\/wp\/v2\/posts\/15495\/revisions"}],"wp:attachment":[{"href":"https:\/\/terragina.de\/blog\/wp-json\/wp\/v2\/media?parent=15495"}],"wp:term":[{"taxonomy":"category","embeddable":true,"href":"https:\/\/terragina.de\/blog\/wp-json\/wp\/v2\/categories?post=15495"},{"taxonomy":"post_tag","embeddable":true,"href":"https:\/\/terragina.de\/blog\/wp-json\/wp\/v2\/tags?post=15495"}],"curies":[{"name":"wp","href":"https:\/\/api.w.org\/{rel}","templated":true}]}}