{"id":15546,"date":"2015-08-26T16:57:10","date_gmt":"2015-08-26T14:57:10","guid":{"rendered":"http:\/\/terragina.de\/blog\/?p=15546"},"modified":"2015-08-28T09:08:03","modified_gmt":"2015-08-28T07:08:03","slug":"sammelleidenschaften","status":"publish","type":"post","link":"https:\/\/terragina.de\/blog\/2015\/08\/26\/sammelleidenschaften\/","title":{"rendered":"Sammelleidenschaften"},"content":{"rendered":"<p>Heute habe ich Euch mal etwas ganz anderes mitgebracht, denn neben einem <del>klitzekleinen<\/del> mittelschweren Handtaschen-Fimmel habe ich auch noch eine Schw\u00c3\u00a4che f\u00c3\u00bcr andere sch\u00c3\u00b6ne Dinge des Lebens. :heart: Da geh\u00c3\u00b6ren z.B. Schals und T\u00c3\u00bcchter dazu. Oder G\u00c3\u00bcrtel. Oder Sonnenbrillen. <em>Mehr oder weniger ausgespr\u00c3\u00a4gt nat\u00c3\u00bcrlich.<\/em> :blush: <!--more--><\/p>\n<p>Seitdem ich nicht mehr Monat f\u00c3\u00bcr Monat zu meiner Nagelfee laufe, habe ich auch einen kleinen Faible f\u00c3\u00bcr Nagellacke entwickelt, der nat\u00c3\u00bcrlich nicht gerade gemildert wird, wenn ich mit dem Tochterkind unterwegs bin. :hearts: Bald werden wir vor der schwierigen Aufgabe stehen, die Nagellacke, die wir gemeinsam verwenden, zwischen uns aufzuteilen. Aber ich denke, wir werden das hinbekommen und am Ende beide zufrieden sein. <em>Und im Fall der F\u00c3\u00a4lle k\u00c3\u00b6nnen wir ja auch immer noch mal tauschen.<\/em> *lol*<\/p>\n<p><a href=\"http:\/\/terragina.de\/blog\/wp-content\/uploads\/2015\/08\/sammelleidenschaft.jpg\" rel=\"lightbox[15546]\"><img loading=\"lazy\" decoding=\"async\" class=\"aligncenter size-full wp-image-15547\" src=\"http:\/\/terragina.de\/blog\/wp-content\/uploads\/2015\/08\/sammelleidenschaft.jpg\" alt=\"sammelleidenschaft\" width=\"450\" height=\"300\" srcset=\"https:\/\/terragina.de\/blog\/wp-content\/uploads\/2015\/08\/sammelleidenschaft.jpg 900w, https:\/\/terragina.de\/blog\/wp-content\/uploads\/2015\/08\/sammelleidenschaft-840x560.jpg 840w, https:\/\/terragina.de\/blog\/wp-content\/uploads\/2015\/08\/sammelleidenschaft-800x533.jpg 800w\" sizes=\"auto, (max-width: 450px) 100vw, 450px\" \/><\/a><\/p>\n<p>Eigentlich bin ich fast immer mit lackierten N\u00c3\u00a4gelchen anzutreffen. Auf den Fingern\u00c3\u00a4geln, und im Sommer auch auf den Zehenn\u00c3\u00a4geln. Nur das Entfernen, das hasse ich wie die Pest und dann mag ich auch manchmal nicht gleich wieder neu lackieren. <span style=\"font-size: small;\">So wie zum Beispiel heute, da erz\u00c3\u00a4hle ich lieber Euch von meiner kleinen Schw\u00c3\u00a4che.<\/span> Gerade habe ich die Zehenn\u00c3\u00a4gel von einem dunkelroten Kiko-Nagellack befreit, den ich nun mehrere Wochen drauf hatte. Er hat wirklich prima gehalten. Leider liess er sich eben auch dementsprechend schwierig entfernen und jetzt g\u00c3\u00b6nne ich den N\u00c3\u00a4gelchen erstmal eine Erholungspause.<\/p>\n<p style=\"text-align: center;\">:yes:<\/p>\n<p>Wichtig war mir heute, Euch eine kleine Auswahl meiner Lieblingslacke zu zeigen und ein besonderes Augenmerk auf die beiden Lacke links im Bild zu lenken. Die beiden <a href=\"https:\/\/www.dm.de\/dm-marken\/trend-it-up\/\" target=\"_blank\">Trend IT UP<\/a>-Lacke aus der neuen hauseigenen Kosmetikserie des DM-Drogeriemarkts habe ich erst k\u00c3\u00bcrzlich erstanden. Beide haben das Tochterkind und ich mittlerweile ausprobiert und wir sind beide gleichermassen begeistert. :circus: Die Farbe l\u00c3\u00a4sst sich mit einem \u00c3\u00a4hnlichen breiten Pinsel, wie man ihn von den teuren Essie-Lacken her kennt, wunderbar auftragen und mit einem farblosen \u00c3\u0153berlack halten sie auch recht gut.<\/p>\n<p>Der Desert Nude-Lack enth\u00c3\u00a4lt feine sand\u00c3\u00a4hnliche Partikel, die den N\u00c3\u00a4geln eine h\u00c3\u00bcbsche und au\u00c3\u0178ergew\u00c3\u00b6hnliche\u00c2\u00a0Optik verleihen. Eine einfache Schicht gen\u00c3\u00bcgt &#8211; sie deckt ziemlich gut. Ich habe diese eine Schicht noch mit Klarlack \u00c3\u00bcberlackiert (das war am Sonntag) und heute habe ich den Lack entfernt, weil sich hier und da eine kleine Macke gebildet hat. Das ging mit einem acetonhaltigen Nagellackentferner auch recht flott. <em>Ja, ich benutze ab und an auch den acetonhaltigen &#8211; weil es einfach schneller geht als mit denen ohne Aceton. Eine gute Hand- und Nagelpflege hinterher und alles ist gut.<\/em><\/p>\n<p>Den Double-Volume-Lack habe ich &#8211; wie eigentlich immer &#8211; in zwei Schichten und mit \u00c3\u0153berlack aufgetragen und konnte mich eine Woche daran erfreuen. Auch das Entfernen ging leicht von der Hand, wesentlich einfacher als bei dem deutlich zickigeren Desert-Lack.<\/p>\n<p>Zum Schluss das Tollste: Es gibt von diesen Lacken eine gro\u00c3\u0178e Farbpalette und die Preise sind klein, so dass <em>frau<\/em> sich hier ruhig auch die ein oder andere Farbe mehr g\u00c3\u00b6nnen kann. :dance: Wenn Ihr eine DM-Drogerie in der N\u00c3\u00a4he habt und ich Euch neugierig gemacht habe &#8211; schaut doch einfach mal vorbei und seht sie Euch an. :bye:<\/p>\n","protected":false},"excerpt":{"rendered":"<p>Heute habe ich Euch mal etwas ganz anderes mitgebracht, denn neben einem klitzekleinen mittelschweren Handtaschen-Fimmel habe ich auch noch eine Schw\u00c3\u00a4che f\u00c3\u00bcr andere sch\u00c3\u00b6ne Dinge des Lebens. :heart: Da geh\u00c3\u00b6ren z.B. Schals und T\u00c3\u00bcchter dazu. Oder G\u00c3\u00bcrtel. Oder Sonnenbrillen. Mehr oder weniger ausgespr\u00c3\u00a4gt nat\u00c3\u00bcrlich. :blush:<\/p>\n","protected":false},"author":1,"featured_media":0,"comment_status":"open","ping_status":"open","sticky":false,"template":"","format":"standard","meta":{"_jetpack_newsletter_access":"","_jetpack_dont_email_post_to_subs":false,"_jetpack_newsletter_tier_id":0,"_jetpack_memberships_contains_paywalled_content":false,"_jetpack_memberships_contains_paid_content":false,"footnotes":""},"categories":[946],"tags":[984,985,610],"class_list":["post-15546","post","type-post","status-publish","format-standard","hentry","category-schoenes","tag-kosmetik","tag-nagellack","tag-nagel"],"jetpack_sharing_enabled":true,"jetpack_shortlink":"https:\/\/wp.me\/pq7aY-42K","jetpack_likes_enabled":true,"jetpack-related-posts":[],"jetpack_featured_media_url":"","_links":{"self":[{"href":"https:\/\/terragina.de\/blog\/wp-json\/wp\/v2\/posts\/15546","targetHints":{"allow":["GET"]}}],"collection":[{"href":"https:\/\/terragina.de\/blog\/wp-json\/wp\/v2\/posts"}],"about":[{"href":"https:\/\/terragina.de\/blog\/wp-json\/wp\/v2\/types\/post"}],"author":[{"embeddable":true,"href":"https:\/\/terragina.de\/blog\/wp-json\/wp\/v2\/users\/1"}],"replies":[{"embeddable":true,"href":"https:\/\/terragina.de\/blog\/wp-json\/wp\/v2\/comments?post=15546"}],"version-history":[{"count":0,"href":"https:\/\/terragina.de\/blog\/wp-json\/wp\/v2\/posts\/15546\/revisions"}],"wp:attachment":[{"href":"https:\/\/terragina.de\/blog\/wp-json\/wp\/v2\/media?parent=15546"}],"wp:term":[{"taxonomy":"category","embeddable":true,"href":"https:\/\/terragina.de\/blog\/wp-json\/wp\/v2\/categories?post=15546"},{"taxonomy":"post_tag","embeddable":true,"href":"https:\/\/terragina.de\/blog\/wp-json\/wp\/v2\/tags?post=15546"}],"curies":[{"name":"wp","href":"https:\/\/api.w.org\/{rel}","templated":true}]}}