{"id":15809,"date":"2015-09-23T18:06:25","date_gmt":"2015-09-23T16:06:25","guid":{"rendered":"http:\/\/terragina.de\/blog\/?p=15809"},"modified":"2015-09-24T05:14:10","modified_gmt":"2015-09-24T03:14:10","slug":"ueberraschung","status":"publish","type":"post","link":"https:\/\/terragina.de\/blog\/2015\/09\/23\/ueberraschung\/","title":{"rendered":"\u00c3\u0153berraschung"},"content":{"rendered":"<p>Eigentlich darf man es gar nicht sagen, aber schon viel zu lange hatte unser kleiner Holz-Beistelltisch eine der Jahreszeit absolut nicht entsprechende Deko.\u00c2\u00a0 :blush: \u00c2\u00a0Da aber einige Dinge wie Zeitschriften, Ladeger\u00c3\u00a4t und digitaler Fotorahmen darauf stehen, ist es nicht ganz so aufgefallen. <font size=\"2\">Mir schon, aber ich habe die Sachen dann einfach noch ein bisschen mehr auf dem Tisch verteilt.<\/font>\u00c2\u00a0 :yes:<!--more--><\/p>\n<p>Wer hier schon l\u00c3\u00a4nger liest, wei\u00c3\u0178, dass eigentlich das Tochterkind f\u00c3\u00bcr die Deko des Tisches zust\u00c3\u00a4ndig ist und schon seit Wochen wolllte sie sich eigentlich daran machen. Aber wie es halt so ist, kam immer irgendwas dazwischen. Heute aber, als ich von der Arbeit nach Hause kam, war es endlich soweit &#8211; ganz p\u00c3\u00bcnktlich zum heutigen ganz offiziellen Herbstanfang. :dance:<\/p>\n<p><a href=\"http:\/\/terragina.de\/blog\/wp-content\/uploads\/2015\/09\/stillleben-2.jpg\" rel=\"lightbox[15809]\"><img loading=\"lazy\" decoding=\"async\" src=\"http:\/\/terragina.de\/blog\/wp-content\/uploads\/2015\/09\/stillleben-2.jpg\" alt=\"stillleben-2\" width=\"450\" height=\"300\" class=\"aligncenter size-full wp-image-15811\" srcset=\"https:\/\/terragina.de\/blog\/wp-content\/uploads\/2015\/09\/stillleben-2.jpg 900w, https:\/\/terragina.de\/blog\/wp-content\/uploads\/2015\/09\/stillleben-2-840x560.jpg 840w, https:\/\/terragina.de\/blog\/wp-content\/uploads\/2015\/09\/stillleben-2-800x533.jpg 800w\" sizes=\"auto, (max-width: 450px) 100vw, 450px\" \/><\/a><\/p>\n<p><a href=\"http:\/\/terragina.de\/blog\/wp-content\/uploads\/2015\/09\/stillleben-1.jpg\" rel=\"lightbox[15809]\"><img loading=\"lazy\" decoding=\"async\" src=\"http:\/\/terragina.de\/blog\/wp-content\/uploads\/2015\/09\/stillleben-1.jpg\" alt=\"stillleben-1\" width=\"450\" height=\"300\" class=\"aligncenter size-full wp-image-15810\" srcset=\"https:\/\/terragina.de\/blog\/wp-content\/uploads\/2015\/09\/stillleben-1.jpg 900w, https:\/\/terragina.de\/blog\/wp-content\/uploads\/2015\/09\/stillleben-1-840x560.jpg 840w, https:\/\/terragina.de\/blog\/wp-content\/uploads\/2015\/09\/stillleben-1-800x533.jpg 800w\" sizes=\"auto, (max-width: 450px) 100vw, 450px\" \/><\/a><\/p>\n<p>Ich liebe das kleine Igelchen und habe mich riesig \u00c3\u00bcber die gelungene \u00c3\u0153berraschung gefreut. Danke sch\u00c3\u00b6n mein Schatz :biglove:<\/p>\n<p>Au\u00c3\u0178erdem kam heute w\u00c3\u00a4hrend meiner Abwesenheit mein Lieblingsm\u00c3\u00bcsli bei mir an. Am Wochenende war n\u00c3\u00a4mlich <a href=\"http:\/\/www.weltmueslitag.com\" target=\"_blank\">Weltm\u00c3\u00bcslitag<\/a> und da gab es bei <a href=\"http:\/\/www.mymuesli.com\" target=\"_blank\">MyM\u00c3\u00bcsli<\/a> eine ganze gro\u00c3\u0178e Dose <em>Weltm\u00c3\u00bcslitags-M\u00c3\u00bcsli<\/em> kostenlos zu jeder Bestellung \u00c3\u00bcber 20 \u00c3\u2013cken dazu. <em>Gro\u00c3\u0178artig!<\/em>  :circus: <\/p>\n<p><a href=\"http:\/\/terragina.de\/blog\/wp-content\/uploads\/2015\/09\/stillleben-3.jpg\" rel=\"lightbox[15809]\"><img loading=\"lazy\" decoding=\"async\" src=\"http:\/\/terragina.de\/blog\/wp-content\/uploads\/2015\/09\/stillleben-3.jpg\" alt=\"stillleben-3\" width=\"450\" height=\"300\" class=\"aligncenter size-full wp-image-15812\" \/><\/a><\/p>\n<p>Die Zutaten habe ich mir noch nicht genau angeguckt, weil das M\u00c3\u00bcsli erstmal in den Vorratsschrank gewandert ist, ich habe noch ein bisschen was da. Aber ich freue mich schon jetzt darauf, denn eigentlich sind die M\u00c3\u00bcslis von den Jungs alle toll!<\/p>\n<p><em>Und jetzt gucke ich Quizduell und w\u00c3\u00bcnsche Euch allen noch einen sch\u00c3\u00b6nen Abend!<\/em> :winke:<\/p>\n","protected":false},"excerpt":{"rendered":"<p>Eigentlich darf man es gar nicht sagen, aber schon viel zu lange hatte unser kleiner Holz-Beistelltisch eine der Jahreszeit absolut nicht entsprechende Deko.\u00c2\u00a0 :blush: \u00c2\u00a0Da aber einige Dinge wie Zeitschriften, Ladeger\u00c3\u00a4t und digitaler Fotorahmen darauf stehen, ist es nicht ganz so aufgefallen. Mir schon, aber ich habe die Sachen dann einfach noch ein bisschen mehr auf dem Tisch verteilt.\u00c2\u00a0 :yes:<\/p>\n","protected":false},"author":1,"featured_media":0,"comment_status":"open","ping_status":"open","sticky":false,"template":"","format":"standard","meta":{"_jetpack_newsletter_access":"","_jetpack_dont_email_post_to_subs":false,"_jetpack_newsletter_tier_id":0,"_jetpack_memberships_contains_paywalled_content":false,"_jetpack_memberships_contains_paid_content":false,"footnotes":""},"categories":[114,946],"tags":[994,961,993],"class_list":["post-15809","post","type-post","status-publish","format-standard","hentry","category-plauderecke","category-schoenes","tag-deko","tag-leckeres","tag-muesli"],"jetpack_sharing_enabled":true,"jetpack_shortlink":"https:\/\/wp.me\/pq7aY-46Z","jetpack_likes_enabled":true,"jetpack-related-posts":[],"jetpack_featured_media_url":"","_links":{"self":[{"href":"https:\/\/terragina.de\/blog\/wp-json\/wp\/v2\/posts\/15809","targetHints":{"allow":["GET"]}}],"collection":[{"href":"https:\/\/terragina.de\/blog\/wp-json\/wp\/v2\/posts"}],"about":[{"href":"https:\/\/terragina.de\/blog\/wp-json\/wp\/v2\/types\/post"}],"author":[{"embeddable":true,"href":"https:\/\/terragina.de\/blog\/wp-json\/wp\/v2\/users\/1"}],"replies":[{"embeddable":true,"href":"https:\/\/terragina.de\/blog\/wp-json\/wp\/v2\/comments?post=15809"}],"version-history":[{"count":0,"href":"https:\/\/terragina.de\/blog\/wp-json\/wp\/v2\/posts\/15809\/revisions"}],"wp:attachment":[{"href":"https:\/\/terragina.de\/blog\/wp-json\/wp\/v2\/media?parent=15809"}],"wp:term":[{"taxonomy":"category","embeddable":true,"href":"https:\/\/terragina.de\/blog\/wp-json\/wp\/v2\/categories?post=15809"},{"taxonomy":"post_tag","embeddable":true,"href":"https:\/\/terragina.de\/blog\/wp-json\/wp\/v2\/tags?post=15809"}],"curies":[{"name":"wp","href":"https:\/\/api.w.org\/{rel}","templated":true}]}}