{"id":15827,"date":"2015-09-27T17:38:59","date_gmt":"2015-09-27T15:38:59","guid":{"rendered":"http:\/\/terragina.de\/blog\/?p=15827"},"modified":"2015-09-27T17:38:59","modified_gmt":"2015-09-27T15:38:59","slug":"heimilch_still_und_leise","status":"publish","type":"post","link":"https:\/\/terragina.de\/blog\/2015\/09\/27\/heimilch_still_und_leise\/","title":{"rendered":"Heimlich, still und leise"},"content":{"rendered":"<p>Da ist er nun, der Herbst. Heimlich, still und leise hat er sich angeschlichen und nun ist es wohl nicht mehr zu leugnen &#8211; der Herbst ist da und hat den Sommer endg\u00c3\u00bcltig vertrieben. Auch wenn es heute den ganzen Tag drau\u00c3\u0178en herrlich sonnig war, so tr\u00c3\u00bcgt der Schein und es ist doch ziemlich k\u00c3\u00bchl geworden. Ganze 7\u00c2\u00b0C hatten wir heute morgen, als ich die Augen <span style=\"font-size: small;\">nach einer ziemlich kurzen Nacht<\/span> aufschlug.<!--more--><\/p>\n<p>Als ich vorhin bei <a href=\"http:\/\/www.fotoknipse.de\/es-war-an-der-zeit\/\" target=\"_blank\">Frau Fr\u00c3\u00b6hlich<\/a> einen ihrer neuesten Artikel las, in dem sie erw\u00c3\u00a4hnte, dass das Anschalten der Heizung nicht mehr zu vermeiden war, dachte ich so bei mir: <em>\u00e2\u20ac\u017eOK &#8211; auch ich muss jetzt mal in die G\u00c3\u00a4nge kommen und meine Flip-Flops und Sandalen endlich wegpacken.&#8220;<\/em> :wein: Auch wenn ich barfu\u00c3\u0178 laufen \u00c3\u00bcber alles liebe &#8211; es ist zu kalt f\u00c3\u00bcr \u00e2\u20ac\u017esockenfrei&#8220; geworden und ich m\u00c3\u00b6chte ja auch nicht krank werden. :yes1:<\/p>\n<p>Also die gro\u00c3\u0178e T\u00c3\u00bcte aus der Kammer geholt (ich wechsele die Schuhe 2 x im Jahr aus), alle Schuhe zum \u00e2\u20ac\u017eIn-Augenschein-nehmen&#8220; auf die Treppe gestellt und bei der Gelegenheit gleich mal aussortiert. Bei zwei Paar Stiefeletten war ich unschl\u00c3\u00bcssig, ob ich sie behalten oder weg geben soll &#8211; ich habe sie jetzt erstmal noch aufgehoben, aber da sollte langsam mal etwas Neues her. <font size=\"2\">F\u00c3\u00bcr <em>Frau<\/em> ja eine der leichtesten \u00c3\u0153bungen, denn Schuhe shoppen wahrscheinlich viele von uns gerne.<\/font><\/p>\n<p><a href=\"http:\/\/terragina.de\/blog\/wp-content\/uploads\/2015\/09\/schuhschrank.jpg\" rel=\"lightbox[15827]\"><img loading=\"lazy\" decoding=\"async\" class=\"aligncenter size-full wp-image-15828\" src=\"http:\/\/terragina.de\/blog\/wp-content\/uploads\/2015\/09\/schuhschrank.jpg\" alt=\"schuhschrank\" width=\"450\" height=\"300\" srcset=\"https:\/\/terragina.de\/blog\/wp-content\/uploads\/2015\/09\/schuhschrank.jpg 900w, https:\/\/terragina.de\/blog\/wp-content\/uploads\/2015\/09\/schuhschrank-840x560.jpg 840w, https:\/\/terragina.de\/blog\/wp-content\/uploads\/2015\/09\/schuhschrank-800x533.jpg 800w\" sizes=\"auto, (max-width: 450px) 100vw, 450px\" \/><\/a><\/p>\n<p>Das ein oder andere Paar Turnschuhe, meine Stiefel, die im Fr\u00c3\u00bchjahr erstandenen Boots und meine geliebten Dr. Martens sind nicht in diesem Schr\u00c3\u00a4nkchen zu finden, dass sich direkt gegen\u00c3\u00bcber unserer Haust\u00c3\u00bcr befindet.<\/p>\n<p>Jetzt muss ich nur noch in meinem Kleiderschrank ein wenig umstrukturieren. Einen Teil habe ich schon gemacht, aber ein bisschen was gibt es auch hier noch zu tun.<\/p>\n<p><em>Und bei Euch? Seid Ihr schon komplett auf die k\u00c3\u00bchlere Jahreszeit eingestellt?<\/em><\/p>\n<p style=\"text-align: center;\">***************************<\/p>\n<p>Ich hoffe, ich kann heute noch die Gewinner meines kleinen Gewinnspieles bekannt geben &#8211; derzeit arbeitet sich das Oberhaus noch durch die zahlreichen Kommentare. Wenn nicht heute, dann sp\u00c3\u00a4testens morgen werden die Gewinner von mir benachrichtigt. Wenn es doch etwas l\u00c3\u00a4nger dauert, bitte ich um Nachsicht.  :blush:  Die Party gestern auf unserer Kerb war toll und das Tochterkind und ich haben lange gefeiert und wenig geschlafen. :heart:<\/p>\n<p><em>Geniesst noch den Sonntagabend und lasst es Euch gut gehen!<\/em>  :winke: <\/p>\n","protected":false},"excerpt":{"rendered":"<p>Da ist er nun, der Herbst. Heimlich, still und leise hat er sich angeschlichen und nun ist es wohl nicht mehr zu leugnen &#8211; der Herbst ist da und hat den Sommer endg\u00c3\u00bcltig vertrieben. Auch wenn es heute den ganzen Tag drau\u00c3\u0178en herrlich sonnig war, so tr\u00c3\u00bcgt der Schein und es ist doch ziemlich k\u00c3\u00bchl geworden. Ganze 7\u00c2\u00b0C hatten wir heute morgen, als ich die Augen nach einer ziemlich kurzen Nacht aufschlug.<\/p>\n","protected":false},"author":1,"featured_media":0,"comment_status":"open","ping_status":"open","sticky":false,"template":"","format":"standard","meta":{"_jetpack_newsletter_access":"","_jetpack_dont_email_post_to_subs":false,"_jetpack_newsletter_tier_id":0,"_jetpack_memberships_contains_paywalled_content":false,"_jetpack_memberships_contains_paid_content":false,"footnotes":""},"categories":[114],"tags":[36,364],"class_list":["post-15827","post","type-post","status-publish","format-standard","hentry","category-plauderecke","tag-herbst","tag-jahreszeiten"],"jetpack_sharing_enabled":true,"jetpack_shortlink":"https:\/\/wp.me\/pq7aY-47h","jetpack_likes_enabled":true,"jetpack-related-posts":[],"jetpack_featured_media_url":"","_links":{"self":[{"href":"https:\/\/terragina.de\/blog\/wp-json\/wp\/v2\/posts\/15827","targetHints":{"allow":["GET"]}}],"collection":[{"href":"https:\/\/terragina.de\/blog\/wp-json\/wp\/v2\/posts"}],"about":[{"href":"https:\/\/terragina.de\/blog\/wp-json\/wp\/v2\/types\/post"}],"author":[{"embeddable":true,"href":"https:\/\/terragina.de\/blog\/wp-json\/wp\/v2\/users\/1"}],"replies":[{"embeddable":true,"href":"https:\/\/terragina.de\/blog\/wp-json\/wp\/v2\/comments?post=15827"}],"version-history":[{"count":0,"href":"https:\/\/terragina.de\/blog\/wp-json\/wp\/v2\/posts\/15827\/revisions"}],"wp:attachment":[{"href":"https:\/\/terragina.de\/blog\/wp-json\/wp\/v2\/media?parent=15827"}],"wp:term":[{"taxonomy":"category","embeddable":true,"href":"https:\/\/terragina.de\/blog\/wp-json\/wp\/v2\/categories?post=15827"},{"taxonomy":"post_tag","embeddable":true,"href":"https:\/\/terragina.de\/blog\/wp-json\/wp\/v2\/tags?post=15827"}],"curies":[{"name":"wp","href":"https:\/\/api.w.org\/{rel}","templated":true}]}}