{"id":15852,"date":"2015-10-02T15:21:01","date_gmt":"2015-10-02T13:21:01","guid":{"rendered":"http:\/\/terragina.de\/blog\/?p=15852"},"modified":"2015-10-02T15:24:06","modified_gmt":"2015-10-02T13:24:06","slug":"alles-fuer-die-katz-19","status":"publish","type":"post","link":"https:\/\/terragina.de\/blog\/2015\/10\/02\/alles-fuer-die-katz-19\/","title":{"rendered":"Alles f\u00c3\u00bcr die Katz #19"},"content":{"rendered":"<p><a href=\"http:\/\/www.jaellekatz.de\/category\/alles-fuer-die-katz\" target=\"_blank\"><img loading=\"lazy\" decoding=\"async\" class=\"left\" style=\"float: left; margin: 15px;\" src=\"http:\/\/terragina.de\/blog\/images\/alles_fuer_die_katz_logo_160x160.jpg\" alt=\"\" width=\"160\" height=\"160\" data-position=\"3\" \/><\/a> Und schon sind wir im 4. Quartal des Jahres angelangt &#8211; der Herbst l\u00c3\u00a4sst sich nicht mehr leugnen und auch die gr\u00c3\u00b6\u00c3\u0178ten Sonnenanbeter m\u00c3\u00bcssen sich damit arrangieren, dass der Sommer nun endg\u00c3\u00bcltig vorbei ist.<\/p>\n<p>Die Uhr dreht sich immer weiter und weiter und nur noch 6x (mit dem gestrigen Tag) ruft die liebe <a href=\"http:\/\/www.jaellekatz.de\" target=\"_blank\">Sylvia<\/a> zu Ihrem Projekt <em>Alles f\u00c3\u00bcr die Katz<\/em> auf. Ich bin wieder ein kleines bisschen zu sp\u00c3\u00a4t, aber nat\u00c3\u00bcrlich bin ich sehr gerne dabei. :catlove: <!--more--><\/p>\n<p>Vor allem die weibliche Fellnase des Hauses war heute <em>not amused<\/em>, dass ich sie schon wieder fotografieren wollte. :-( Irgendwie scheint sie das im Moment zu hassen. <span style=\"font-size: small;\">Wahrscheinlich weil sie genau wei\u00c3\u0178, wie struppelig sie aussieht. .. <\/span>. Aber ich habe sie trotzdem erwischt. :zunge:<\/p>\n<p><a href=\"http:\/\/terragina.de\/blog\/wp-content\/uploads\/2015\/10\/miezen_20151002-2.jpg\" rel=\"lightbox[15852]\"><img loading=\"lazy\" decoding=\"async\" class=\"aligncenter size-full wp-image-15854\" src=\"http:\/\/terragina.de\/blog\/wp-content\/uploads\/2015\/10\/miezen_20151002-2.jpg\" alt=\"miezen_20151002-2\" width=\"450\" height=\"300\" srcset=\"https:\/\/terragina.de\/blog\/wp-content\/uploads\/2015\/10\/miezen_20151002-2.jpg 900w, https:\/\/terragina.de\/blog\/wp-content\/uploads\/2015\/10\/miezen_20151002-2-840x560.jpg 840w, https:\/\/terragina.de\/blog\/wp-content\/uploads\/2015\/10\/miezen_20151002-2-800x533.jpg 800w\" sizes=\"auto, (max-width: 450px) 100vw, 450px\" \/><\/a><\/p>\n<p style=\"text-align: center;\"><em>Seht Ihr diesen grimmigen Blick?<\/em><\/p>\n<p><a href=\"http:\/\/terragina.de\/blog\/wp-content\/uploads\/2015\/10\/miezen_20151002-3.jpg\" rel=\"lightbox[15852]\"><img loading=\"lazy\" decoding=\"async\" class=\"aligncenter size-full wp-image-15855\" src=\"http:\/\/terragina.de\/blog\/wp-content\/uploads\/2015\/10\/miezen_20151002-3.jpg\" alt=\"miezen_20151002-3\" width=\"450\" height=\"300\" srcset=\"https:\/\/terragina.de\/blog\/wp-content\/uploads\/2015\/10\/miezen_20151002-3.jpg 900w, https:\/\/terragina.de\/blog\/wp-content\/uploads\/2015\/10\/miezen_20151002-3-840x560.jpg 840w, https:\/\/terragina.de\/blog\/wp-content\/uploads\/2015\/10\/miezen_20151002-3-800x533.jpg 800w\" sizes=\"auto, (max-width: 450px) 100vw, 450px\" \/><\/a><\/p>\n<p style=\"text-align: center;\">Das K\u00c3\u00a4sew\u00c3\u00bcrfelchen zeigt sich da nach wie vor deutlich kooperativer.<\/p>\n<p><a href=\"http:\/\/terragina.de\/blog\/wp-content\/uploads\/2015\/10\/miezen_20151002-1.jpg\" rel=\"lightbox[15852]\"><img loading=\"lazy\" decoding=\"async\" class=\"aligncenter size-full wp-image-15853\" src=\"http:\/\/terragina.de\/blog\/wp-content\/uploads\/2015\/10\/miezen_20151002-1.jpg\" alt=\"miezen_20151002-1\" width=\"450\" height=\"300\" srcset=\"https:\/\/terragina.de\/blog\/wp-content\/uploads\/2015\/10\/miezen_20151002-1.jpg 900w, https:\/\/terragina.de\/blog\/wp-content\/uploads\/2015\/10\/miezen_20151002-1-840x560.jpg 840w, https:\/\/terragina.de\/blog\/wp-content\/uploads\/2015\/10\/miezen_20151002-1-800x533.jpg 800w\" sizes=\"auto, (max-width: 450px) 100vw, 450px\" \/><\/a><\/p>\n<p>F\u00c3\u00bcr heute war es das mit Fotos, ich glaube, ich lasse die beiden mal in Ruhe den sonnigen Tag genie\u00c3\u0178en.<\/p>\n<p style=\"text-align: center;\">*~*~*~*~*~*~*~*~*~*<\/p>\n<p>Heute abend bekomme ich Freundinnen-Besuch, darauf freue ich mich schon sehr. Die Kinder sind au\u00c3\u0178er Haus &#8211; sicher hat der ein oder andere von Euch mitbekommen, dass heute ein gro\u00c3\u0178es <a href=\"http:\/\/www.frankfurt.de\/sixcms\/detail.php?id=2798&amp;_ffmpar[_id_inhalt]=27745736\" target=\"_blank\">Feier-Wochenende<\/a> in der Frankfurter City startet zur 25-j\u00c3\u00a4hrigen Wiedervereinigung. Seit vorgestern sind schon viele Stra\u00c3\u0178en gesperrt und es soll Frankfurts gr\u00c3\u00b6\u00c3\u0178te Party aller Zeiten werden. Ich bin gespannt, was die beiden berichten werden.<\/p>\n<p>Morgen kommt dann auch der Hobbykoch nach Hause. :hearts: \u00c2\u00a0Ich bin sehr froh, denn heute abend oder sp\u00c3\u00a4testens morgen ist in Delaware ein Hurricane angesagt und sicher werden einige Fl\u00c3\u00bcge storniert. Da wird er dann aber schon wieder \u00c3\u00bcber den Wolken sein und morgen zwischen 10 und 11 Uhr in Frankfurt landen. <span style=\"font-size: small;\">Das war\u00c2\u00b4s f\u00c3\u00bcr mich dann leider erstmal\u00c2\u00a0mit dem gro\u00c3\u0178en Auto und ich werde wieder vorwiegend mit meinem kleinen Flitzer unterwegs sein&#8230;<\/span> :wein:<\/p>\n<p><em>Euch allen w\u00c3\u00bcnsche ich ein supersch\u00c3\u00b6nes Wochenende bei diesem Kaiserwetter &#8211; auch wenn es morgens so kalt ist, dass wir wohl schon bald wieder kratzen k\u00c3\u00b6nnen.<\/em> :winke:<\/p>\n","protected":false},"excerpt":{"rendered":"<p>Und schon sind wir im 4. Quartal des Jahres angelangt &#8211; der Herbst l\u00c3\u00a4sst sich nicht mehr leugnen und auch die gr\u00c3\u00b6\u00c3\u0178ten Sonnenanbeter m\u00c3\u00bcssen sich damit arrangieren, dass der Sommer nun endg\u00c3\u00bcltig vorbei ist. Die Uhr dreht sich immer weiter und weiter und nur noch 6x (mit dem gestrigen Tag) ruft die liebe Sylvia zu Ihrem Projekt Alles f\u00c3\u00bcr die Katz auf. Ich bin wieder ein kleines bisschen zu sp\u00c3\u00a4t, aber nat\u00c3\u00bcrlich bin ich sehr gerne dabei. :catlove:<\/p>\n","protected":false},"author":1,"featured_media":0,"comment_status":"open","ping_status":"open","sticky":false,"template":"","format":"standard","meta":{"_jetpack_newsletter_access":"","_jetpack_dont_email_post_to_subs":false,"_jetpack_newsletter_tier_id":0,"_jetpack_memberships_contains_paywalled_content":false,"_jetpack_memberships_contains_paid_content":false,"footnotes":""},"categories":[819,728],"tags":[750,751,39,30,353,418],"class_list":["post-15852","post","type-post","status-publish","format-standard","hentry","category-alles-fuer-die-katz","category-cat-corner","tag-alles-fuer-die-katz","tag-fotoprojekt","tag-katzen","tag-maine-coon","tag-nala","tag-padano"],"jetpack_sharing_enabled":true,"jetpack_shortlink":"https:\/\/wp.me\/pq7aY-47G","jetpack_likes_enabled":true,"jetpack-related-posts":[],"jetpack_featured_media_url":"","_links":{"self":[{"href":"https:\/\/terragina.de\/blog\/wp-json\/wp\/v2\/posts\/15852","targetHints":{"allow":["GET"]}}],"collection":[{"href":"https:\/\/terragina.de\/blog\/wp-json\/wp\/v2\/posts"}],"about":[{"href":"https:\/\/terragina.de\/blog\/wp-json\/wp\/v2\/types\/post"}],"author":[{"embeddable":true,"href":"https:\/\/terragina.de\/blog\/wp-json\/wp\/v2\/users\/1"}],"replies":[{"embeddable":true,"href":"https:\/\/terragina.de\/blog\/wp-json\/wp\/v2\/comments?post=15852"}],"version-history":[{"count":0,"href":"https:\/\/terragina.de\/blog\/wp-json\/wp\/v2\/posts\/15852\/revisions"}],"wp:attachment":[{"href":"https:\/\/terragina.de\/blog\/wp-json\/wp\/v2\/media?parent=15852"}],"wp:term":[{"taxonomy":"category","embeddable":true,"href":"https:\/\/terragina.de\/blog\/wp-json\/wp\/v2\/categories?post=15852"},{"taxonomy":"post_tag","embeddable":true,"href":"https:\/\/terragina.de\/blog\/wp-json\/wp\/v2\/tags?post=15852"}],"curies":[{"name":"wp","href":"https:\/\/api.w.org\/{rel}","templated":true}]}}