{"id":15905,"date":"2015-10-10T13:34:28","date_gmt":"2015-10-10T11:34:28","guid":{"rendered":"http:\/\/terragina.de\/blog\/?p=15905"},"modified":"2015-10-17T16:18:54","modified_gmt":"2015-10-17T14:18:54","slug":"heute-gibt-es-quiche","status":"publish","type":"post","link":"https:\/\/terragina.de\/blog\/2015\/10\/10\/heute-gibt-es-quiche\/","title":{"rendered":"Heute gibt es Quiche"},"content":{"rendered":"<p>Ein trauriger Samstag ist das, wenn ich so aus dem Fenster schaue. Und f\u00c3\u00bcr mich hat er auch nicht so toll angefangen, denn irgendwie schmerzte heute fr\u00c3\u00bch die Wunde mehr als in den letzten Tagen. :noidea: Ich hoffe dringend, dass das nur noch ein kurzes Aufb\u00c3\u00a4umen ist, denn ich habe keine Lust, noch einmal zum Doc zu fahren. Nicht zuletzt, weil ich am Montag wieder zur Arbeit m\u00c3\u00b6chte. Mit einer Ibu geht es aber ganz gut. ;-)<!--more--><\/p>\n<p>W\u00c3\u00a4hrend die M\u00c3\u00a4nner oben den gro\u00c3\u0178en Kleiderschrank ausr\u00c3\u00a4umten, viele Dinge entsorgten und sortierten, habe ich mich in der K\u00c3\u00bcche vergn\u00c3\u00bcgt. Erst habe ich dieses <a href=\"http:\/\/www.chefkoch.de\/rezepte\/970301202716841\/Suesse-Lasagne.html\" target=\"_blank\">Dessert<\/a> gezaubert und direkt im Anschluss unser Mittagessen zubereitet.<\/p>\n<p><a href=\"http:\/\/terragina.de\/blog\/wp-content\/uploads\/2015\/10\/lauch_quiche-1.jpg\" rel=\"lightbox[15905]\"><img loading=\"lazy\" decoding=\"async\" class=\"aligncenter size-full wp-image-15906\" src=\"http:\/\/terragina.de\/blog\/wp-content\/uploads\/2015\/10\/lauch_quiche-1.jpg\" alt=\"lauch_quiche-1\" width=\"450\" height=\"300\" srcset=\"https:\/\/terragina.de\/blog\/wp-content\/uploads\/2015\/10\/lauch_quiche-1.jpg 900w, https:\/\/terragina.de\/blog\/wp-content\/uploads\/2015\/10\/lauch_quiche-1-840x560.jpg 840w, https:\/\/terragina.de\/blog\/wp-content\/uploads\/2015\/10\/lauch_quiche-1-800x533.jpg 800w\" sizes=\"auto, (max-width: 450px) 100vw, 450px\" \/><\/a><\/p>\n<p><a href=\"http:\/\/terragina.de\/blog\/wp-content\/uploads\/2015\/10\/lauch_quiche-2.jpg\" rel=\"lightbox[15905]\"><img loading=\"lazy\" decoding=\"async\" class=\"aligncenter size-full wp-image-15907\" src=\"http:\/\/terragina.de\/blog\/wp-content\/uploads\/2015\/10\/lauch_quiche-2.jpg\" alt=\"lauch_quiche-2\" width=\"450\" height=\"300\" srcset=\"https:\/\/terragina.de\/blog\/wp-content\/uploads\/2015\/10\/lauch_quiche-2.jpg 900w, https:\/\/terragina.de\/blog\/wp-content\/uploads\/2015\/10\/lauch_quiche-2-840x560.jpg 840w, https:\/\/terragina.de\/blog\/wp-content\/uploads\/2015\/10\/lauch_quiche-2-800x533.jpg 800w\" sizes=\"auto, (max-width: 450px) 100vw, 450px\" \/><\/a><\/p>\n<p>Wir haben diese Quiche f\u00c3\u00bcr \u00c3\u00a4u\u00c3\u0178erst lecker empfunden und da ich nichts gro\u00c3\u0178artig ge\u00c3\u00a4ndert habe, ausser dass ich noch einen Rest Speckw\u00c3\u00bcrfelchen zugef\u00c3\u00bcgt habe, der noch im K\u00c3\u00bchlschrank war, gibt es auch bei mir\u00c2\u00a0nur einen Link zur\u00c2\u00a0<a href=\"http:\/\/www.chefkoch.de\/rezepte\/472291140790824\/Lauchtorte.html\" target=\"_blank\">Lauch-Quiche<\/a>\u00c2\u00a0&#8211; dem Rezept ist nichts hinzuzuf\u00c3\u00bcgen. Der Teig ist sch\u00c3\u00b6n geschmeidig und l\u00c3\u00a4sst sich prima zwischen zwei St\u00c3\u00bcckchen Frischhaltefolie ausrollen und ein wenig mehr Feta <em>&#8211; ich habe die ganze Packung, also 150 g genommen &#8211;<\/em> hat dem Geschmack auch nicht geschadet.<\/p>\n<p>Ansonsten ist heute nichts mehr geplant, au\u00c3\u0178er dass ich gemeinsam mit dem Hobbykoch sp\u00c3\u00a4ter noch ein paar Dinge durchsehen werde. F\u00c3\u00bcr den Schrank-Abbau sind dann wieder die M\u00c3\u00a4nner zust\u00c3\u00a4ndig, vielleicht morgen, vielleicht dauert es aber auch noch etwas l\u00c3\u00a4nger.<\/p>\n<p>Ich werde jetzt ein wenig fernsehen, im Moment haben es mir die Jane-Austen-Filme, <a href=\"https:\/\/goo.gl\/Zp9kvO\" target=\"_blank\">Stolz und Vorurteil<\/a> und <a href=\"https:\/\/goo.gl\/Ohi1Uc\" target=\"_blank\">Emma<\/a>, angetan und vielleicht schaue ich mir noch die beiden Mini-Serien an. Nat\u00c3\u00bcrlich nicht alles heute, aber ich habe sie zumindest schon einmal meiner Watchlist zugef\u00c3\u00bcgt. :yes1:<\/p>\n<p>Da es f\u00c3\u00bcr den Moment sonst nichts Weltbewegendes zu erz\u00c3\u00a4hlen gibt und Ihr an einem Samstag sicher Besseres zu tun habt, verabschiede ich mich auch schon wieder von Euch.<\/p>\n<p style=\"text-align: center;\"><em>Macht Euch einen sch\u00c3\u00b6nen Tag! :bye:<\/em><\/p>\n","protected":false},"excerpt":{"rendered":"<p>Ein trauriger Samstag ist das, wenn ich so aus dem Fenster schaue. Und f\u00c3\u00bcr mich hat er auch nicht so toll angefangen, denn irgendwie schmerzte heute fr\u00c3\u00bch die Wunde mehr als in den letzten Tagen. :noidea: Ich hoffe dringend, dass das nur noch ein kurzes Aufb\u00c3\u00a4umen ist, denn ich habe keine Lust, noch einmal zum Doc zu fahren. Nicht zuletzt, weil ich am Montag wieder zur Arbeit m\u00c3\u00b6chte. Mit einer Ibu geht es aber ganz gut. ;-)<\/p>\n","protected":false},"author":1,"featured_media":0,"comment_status":"open","ping_status":"open","sticky":false,"template":"","format":"standard","meta":{"_jetpack_newsletter_access":"","_jetpack_dont_email_post_to_subs":false,"_jetpack_newsletter_tier_id":0,"_jetpack_memberships_contains_paywalled_content":false,"_jetpack_memberships_contains_paid_content":false,"footnotes":""},"categories":[7,114],"tags":[998,667],"class_list":["post-15905","post","type-post","status-publish","format-standard","hentry","category-leckeres","category-plauderecke","tag-backofen","tag-quiche"],"jetpack_sharing_enabled":true,"jetpack_shortlink":"https:\/\/wp.me\/pq7aY-48x","jetpack_likes_enabled":true,"jetpack-related-posts":[],"jetpack_featured_media_url":"","_links":{"self":[{"href":"https:\/\/terragina.de\/blog\/wp-json\/wp\/v2\/posts\/15905","targetHints":{"allow":["GET"]}}],"collection":[{"href":"https:\/\/terragina.de\/blog\/wp-json\/wp\/v2\/posts"}],"about":[{"href":"https:\/\/terragina.de\/blog\/wp-json\/wp\/v2\/types\/post"}],"author":[{"embeddable":true,"href":"https:\/\/terragina.de\/blog\/wp-json\/wp\/v2\/users\/1"}],"replies":[{"embeddable":true,"href":"https:\/\/terragina.de\/blog\/wp-json\/wp\/v2\/comments?post=15905"}],"version-history":[{"count":0,"href":"https:\/\/terragina.de\/blog\/wp-json\/wp\/v2\/posts\/15905\/revisions"}],"wp:attachment":[{"href":"https:\/\/terragina.de\/blog\/wp-json\/wp\/v2\/media?parent=15905"}],"wp:term":[{"taxonomy":"category","embeddable":true,"href":"https:\/\/terragina.de\/blog\/wp-json\/wp\/v2\/categories?post=15905"},{"taxonomy":"post_tag","embeddable":true,"href":"https:\/\/terragina.de\/blog\/wp-json\/wp\/v2\/tags?post=15905"}],"curies":[{"name":"wp","href":"https:\/\/api.w.org\/{rel}","templated":true}]}}