{"id":15966,"date":"2015-10-21T16:37:43","date_gmt":"2015-10-21T14:37:43","guid":{"rendered":"http:\/\/terragina.de\/blog\/?p=15966"},"modified":"2015-10-21T16:41:35","modified_gmt":"2015-10-21T14:41:35","slug":"gartenfreuden-2","status":"publish","type":"post","link":"https:\/\/terragina.de\/blog\/2015\/10\/21\/gartenfreuden-2\/","title":{"rendered":"Gartenfreuden"},"content":{"rendered":"<p>Auch wenn das Wetter nicht wirklich sch\u00c3\u00b6n ist und die Sonne sich nicht wirklich zeigen m\u00c3\u00b6chte, so habe ich doch eben ein wenig Herbst in unserem kleinen Garten geknipst. Die <em>Endless Summer <\/em> erfreut uns mit der wahrscheinlich letzten Bl\u00c3\u00bcte in diesem Jahr &#8211; lange werden wir uns wohl nicht mehr daran erfreuen k\u00c3\u00b6nnen.<!--more--><\/p>\n<p><a href=\"http:\/\/terragina.de\/blog\/wp-content\/uploads\/2015\/10\/endless_summer.jpg\" rel=\"lightbox[15966]\"><img loading=\"lazy\" decoding=\"async\" src=\"http:\/\/terragina.de\/blog\/wp-content\/uploads\/2015\/10\/endless_summer.jpg\" alt=\"endless_summer\" width=\"450\" height=\"450\" class=\"aligncenter size-full wp-image-15967\" srcset=\"https:\/\/terragina.de\/blog\/wp-content\/uploads\/2015\/10\/endless_summer.jpg 800w, https:\/\/terragina.de\/blog\/wp-content\/uploads\/2015\/10\/endless_summer-120x120.jpg 120w\" sizes=\"auto, (max-width: 450px) 100vw, 450px\" \/><\/a><\/p>\n<p>Auch der Dogwood zaubert mir ein L\u00c3\u00a4cheln ins Gesicht &#8211; langsam f\u00c3\u00a4rben sich auch seine Bl\u00c3\u00a4tter intensiv rot.<\/p>\n<p><a href=\"http:\/\/terragina.de\/blog\/wp-content\/uploads\/2015\/10\/dogwood.jpg\" rel=\"lightbox[15966]\"><img loading=\"lazy\" decoding=\"async\" src=\"http:\/\/terragina.de\/blog\/wp-content\/uploads\/2015\/10\/dogwood.jpg\" alt=\"dogwood\" width=\"450\" height=\"450\" class=\"aligncenter size-full wp-image-15969\" srcset=\"https:\/\/terragina.de\/blog\/wp-content\/uploads\/2015\/10\/dogwood.jpg 800w, https:\/\/terragina.de\/blog\/wp-content\/uploads\/2015\/10\/dogwood-120x120.jpg 120w\" sizes=\"auto, (max-width: 450px) 100vw, 450px\" \/><\/a><\/p>\n<p>Der eigentliche Plan war ja, an einem Wochenende in den nahegelegenen Taunus zu fahren und dort einen sch\u00c3\u00b6nen Herbstspaziergang zu machen &#8211; nat\u00c3\u00bcrlich mit der gro\u00c3\u0178en Kamera in der Tasche. Aus unterschiedlichen Gr\u00c3\u00bcnden klappte das nicht am vergangenen Wochenende und auch am kommenden werden wir wohl kaum Zeit daf\u00c3\u00bcr finden, weil im Haus eine Renovierung ansteht. Auch wenn mir frische Taunusluft, Sonne und leuchtendes Laub wesentlich besser gefallen w\u00c3\u00bcrde als Tapete von der Wand kratzen und tapezieren. Nun denn &#8211; wie sage ich immer so sch\u00c3\u00b6n: <em>\u00e2\u20ac\u017eEs ist, wie es ist!&#8220;<\/em>  :D <\/p>\n<p><em>Ihr hattet hoffentlich einen sch\u00c3\u00b6nen Tag?<\/em> F\u00c3\u00bcr mich geht ein weiterer Schulungstag zu Ende und ich kann im Nachhinein sagen, es war sehr interessant und hat sogar Spa\u00c3\u0178 gemacht.  :good: <\/p>\n<p>Und auch wenn der gestrige Tag ziemlich lang wurde, so freue ich mich jetzt einfach auf morgen, wo ich aufgrund der angesammelten \u00c3\u0153berstunden wohl etwas fr\u00c3\u00bcher Feierabend habe und das Wochenende einl\u00c3\u00a4uten kann. So der Plan &#8211; mal sehen, ob ich ihn in die Tat umsetzen kann.<\/p>\n","protected":false},"excerpt":{"rendered":"<p>Auch wenn das Wetter nicht wirklich sch\u00c3\u00b6n ist und die Sonne sich nicht wirklich zeigen m\u00c3\u00b6chte, so habe ich doch eben ein wenig Herbst in unserem kleinen Garten geknipst. Die Endless Summer erfreut uns mit der wahrscheinlich letzten Bl\u00c3\u00bcte in diesem Jahr &#8211; lange werden wir uns wohl nicht mehr daran erfreuen k\u00c3\u00b6nnen.<\/p>\n","protected":false},"author":1,"featured_media":0,"comment_status":"open","ping_status":"open","sticky":false,"template":"","format":"standard","meta":{"_jetpack_newsletter_access":"","_jetpack_dont_email_post_to_subs":false,"_jetpack_newsletter_tier_id":0,"_jetpack_memberships_contains_paywalled_content":false,"_jetpack_memberships_contains_paid_content":false,"footnotes":""},"categories":[2,114],"tags":[421,78,226],"class_list":["post-15966","post","type-post","status-publish","format-standard","hentry","category-foto","category-plauderecke","tag-fotoalbum","tag-natur","tag-pflanzen"],"jetpack_sharing_enabled":true,"jetpack_shortlink":"https:\/\/wp.me\/pq7aY-49w","jetpack_likes_enabled":true,"jetpack-related-posts":[],"jetpack_featured_media_url":"","_links":{"self":[{"href":"https:\/\/terragina.de\/blog\/wp-json\/wp\/v2\/posts\/15966","targetHints":{"allow":["GET"]}}],"collection":[{"href":"https:\/\/terragina.de\/blog\/wp-json\/wp\/v2\/posts"}],"about":[{"href":"https:\/\/terragina.de\/blog\/wp-json\/wp\/v2\/types\/post"}],"author":[{"embeddable":true,"href":"https:\/\/terragina.de\/blog\/wp-json\/wp\/v2\/users\/1"}],"replies":[{"embeddable":true,"href":"https:\/\/terragina.de\/blog\/wp-json\/wp\/v2\/comments?post=15966"}],"version-history":[{"count":0,"href":"https:\/\/terragina.de\/blog\/wp-json\/wp\/v2\/posts\/15966\/revisions"}],"wp:attachment":[{"href":"https:\/\/terragina.de\/blog\/wp-json\/wp\/v2\/media?parent=15966"}],"wp:term":[{"taxonomy":"category","embeddable":true,"href":"https:\/\/terragina.de\/blog\/wp-json\/wp\/v2\/categories?post=15966"},{"taxonomy":"post_tag","embeddable":true,"href":"https:\/\/terragina.de\/blog\/wp-json\/wp\/v2\/tags?post=15966"}],"curies":[{"name":"wp","href":"https:\/\/api.w.org\/{rel}","templated":true}]}}