{"id":15973,"date":"2015-10-22T17:33:19","date_gmt":"2015-10-22T15:33:19","guid":{"rendered":"http:\/\/terragina.de\/blog\/?p=15973"},"modified":"2015-10-22T18:46:18","modified_gmt":"2015-10-22T16:46:18","slug":"planaenderung","status":"publish","type":"post","link":"https:\/\/terragina.de\/blog\/2015\/10\/22\/planaenderung\/","title":{"rendered":"Plan\u00c3\u00a4nderung"},"content":{"rendered":"<p>Eigentlich hatte ich heute nach meinem fr\u00c3\u00bchen Feierabend vor, den Nachmittag rundum zu genie\u00c3\u0178en. Aber wie sage ich immer sch\u00c3\u00b6n: <em>\u00e2\u20ac\u017eErstens kommt es anders und zweitens als man denkt&#8220;<\/em>. Dabei fing der Mittag wirklich sch\u00c3\u00b6n an.<!--more--><\/p>\n<p>Um 12 Uhr fiel der Arbeitshammer und ich dachte mir so, ich k\u00c3\u00b6nnte eine kleine Runde durch mein Lieblings-Einkaufszentrum drehen. Ein paar wenige Dinge gab es zu tun &#8211; nichts Erw\u00c3\u00a4hnenswertes &#8211; und alles sollte binnen 30 Minuten gut zu erledigen sein.<\/p>\n<p>Im Zentrum fand ich auch meine Bilder des Tages, denn es findet gerade eine gro\u00c3\u0178e <a href=\"http:\/\/www.nwz-frankfurt.de\/aktuelles-veranstaltungen\/artikel\/kuerbisaktion-2015\/\" target=\"_blank\">K\u00c3\u00bcrbisaktion<\/a> statt.<\/p>\n<p><a href=\"http:\/\/terragina.de\/blog\/wp-content\/uploads\/2015\/10\/kuerbisschaf_01.jpg\" rel=\"lightbox[15973]\"><img loading=\"lazy\" decoding=\"async\" src=\"http:\/\/terragina.de\/blog\/wp-content\/uploads\/2015\/10\/kuerbisschaf_01.jpg\" alt=\"kuerbisschaf_01\" width=\"300\" height=\"400\" class=\"aligncenter size-full wp-image-15977\" srcset=\"https:\/\/terragina.de\/blog\/wp-content\/uploads\/2015\/10\/kuerbisschaf_01.jpg 600w, https:\/\/terragina.de\/blog\/wp-content\/uploads\/2015\/10\/kuerbisschaf_01-420x560.jpg 420w\" sizes=\"auto, (max-width: 300px) 100vw, 300px\" \/><\/a><\/p>\n<p><a href=\"http:\/\/terragina.de\/blog\/wp-content\/uploads\/2015\/10\/kuerbisschaf_00.jpg\" rel=\"lightbox[15973]\"><img loading=\"lazy\" decoding=\"async\" src=\"http:\/\/terragina.de\/blog\/wp-content\/uploads\/2015\/10\/kuerbisschaf_00.jpg\" alt=\"kuerbisschaf_00\" width=\"400\" height=\"300\" class=\"aligncenter size-full wp-image-15975\" \/><\/a><\/p>\n<p><a href=\"http:\/\/terragina.de\/blog\/wp-content\/uploads\/2015\/10\/kuerbisziege.jpg\" rel=\"lightbox[15973]\"><img loading=\"lazy\" decoding=\"async\" src=\"http:\/\/terragina.de\/blog\/wp-content\/uploads\/2015\/10\/kuerbisziege.jpg\" alt=\"kuerbisziege\" width=\"400\" height=\"300\" class=\"aligncenter size-full wp-image-15976\" \/><\/a><\/p>\n<p><em>Anmerkung der Redaktion (aus gegebenem Anlass):<\/em> Hierbei handelt es sich <strong>nicht<\/strong> um Knoblauch!<\/p>\n<p>Ich h\u00c3\u00a4tte noch ein paar mehr tierische k\u00c3\u00bcrbisartige Bewohner der Arche Noah fotografieren k\u00c3\u00b6nnen aber es waren mir zu viele Menschen mit auf dem Bild.  :pfeif: <\/p>\n<p>Weniger erfreulich war dann die Entdeckung, die ich zu Hause gemacht habe. Eigentlich wollte ich nur meine Feedreaderliste durchgehen und Euch besuchen, aber vorher wollte ich noch schnell das Display meines Macbooks reinigen. als ich das hier sah:<\/p>\n<p><a href=\"http:\/\/terragina.de\/blog\/wp-content\/uploads\/2015\/10\/mbp_display.jpg\" rel=\"lightbox[15973]\"><img loading=\"lazy\" decoding=\"async\" src=\"http:\/\/terragina.de\/blog\/wp-content\/uploads\/2015\/10\/mbp_display.jpg\" alt=\"mbp_display\" width=\"287\" height=\"450\" class=\"aligncenter size-full wp-image-15974\" \/><\/a><\/p>\n<p>Das Kuriose: Dieser merkw\u00c3\u00bcrdige Fleck \u00c3\u00bcber der Kamera wird immer gr\u00c3\u00b6\u00c3\u0178er, je \u00c3\u00b6fter ich mit einem weichen Mikrofasertuch dar\u00c3\u00bcber wische.  :wein:  Ein wenig Recherche im Web ergab, dass ich wohl nicht alleine bin mit diesem Problem und erst vor ca. 2 Wochen erkl\u00c3\u00a4rte sich der gro\u00c3\u0178e Apfel dazu bereit, betroffene Displays, bei denen sich offensichtlich erst nach einer ganzen Weile der Anti-Reflexions-Schutz des Retina-Displays aufl\u00c3\u00b6st, auszutauschen.  Mehr Infos zum Thema gibt es z.B. <a href=\"http:\/\/www.giga.de\/laptops\/macbook-pro-mit-13-zoll-retina-display\/news\/staingate-apple-tauscht-retina-macbook-displays-mit-flecken-kostenlos-aus\/\" target=\"_blank\">hier<\/a>.<\/p>\n<p>Nat\u00c3\u00bcrlich habe ich mich direkt an die Strippe geh\u00c3\u00a4ngt und erstmal beim Apfel angerufen. \u00c3\u0153ber eine halbe Stunde war ich in der Warteschleife, bis ich endlich jemanden vom Support in der Leitung hatte. Und in der Tat: Das Problem besteht, wurde erkannt und alle Apple-Stores wurden angewiesen, kostenlos die Displays der MBPs, 13 und 15&#8243;, der letzten drei Jahre zu tauschen, sollte das Problem bei entsprechenden Ger\u00c3\u00a4ten festzustellen sein.<\/p>\n<p>Fazit: Ich habe am n\u00c3\u00a4chsten Mittwoch einen Termin an der Genius-Bar und nun hoffe ich inst\u00c3\u00a4ndig, dass es wirklich das Problem ist und ich mein geliebtes Macbook dann mit einem sch\u00c3\u00b6nen, jungfr\u00c3\u00a4ulichen Display zur\u00c3\u00bcck bekomme. Sehr unsch\u00c3\u00b6n w\u00c3\u00a4re es n\u00c3\u00a4mlich, wenn die Geniusberater mir sagen, dass diese merkw\u00c3\u00bcrdigen Flecken eine andere Ursache haben und ich damit leben muss. :wacko: <\/p>\n<p><em>Und \u00c3\u00bcber meinen freien Nachmittag, den ich mit doofen Telefonaten verbracht habe anstatt ihn in vollen Z\u00c3\u00bcgen zu genie\u00c3\u0178en, reden wir jetzt lieber nicht mehr&#8230;<\/em><\/p>\n","protected":false},"excerpt":{"rendered":"<p>Eigentlich hatte ich heute nach meinem fr\u00c3\u00bchen Feierabend vor, den Nachmittag rundum zu genie\u00c3\u0178en. Aber wie sage ich immer sch\u00c3\u00b6n: \u00e2\u20ac\u017eErstens kommt es anders und zweitens als man denkt&#8220;. Dabei fing der Mittag wirklich sch\u00c3\u00b6n an.<\/p>\n","protected":false},"author":1,"featured_media":0,"comment_status":"open","ping_status":"open","sticky":false,"template":"","format":"standard","meta":{"_jetpack_newsletter_access":"","_jetpack_dont_email_post_to_subs":false,"_jetpack_newsletter_tier_id":0,"_jetpack_memberships_contains_paywalled_content":false,"_jetpack_memberships_contains_paid_content":false,"footnotes":""},"categories":[2,70],"tags":[71,422,36,1004],"class_list":["post-15973","post","type-post","status-publish","format-standard","hentry","category-foto","category-rund_um_den_mac","tag-apple","tag-fotos","tag-herbst","tag-macbook"],"jetpack_sharing_enabled":true,"jetpack_shortlink":"https:\/\/wp.me\/pq7aY-49D","jetpack_likes_enabled":true,"jetpack-related-posts":[],"jetpack_featured_media_url":"","_links":{"self":[{"href":"https:\/\/terragina.de\/blog\/wp-json\/wp\/v2\/posts\/15973","targetHints":{"allow":["GET"]}}],"collection":[{"href":"https:\/\/terragina.de\/blog\/wp-json\/wp\/v2\/posts"}],"about":[{"href":"https:\/\/terragina.de\/blog\/wp-json\/wp\/v2\/types\/post"}],"author":[{"embeddable":true,"href":"https:\/\/terragina.de\/blog\/wp-json\/wp\/v2\/users\/1"}],"replies":[{"embeddable":true,"href":"https:\/\/terragina.de\/blog\/wp-json\/wp\/v2\/comments?post=15973"}],"version-history":[{"count":0,"href":"https:\/\/terragina.de\/blog\/wp-json\/wp\/v2\/posts\/15973\/revisions"}],"wp:attachment":[{"href":"https:\/\/terragina.de\/blog\/wp-json\/wp\/v2\/media?parent=15973"}],"wp:term":[{"taxonomy":"category","embeddable":true,"href":"https:\/\/terragina.de\/blog\/wp-json\/wp\/v2\/categories?post=15973"},{"taxonomy":"post_tag","embeddable":true,"href":"https:\/\/terragina.de\/blog\/wp-json\/wp\/v2\/tags?post=15973"}],"curies":[{"name":"wp","href":"https:\/\/api.w.org\/{rel}","templated":true}]}}