{"id":16214,"date":"2015-12-01T16:55:39","date_gmt":"2015-12-01T15:55:39","guid":{"rendered":"http:\/\/terragina.de\/blog\/?p=16214"},"modified":"2015-12-01T17:11:43","modified_gmt":"2015-12-01T16:11:43","slug":"was-ist-schoen-im-advent","status":"publish","type":"post","link":"https:\/\/terragina.de\/blog\/2015\/12\/01\/was-ist-schoen-im-advent\/","title":{"rendered":"Was ist sch\u00c3\u00b6n im Advent?"},"content":{"rendered":"<p>F\u00c3\u00bcr mich war heute einiges sch\u00c3\u00b6n im Advent.<\/p>\n<ul>\n<li>Das Aufwachen ohne Wecker, dann bin ich immer besonders fit &#8211; auch wenn es sehr fr\u00c3\u00bch war.  :zunge: <\/li>\n<li>Lichter und Sterne auf der Fahrt ins B\u00c3\u00bcro. <em>Auff\u00c3\u00a4llig ist, dass es kaum noch kitschig-bunte Weihnachtsdeko gibt.<\/em><\/li>\n<li>L\u00c3\u00a4chelnde Kollegen.<\/li>\n<li>Mein Mini-Weihnachtsb\u00c3\u00a4umchen im B\u00c3\u00bcro, das bestimmt schon 15 Jahre alt ist. Ausser einem nicht mehr ganz funktionierenden L\u00c3\u00a4mpchen ist es noch immer sch\u00c3\u00b6n anzuschauen. <em>Leider half da auch kein Austausch des L\u00c3\u00a4mpchens&#8230;<\/em>  :noidea: <\/li>\n<\/ul>\n<p><!--more--><\/p>\n<p><a href=\"http:\/\/terragina.de\/blog\/wp-content\/uploads\/2015\/12\/weihnachtsbaeumchen.jpg\" rel=\"lightbox[16214]\"><img loading=\"lazy\" decoding=\"async\" src=\"http:\/\/terragina.de\/blog\/wp-content\/uploads\/2015\/12\/weihnachtsbaeumchen.jpg\" alt=\"weihnachtsbaeumchen\" width=\"450\" height=\"450\" class=\"aligncenter size-full wp-image-16213\" srcset=\"https:\/\/terragina.de\/blog\/wp-content\/uploads\/2015\/12\/weihnachtsbaeumchen.jpg 800w, https:\/\/terragina.de\/blog\/wp-content\/uploads\/2015\/12\/weihnachtsbaeumchen-120x120.jpg 120w\" sizes=\"auto, (max-width: 450px) 100vw, 450px\" \/><\/a><\/p>\n<ul>\n<li>Die Mittagspause mit einer lieben Kollegin im Caf\u00c3\u00a9 verbringen und freuen, dass auch dort ein geschm\u00c3\u00bcckter Baum steht.<\/li>\n<li>Gemeinsam leckere Pl\u00c3\u00a4tzchen essen und dazu eine gro\u00c3\u0178e Tasse Milchkaffee genie\u00c3\u0178en.<\/li>\n<li>Der kleine Nikolaus, den ich v\u00c3\u00b6llig \u00c3\u00bcberraschend geschenkt bekommen habe. \u00e2\u2122\u00a5\u00ef\u00b8\u017d<\/li>\n<li>Das Telefonat mit dem Tochterkind.<\/li>\n<\/ul>\n<p><a href=\"http:\/\/terragina.de\/blog\/wp-content\/uploads\/2015\/12\/baum_cafe.jpg\" rel=\"lightbox[16214]\"><img loading=\"lazy\" decoding=\"async\" src=\"http:\/\/terragina.de\/blog\/wp-content\/uploads\/2015\/12\/baum_cafe.jpg\" alt=\"baum_cafe\" width=\"450\" height=\"600\" class=\"aligncenter size-full wp-image-16212\" srcset=\"https:\/\/terragina.de\/blog\/wp-content\/uploads\/2015\/12\/baum_cafe.jpg 600w, https:\/\/terragina.de\/blog\/wp-content\/uploads\/2015\/12\/baum_cafe-420x560.jpg 420w\" sizes=\"auto, (max-width: 450px) 100vw, 450px\" \/><\/a><\/p>\n<ul>\n<li>P\u00c3\u00bcnktlich Feierabend machen und gem\u00c3\u00bctlich und ganz ohne Stau nach Hause fahren.<\/li>\n<li>Aus dem Briefkasten eine selbstgemachte Adventskarte mit sehr lieben Worten fischen. <em>Vielen lieben Dank, liebe nima, ich habe mich riesig gefreut und man sieht, wie viel Liebe da drin steckt! Hach&#8230;<\/em> :heart:<\/li>\n<li>Die Schwippb\u00c3\u00b6gen anknipsen und ein wenig Weihnachtsmusik.<\/li>\n<li>Eine sch\u00c3\u00b6ne Tasse Tee.<\/li>\n<li>Ein gem\u00c3\u00bctlicher Abend auf der Couch mit dem Hobbykoch und Kerzenschein von der Lieblingsduftkerze.<\/li>\n<\/ul>\n<p><a href=\"http:\/\/terragina.de\/blog\/wp-content\/uploads\/2015\/12\/adventskarte.jpg\" rel=\"lightbox[16214]\"><img loading=\"lazy\" decoding=\"async\" src=\"http:\/\/terragina.de\/blog\/wp-content\/uploads\/2015\/12\/adventskarte.jpg\" alt=\"adventskarte\" width=\"450\" height=\"600\" class=\"aligncenter size-full wp-image-16211\" srcset=\"https:\/\/terragina.de\/blog\/wp-content\/uploads\/2015\/12\/adventskarte.jpg 600w, https:\/\/terragina.de\/blog\/wp-content\/uploads\/2015\/12\/adventskarte-420x560.jpg 420w\" sizes=\"auto, (max-width: 450px) 100vw, 450px\" \/><\/a><\/p>\n<p><em>Ich hoffe, Ihr hattet auch so einen sch\u00c3\u00b6nen Dienstag und k\u00c3\u00b6nnt die Adventsstimmung ein wenig genie\u00c3\u0178en.<\/em> :bye:<\/p>\n","protected":false},"excerpt":{"rendered":"<p>F\u00c3\u00bcr mich war heute einiges sch\u00c3\u00b6n im Advent. Das Aufwachen ohne Wecker, dann bin ich immer besonders fit &#8211; auch wenn es sehr fr\u00c3\u00bch war. :zunge: Lichter und Sterne auf der Fahrt ins B\u00c3\u00bcro. Auff\u00c3\u00a4llig ist, dass es kaum noch kitschig-bunte Weihnachtsdeko gibt. L\u00c3\u00a4chelnde Kollegen. Mein Mini-Weihnachtsb\u00c3\u00a4umchen im B\u00c3\u00bcro, das bestimmt schon 15 Jahre alt ist. Ausser einem nicht mehr ganz funktionierenden L\u00c3\u00a4mpchen ist es noch immer sch\u00c3\u00b6n anzuschauen. Leider half da auch kein Austausch des L\u00c3\u00a4mpchens&#8230; :noidea:<\/p>\n","protected":false},"author":1,"featured_media":0,"comment_status":"open","ping_status":"open","sticky":false,"template":"","format":"standard","meta":{"_jetpack_newsletter_access":"","_jetpack_dont_email_post_to_subs":false,"_jetpack_newsletter_tier_id":0,"_jetpack_memberships_contains_paywalled_content":false,"_jetpack_memberships_contains_paid_content":false,"footnotes":""},"categories":[114],"tags":[1007,421],"class_list":["post-16214","post","type-post","status-publish","format-standard","hentry","category-plauderecke","tag-advent","tag-fotoalbum"],"jetpack_sharing_enabled":true,"jetpack_shortlink":"https:\/\/wp.me\/pq7aY-4dw","jetpack_likes_enabled":true,"jetpack-related-posts":[],"jetpack_featured_media_url":"","_links":{"self":[{"href":"https:\/\/terragina.de\/blog\/wp-json\/wp\/v2\/posts\/16214","targetHints":{"allow":["GET"]}}],"collection":[{"href":"https:\/\/terragina.de\/blog\/wp-json\/wp\/v2\/posts"}],"about":[{"href":"https:\/\/terragina.de\/blog\/wp-json\/wp\/v2\/types\/post"}],"author":[{"embeddable":true,"href":"https:\/\/terragina.de\/blog\/wp-json\/wp\/v2\/users\/1"}],"replies":[{"embeddable":true,"href":"https:\/\/terragina.de\/blog\/wp-json\/wp\/v2\/comments?post=16214"}],"version-history":[{"count":0,"href":"https:\/\/terragina.de\/blog\/wp-json\/wp\/v2\/posts\/16214\/revisions"}],"wp:attachment":[{"href":"https:\/\/terragina.de\/blog\/wp-json\/wp\/v2\/media?parent=16214"}],"wp:term":[{"taxonomy":"category","embeddable":true,"href":"https:\/\/terragina.de\/blog\/wp-json\/wp\/v2\/categories?post=16214"},{"taxonomy":"post_tag","embeddable":true,"href":"https:\/\/terragina.de\/blog\/wp-json\/wp\/v2\/tags?post=16214"}],"curies":[{"name":"wp","href":"https:\/\/api.w.org\/{rel}","templated":true}]}}