{"id":16267,"date":"2015-12-09T16:23:57","date_gmt":"2015-12-09T15:23:57","guid":{"rendered":"http:\/\/terragina.de\/blog\/?p=16267"},"modified":"2015-12-09T16:23:57","modified_gmt":"2015-12-09T15:23:57","slug":"mittwochs-geplauder-2","status":"publish","type":"post","link":"https:\/\/terragina.de\/blog\/2015\/12\/09\/mittwochs-geplauder-2\/","title":{"rendered":"Mittwochs-Geplauder"},"content":{"rendered":"<p>Und wieder bin ich vor dem Wecker wach. Kann mir bitte mal jemand sagen, was das soll? Seit letzter Woche Montag geht das nun schon so. :wacko: Aber es ist wie es ist und im Moment wei\u00c3\u0178 ich auch nicht, was ich dagegen tun soll. Also r\u00c3\u00a4ume ich ein wenig im Haushalt rum, schau in die Blogs oder ins Internet im Allgemeinen und trinke ganz in Ruhe meinen Kaffee.<!--more--><\/p>\n<p>Wer in meinem heutigen Blogartikel etwas Tiefgr\u00c3\u00bcndiges sucht &#8211; ich muss Euch leider entt\u00c3\u00a4uschen. Ich blogge einfach vor mich hin, esse dabei einen Keks und genie\u00c3\u0178e eine Pumpkin Spice Latte &#8211; schlie\u00c3\u0178lich habe ich Feierabend. :yes:<\/p>\n<p><em>Und was war heute so?<\/em><\/p>\n<ul>\n<\/ul>\n<ul>\n<li>Endlich habe ich im B\u00c3\u00bcro eine Liste fertig stellen k\u00c3\u00b6nnen, die mich schon seit Tagen, nein Wochen, besch\u00c3\u00a4ftigt. Jetzt kann ich die n\u00c3\u00a4chste in Angriff nehmen&#8230;<\/li>\n<li>Probealarm p\u00c3\u00bcnktlich zur Fr\u00c3\u00bchst\u00c3\u00bcckspause. Aber solche \u00c3\u0153bungen m\u00c3\u00bcssen eben sein.<\/li>\n<li>Weihnachtsfeier der Abteilung. Nette und auch lustige Reden. Ich habe Lachs gegessen mit Wildreis und Brokkoli &#8211; war lecker. Vielleicht der Fisch ein wenig trocken, aber lecker.<\/li>\n<li>Zu Hause ein kleines P\u00c3\u00a4ckchen vorgefunden. Und die Best\u00c3\u00a4tigung einer K\u00c3\u00bcndigung.<\/li>\n<li>Cappuccino gekocht und schnell WordPress aktualisiert. Es scheint auf den ersten Blick alles zu funktionieren.<\/li>\n<li>Gleich m\u00c3\u00b6chte ich einen Salat machen aus Radieschen, \u00c3\u201epfeln und Fr\u00c3\u00bchlingszwiebeln.<\/li>\n<li>Und dann m\u00c3\u00b6chte ich die <a href=\"http:\/\/www.zdf.de\/ZDFmediathek#\/suche\/backen\" target=\"_blank\">Weihnachtsb\u00c3\u00a4cker-Aufzeichnung<\/a> von Johann Lafer gucken. Ja, das ist genau mein Ding und ich finde es faszinierend, was manche Leute da so auf den Weihnachtstisch zaubern.<\/li>\n<li>Sp\u00c3\u00a4ter werde ich mir einen gem\u00c3\u00bctlichen Abend mit dem Sohnemann machen, der Hobbykoch ist mal wieder ein wenig in Deutschland unterwegs und kommt erst morgen wieder.<\/li>\n<li>Und nat\u00c3\u00bcrlich werde ich noch mit dem Tochterkind facetimen.<\/li>\n<\/ul>\n<p style=\"text-align: center;\">:biglove:<\/p>\n<p>Ihr seht &#8211; nichts Spannendes im Hause Terragina &#8211; und deswegen gehe ich jetzt mal in die K\u00c3\u00bcche und zaubere einen kleinen Salat zum Abendbrot.<\/p>\n<p><em>Und Ihr so?<\/em><\/p>\n","protected":false},"excerpt":{"rendered":"<p>Und wieder bin ich vor dem Wecker wach. Kann mir bitte mal jemand sagen, was das soll? Seit letzter Woche Montag geht das nun schon so. :wacko: Aber es ist wie es ist und im Moment wei\u00c3\u0178 ich auch nicht, was ich dagegen tun soll. Also r\u00c3\u00a4ume ich ein wenig im Haushalt rum, schau in die Blogs oder ins Internet im Allgemeinen und trinke ganz in Ruhe meinen Kaffee.<\/p>\n","protected":false},"author":1,"featured_media":0,"comment_status":"open","ping_status":"open","sticky":false,"template":"","format":"standard","meta":{"_jetpack_newsletter_access":"","_jetpack_dont_email_post_to_subs":false,"_jetpack_newsletter_tier_id":0,"_jetpack_memberships_contains_paywalled_content":false,"_jetpack_memberships_contains_paid_content":false,"footnotes":""},"categories":[114,13],"tags":[],"class_list":["post-16267","post","type-post","status-publish","format-standard","hentry","category-plauderecke","category-wordpress"],"jetpack_sharing_enabled":true,"jetpack_shortlink":"https:\/\/wp.me\/pq7aY-4en","jetpack_likes_enabled":true,"jetpack-related-posts":[],"jetpack_featured_media_url":"","_links":{"self":[{"href":"https:\/\/terragina.de\/blog\/wp-json\/wp\/v2\/posts\/16267","targetHints":{"allow":["GET"]}}],"collection":[{"href":"https:\/\/terragina.de\/blog\/wp-json\/wp\/v2\/posts"}],"about":[{"href":"https:\/\/terragina.de\/blog\/wp-json\/wp\/v2\/types\/post"}],"author":[{"embeddable":true,"href":"https:\/\/terragina.de\/blog\/wp-json\/wp\/v2\/users\/1"}],"replies":[{"embeddable":true,"href":"https:\/\/terragina.de\/blog\/wp-json\/wp\/v2\/comments?post=16267"}],"version-history":[{"count":0,"href":"https:\/\/terragina.de\/blog\/wp-json\/wp\/v2\/posts\/16267\/revisions"}],"wp:attachment":[{"href":"https:\/\/terragina.de\/blog\/wp-json\/wp\/v2\/media?parent=16267"}],"wp:term":[{"taxonomy":"category","embeddable":true,"href":"https:\/\/terragina.de\/blog\/wp-json\/wp\/v2\/categories?post=16267"},{"taxonomy":"post_tag","embeddable":true,"href":"https:\/\/terragina.de\/blog\/wp-json\/wp\/v2\/tags?post=16267"}],"curies":[{"name":"wp","href":"https:\/\/api.w.org\/{rel}","templated":true}]}}