{"id":16309,"date":"2015-12-18T07:35:21","date_gmt":"2015-12-18T06:35:21","guid":{"rendered":"http:\/\/terragina.de\/blog\/?p=16309"},"modified":"2015-12-18T07:35:21","modified_gmt":"2015-12-18T06:35:21","slug":"ich-bin-dann-mal-weg-2","status":"publish","type":"post","link":"https:\/\/terragina.de\/blog\/2015\/12\/18\/ich-bin-dann-mal-weg-2\/","title":{"rendered":"Ich bin dann mal weg"},"content":{"rendered":"<p>W\u00c3\u00a4hrend andere noch ein wenig arbeiten m\u00c3\u00bcssen, habe ich gestern meinen letzten Arbeitstag 2015 hinter mich gebracht. :dance:<!--more--><\/p>\n<p>Und weil ich nicht klammheimlich verschwinden m\u00c3\u00b6chte, winke ich Euch mal fr\u00c3\u00b6hlich zu.<\/p>\n<p style=\"text-align: center;\">:winke:<\/p>\n<p>Aufmerksame Leserinnen und Leser wissen, dass ich heute zum Tochterkind nach Erfurt fahre und ich freue mich riesig darauf. :circus: Wir werden sicher viel unternehmen und es wird keine Zeit f\u00c3\u00bcrs Internet bleiben. <em>Muss auch nicht!<\/em>\u00c2\u00a0Ich \u00c3\u00bcberlege sogar, ob ich mein Laptop zu Hause lasse und nur das iPad mitnehme. Ein paar St\u00c3\u00bcndchen bleiben mir f\u00c3\u00bcr die Entscheidung noch&#8230;<\/p>\n<p><em>Macht es Euch sch\u00c3\u00b6n und seid alle\u00c2\u00a0lieb gegr\u00c3\u00bc\u00c3\u0178t \u00c2\u00a0&#8211; ich bin bald wieder da!<\/em><\/p>\n<p style=\"text-align: center;\">:bye:<\/p>\n","protected":false},"excerpt":{"rendered":"<p>W\u00c3\u00a4hrend andere noch ein wenig arbeiten m\u00c3\u00bcssen, habe ich gestern meinen letzten Arbeitstag 2015 hinter mich gebracht. :dance:<\/p>\n","protected":false},"author":1,"featured_media":0,"comment_status":"open","ping_status":"open","sticky":false,"template":"","format":"standard","meta":{"_jetpack_newsletter_access":"","_jetpack_dont_email_post_to_subs":false,"_jetpack_newsletter_tier_id":0,"_jetpack_memberships_contains_paywalled_content":false,"_jetpack_memberships_contains_paid_content":false,"footnotes":""},"categories":[114],"tags":[937],"class_list":["post-16309","post","type-post","status-publish","format-standard","hentry","category-plauderecke","tag-erfurt"],"jetpack_sharing_enabled":true,"jetpack_shortlink":"https:\/\/wp.me\/pq7aY-4f3","jetpack_likes_enabled":true,"jetpack-related-posts":[],"jetpack_featured_media_url":"","_links":{"self":[{"href":"https:\/\/terragina.de\/blog\/wp-json\/wp\/v2\/posts\/16309","targetHints":{"allow":["GET"]}}],"collection":[{"href":"https:\/\/terragina.de\/blog\/wp-json\/wp\/v2\/posts"}],"about":[{"href":"https:\/\/terragina.de\/blog\/wp-json\/wp\/v2\/types\/post"}],"author":[{"embeddable":true,"href":"https:\/\/terragina.de\/blog\/wp-json\/wp\/v2\/users\/1"}],"replies":[{"embeddable":true,"href":"https:\/\/terragina.de\/blog\/wp-json\/wp\/v2\/comments?post=16309"}],"version-history":[{"count":0,"href":"https:\/\/terragina.de\/blog\/wp-json\/wp\/v2\/posts\/16309\/revisions"}],"wp:attachment":[{"href":"https:\/\/terragina.de\/blog\/wp-json\/wp\/v2\/media?parent=16309"}],"wp:term":[{"taxonomy":"category","embeddable":true,"href":"https:\/\/terragina.de\/blog\/wp-json\/wp\/v2\/categories?post=16309"},{"taxonomy":"post_tag","embeddable":true,"href":"https:\/\/terragina.de\/blog\/wp-json\/wp\/v2\/tags?post=16309"}],"curies":[{"name":"wp","href":"https:\/\/api.w.org\/{rel}","templated":true}]}}