{"id":16482,"date":"2016-01-09T10:46:41","date_gmt":"2016-01-09T09:46:41","guid":{"rendered":"http:\/\/terragina.de\/blog\/?p=16482"},"modified":"2016-01-09T13:21:43","modified_gmt":"2016-01-09T12:21:43","slug":"fast-vergessene-liebe","status":"publish","type":"post","link":"https:\/\/terragina.de\/blog\/2016\/01\/09\/fast-vergessene-liebe\/","title":{"rendered":"{Fast} vergessene Liebe"},"content":{"rendered":"<p>Manch einer erinnert sich vielleicht noch an das ein- oder andere Emaille-St\u00c3\u00bcck in der K\u00c3\u00bcche bei den Gro\u00c3\u0178eltern oder Eltern. Neben dem alten Emaille-Krug in Wei\u00c3\u0178 mit blauem Rand erinnere ich mich auch noch an eine gro\u00c3\u0178e Auflaufform bei meiner Oma in dunklem Blau und einem Kaffee-Pott, ebenfalls in dem damals sehr g\u00c3\u00a4ngigen Farben Wei\u00c3\u0178 und Blau.<!--more--><\/p>\n<p>Irgendwann vor ein paar Wochen stolperte ich im Netz wieder \u00c3\u00bcber Emaille und war sofort entz\u00c3\u00bcckt. Wie toll, dass es auch heute noch wundersch\u00c3\u00b6ne Dinge f\u00c3\u00bcr die K\u00c3\u00bcche und \u00c3\u00bcberhaupt den Haushalt gibt. Sogar Lampenschirme aus Emaille habe ich gefunden. Sch\u00c3\u00b6n, dass diese sch\u00c3\u00b6ne und haltbare Beschichtung derzeit wieder einen solchen Aufwind erlebt.<\/p>\n<p>Emaille, meist eine Mischung aus Silikaten und Oxiden, wird in einem aufw\u00c3\u00a4ndigen Schmelzprozess auf Metall oder Glas aufgebracht und geriet leider ziemlich in Vergessenheit. Dabei ist die meist glas-\u00c3\u00a4hnliche Oberfl\u00c3\u00a4che absolut pflegeleicht. :yes1:<\/p>\n<p><em>Und pl\u00c3\u00b6tzlich erinnere ich mich, dass ich als Kind auch mal kleine Metallteile in einer Jugendgruppe emailliert habe&#8230; hach ja&#8230;<\/em><\/p>\n<p>Eine M\u00c3\u00b6glichkeit ist sicher, \u00c3\u00bcber den ein oder anderen Flohmarkt zu schlendern &#8211; in der Hoffnung, vielleicht das ein oder andere sch\u00c3\u00b6ne Emaillest\u00c3\u00bcck zum Schn\u00c3\u00a4ppchenpreis zu ergattern. Die andere ist, sich in den Weiten des Netzes auf die Suche zu begeben und so bin ich <a href=\"http:\/\/www.emaille24.de\" target=\"_blank\">auf diesen tollen Shop<\/a> aufmerksam geworden und begann zu st\u00c3\u00b6bern. So viele tolle Sachen! Die Entscheidung fiel mir ziemlich schwer, aber letztenendes habe ich mich f\u00c3\u00bcr drei Teile entschieden, die den Weg in meine K\u00c3\u00bcche finden sollten. :yeah:<\/p>\n<p>Zum einen ein Litermass mit innenliegender Skala, das ich auch mal auf den Herd stellen kann <em>(ja, Emaille funktioniert sogar auf Induktion)<\/em>, eine 1-Liter-Stielkasserolle, die man immer mal gebrauchen kann f\u00c3\u00bcr Pudding, hei\u00c3\u0178e Milch, So\u00c3\u0178en, die 1-Personen-Suppe und vieles mehr. Und mir fehlte noch ein neues Salzt\u00c3\u00b6pfchen, habe ich doch mein h\u00c3\u00bcbsches <a href=\"http:\/\/goo.gl\/pUkFKN\" target=\"_blank\">Salzfass<\/a> letztens ruiniert. :whistle: <font size=\"2\">Ok, ich gebe zu, eigentlich ist letzteres eine Zuckerdose, die ich zum Salz-Beh\u00c3\u00a4ltnis umfunktioniert habe.<\/font><\/p>\n<p>Turboschnell, ich meine, am n\u00c3\u00a4chsten oder \u00c3\u00bcbern\u00c3\u00a4chsten Tag, traf das Paket bei mir ein und ich bin so begeistert von den sch\u00c3\u00b6nen Sachen, dass ich ziemlich sicher bin, dass ich zu gegebener Zeit ein weiteres Mal auf Beutezug gehen werde. :blush:<\/p>\n<p><a href=\"http:\/\/terragina.de\/blog\/wp-content\/uploads\/2016\/01\/emaille.jpg\"  rel=\"lightbox[16482] attachment wp-att-16483\"><img loading=\"lazy\" decoding=\"async\" class=\"aligncenter size-full wp-image-16483\" src=\"http:\/\/terragina.de\/blog\/wp-content\/uploads\/2016\/01\/emaille.jpg\" alt=\"emaille\" width=\"400\" height=\"300\" \/><\/a><\/p>\n<p><em>Habt Ihr auch etwas H\u00c3\u00bcbsches und\/oder Praktisches aus Emaille bei Euch herum stehen? Vielleicht habt ihr Lust, es der Blogger- und BlogleserInnen-Welt zu zeigen?<\/em><\/p>\n<p style=\"text-align: center;\"><em>Ich w\u00c3\u00bcrde mich \u00c3\u00bcber Eure Bilder freuen.<\/em> :happy:<\/p>\n","protected":false},"excerpt":{"rendered":"<p>Manch einer erinnert sich vielleicht noch an das ein- oder andere Emaille-St\u00c3\u00bcck in der K\u00c3\u00bcche bei den Gro\u00c3\u0178eltern oder Eltern. Neben dem alten Emaille-Krug in Wei\u00c3\u0178 mit blauem Rand erinnere ich mich auch noch an eine gro\u00c3\u0178e Auflaufform bei meiner Oma in dunklem Blau und einem Kaffee-Pott, ebenfalls in dem damals sehr g\u00c3\u00a4ngigen Farben Wei\u00c3\u0178 und Blau.<\/p>\n","protected":false},"author":1,"featured_media":0,"comment_status":"open","ping_status":"open","sticky":false,"template":"","format":"standard","meta":{"_jetpack_newsletter_access":"","_jetpack_dont_email_post_to_subs":false,"_jetpack_newsletter_tier_id":0,"_jetpack_memberships_contains_paywalled_content":false,"_jetpack_memberships_contains_paid_content":false,"footnotes":""},"categories":[168],"tags":[1017,544],"class_list":["post-16482","post","type-post","status-publish","format-standard","hentry","category-rund-ums-kochen","tag-emaille","tag-kuche"],"jetpack_sharing_enabled":true,"jetpack_shortlink":"https:\/\/wp.me\/pq7aY-4hQ","jetpack_likes_enabled":true,"jetpack-related-posts":[],"jetpack_featured_media_url":"","_links":{"self":[{"href":"https:\/\/terragina.de\/blog\/wp-json\/wp\/v2\/posts\/16482","targetHints":{"allow":["GET"]}}],"collection":[{"href":"https:\/\/terragina.de\/blog\/wp-json\/wp\/v2\/posts"}],"about":[{"href":"https:\/\/terragina.de\/blog\/wp-json\/wp\/v2\/types\/post"}],"author":[{"embeddable":true,"href":"https:\/\/terragina.de\/blog\/wp-json\/wp\/v2\/users\/1"}],"replies":[{"embeddable":true,"href":"https:\/\/terragina.de\/blog\/wp-json\/wp\/v2\/comments?post=16482"}],"version-history":[{"count":0,"href":"https:\/\/terragina.de\/blog\/wp-json\/wp\/v2\/posts\/16482\/revisions"}],"wp:attachment":[{"href":"https:\/\/terragina.de\/blog\/wp-json\/wp\/v2\/media?parent=16482"}],"wp:term":[{"taxonomy":"category","embeddable":true,"href":"https:\/\/terragina.de\/blog\/wp-json\/wp\/v2\/categories?post=16482"},{"taxonomy":"post_tag","embeddable":true,"href":"https:\/\/terragina.de\/blog\/wp-json\/wp\/v2\/tags?post=16482"}],"curies":[{"name":"wp","href":"https:\/\/api.w.org\/{rel}","templated":true}]}}