{"id":16492,"date":"2016-01-10T19:09:37","date_gmt":"2016-01-10T18:09:37","guid":{"rendered":"http:\/\/terragina.de\/blog\/?p=16492"},"modified":"2016-01-10T19:09:37","modified_gmt":"2016-01-10T18:09:37","slug":"schoko-naegel","status":"publish","type":"post","link":"https:\/\/terragina.de\/blog\/2016\/01\/10\/schoko-naegel\/","title":{"rendered":"Schoko-N\u00c3\u00a4gel"},"content":{"rendered":"<p>Nach ein paar Tagen Lackpause zum Erholen habe ich mich heute, <span style=\"font-size: small;\"> immer wieder gerne sonntags, weil ich da Zeit und Ruhe habe<\/span>, f\u00c3\u00bcr eine neue Nagellackfarbe entschieden, die ich mir bei meinem letzten Besuch in der Lieblingsdrogerie\u00c2\u00a0mitgenommen habe.<!--more--><\/p>\n<p>Schokon\u00c3\u00a4gel sollten es heute werden, das habe ich bereits vor ein paar Wochen bei der lieben <a href=\"http:\/\/lebensherbst.designblog.de\/startseite\/home....\/\" target=\"_blank\">Linda<\/a> gesehen und ein h\u00c3\u00bcbsches Schokoladenbraun fehlte mir bislang auch noch in meiner kleinen Lacksammlung.\u00c2\u00a0 :yes:<\/p>\n<p><a href=\"http:\/\/terragina.de\/blog\/wp-content\/uploads\/2016\/01\/schokonaegel.jpg\"  rel=\"lightbox[16492] attachment wp-att-16493\"><img loading=\"lazy\" decoding=\"async\" class=\"aligncenter size-full wp-image-16493\" src=\"http:\/\/terragina.de\/blog\/wp-content\/uploads\/2016\/01\/schokonaegel.jpg\" alt=\"schokonaegel\" width=\"450\" height=\"600\" srcset=\"https:\/\/terragina.de\/blog\/wp-content\/uploads\/2016\/01\/schokonaegel.jpg 600w, https:\/\/terragina.de\/blog\/wp-content\/uploads\/2016\/01\/schokonaegel-420x560.jpg 420w\" sizes=\"auto, (max-width: 450px) 100vw, 450px\" \/><\/a><\/p>\n<p>Die <em>Trend-it-Up<\/em>-Reihe der DM Drogerie ist der beste Beweis daf\u00c3\u00bcr, dass gute Nagellacke nicht teuer sein m\u00c3\u00bcssen, das kann ich nur immer wieder betonen. Die Farbpalette ist recht umfangreich und f\u00c3\u00bcr jeden Geschmack sollte etwas dabei sein. \u00c3\u0153ber den Farbauftrag mit dem breiten Pinselchen und die Widerstandsf\u00c3\u00a4higkeit auf den N\u00c3\u00a4geln kann ich nichts Negatives berichten.\u00c2\u00a0 :good:<\/p>\n<p style=\"text-align: center;\"><em>Worauf wartet Ihr noch &#8211; welches ist Eure Lieblingsfarbe?<\/em><\/p>\n","protected":false},"excerpt":{"rendered":"<p>Nach ein paar Tagen Lackpause zum Erholen habe ich mich heute, immer wieder gerne sonntags, weil ich da Zeit und Ruhe habe, f\u00c3\u00bcr eine neue Nagellackfarbe entschieden, die ich mir bei meinem letzten Besuch in der Lieblingsdrogerie\u00c2\u00a0mitgenommen habe.<\/p>\n","protected":false},"author":1,"featured_media":0,"comment_status":"open","ping_status":"open","sticky":false,"template":"","format":"standard","meta":{"_jetpack_newsletter_access":"","_jetpack_dont_email_post_to_subs":false,"_jetpack_newsletter_tier_id":0,"_jetpack_memberships_contains_paywalled_content":false,"_jetpack_memberships_contains_paid_content":false,"footnotes":""},"categories":[947,946],"tags":[985],"class_list":["post-16492","post","type-post","status-publish","format-standard","hentry","category-beauty","category-schoenes","tag-nagellack"],"jetpack_sharing_enabled":true,"jetpack_shortlink":"https:\/\/wp.me\/pq7aY-4i0","jetpack_likes_enabled":true,"jetpack-related-posts":[],"jetpack_featured_media_url":"","_links":{"self":[{"href":"https:\/\/terragina.de\/blog\/wp-json\/wp\/v2\/posts\/16492","targetHints":{"allow":["GET"]}}],"collection":[{"href":"https:\/\/terragina.de\/blog\/wp-json\/wp\/v2\/posts"}],"about":[{"href":"https:\/\/terragina.de\/blog\/wp-json\/wp\/v2\/types\/post"}],"author":[{"embeddable":true,"href":"https:\/\/terragina.de\/blog\/wp-json\/wp\/v2\/users\/1"}],"replies":[{"embeddable":true,"href":"https:\/\/terragina.de\/blog\/wp-json\/wp\/v2\/comments?post=16492"}],"version-history":[{"count":0,"href":"https:\/\/terragina.de\/blog\/wp-json\/wp\/v2\/posts\/16492\/revisions"}],"wp:attachment":[{"href":"https:\/\/terragina.de\/blog\/wp-json\/wp\/v2\/media?parent=16492"}],"wp:term":[{"taxonomy":"category","embeddable":true,"href":"https:\/\/terragina.de\/blog\/wp-json\/wp\/v2\/categories?post=16492"},{"taxonomy":"post_tag","embeddable":true,"href":"https:\/\/terragina.de\/blog\/wp-json\/wp\/v2\/tags?post=16492"}],"curies":[{"name":"wp","href":"https:\/\/api.w.org\/{rel}","templated":true}]}}