{"id":16542,"date":"2016-01-19T16:28:00","date_gmt":"2016-01-19T15:28:00","guid":{"rendered":"http:\/\/terragina.de\/blog\/?p=16542"},"modified":"2016-01-19T16:28:00","modified_gmt":"2016-01-19T15:28:00","slug":"ein-bisschen-orient","status":"publish","type":"post","link":"https:\/\/terragina.de\/blog\/2016\/01\/19\/ein-bisschen-orient\/","title":{"rendered":"Ein bisschen Orient"},"content":{"rendered":"<p>Wie war das mit der Raumluft?<\/p>\n<p><a href=\"http:\/\/terragina.de\/blog\/2016\/01\/18\/an-diesem-montag\/\" target=\"_blank\">Gestern<\/a> habe ich Euch bereits angedroht, dass ich Euch vom angenehmen Duft in unserem Wohnzimmer erz\u00c3\u00a4hlen m\u00c3\u00b6chte. Und da ich Euch nicht l\u00c3\u00a4nger auf die Folter spannen m\u00c3\u00b6chte, erz\u00c3\u00a4hle ich Euch heute von meiner <a href=\"https:\/\/www.lampe-berger-versand.de\" target=\"_blank\">Lampe Berger<\/a>.<!--more--><\/p>\n<p>Die Lampe besitze ich schon ziemlich lange, ich habe sie mir 2007 aus einem Urlaub in Italien <span style=\"font-size: small;\">oder war es Frankreich &#8211; ich gestehe, ich wei\u00c3\u0178 es nicht mehr ganz genau<\/span> :blush: mitgebracht. Damals habe ich mir noch zwei Duft\u00c3\u00b6le mitgenommen und sie einige Zeit benutzt. <span style=\"font-size: small;\">Wie sich jetzt herausstellte, auf eine vollkommen falsche Art und Weise.<\/span> Irgendwann war die erste Flasche \u00c3\u2013l dann leer und die Lampe fristete aus irgendeinem unerfindlichen Grund ein trauriges Dasein im Wohnzimmerregal.<\/p>\n<p><a href=\"http:\/\/terragina.de\/blog\/wp-content\/uploads\/2016\/01\/lampe_berger-1.jpg\"  rel=\"lightbox[16542] attachment wp-att-16543\"><img loading=\"lazy\" decoding=\"async\" class=\"aligncenter size-full wp-image-16543\" src=\"http:\/\/terragina.de\/blog\/wp-content\/uploads\/2016\/01\/lampe_berger-1.jpg\" alt=\"lampe_berger-1\" width=\"450\" height=\"300\" srcset=\"https:\/\/terragina.de\/blog\/wp-content\/uploads\/2016\/01\/lampe_berger-1.jpg 900w, https:\/\/terragina.de\/blog\/wp-content\/uploads\/2016\/01\/lampe_berger-1-840x560.jpg 840w, https:\/\/terragina.de\/blog\/wp-content\/uploads\/2016\/01\/lampe_berger-1-800x533.jpg 800w\" sizes=\"auto, (max-width: 450px) 100vw, 450px\" \/><\/a><\/p>\n<p>Am Wochenende beim Abstauben fiel sie mir wieder einmal in die H\u00c3\u00a4nde. Doch irgendwie war etwas anders, denn an diesem Samstag beschloss ich, die Lampe wieder zu beleben, denn ich wusste noch sehr genau, dass im Keller noch eine volle Flasche Duft\u00c3\u00b6l stand und auch noch ein Ersatzdocht herum lag. :hurra:<\/p>\n<p>Nach einigen Anlaufschwierigkeiten und Nachlesen auf der oben verlinkten Webseite bekam ich sie wieder zum Brennen und freute mich riesig dar\u00c3\u00bcber &#8211; ich dachte schon, der Docht w\u00c3\u00a4re hin.<\/p>\n<p>Merke: Der Docht soll nur 2 Minuten richtig brennen, dann wird er gel\u00c3\u00b6scht und irgendwie glimmt er dann weiter. Nach ca. 20 Minuten ist die Luft eines gro\u00c3\u0178en Raumes sehr angenehm beduftet, die Lampe kann komplett gel\u00c3\u00b6scht werden und der Duft h\u00c3\u00a4lt sich noch eine ganze Weile im Raum. \u00c3\u201ehnlich funktioniert auch das Prinzip, um die Luft von unangenehmen D\u00c3\u00bcften zu reinigen, daf\u00c3\u00bcr wird einfach neutrales \u00c3\u2013l in die Lampe gegeben. Wer sich daf\u00c3\u00bcr interessiert, kann gerne mal <a href=\"https:\/\/www.lampe-berger-versand.de\/c\/was-ist-lampe-berger-erfahrung-test\/\" target=\"_blank\">hier<\/a> nachlesen.<\/p>\n<p><a href=\"http:\/\/terragina.de\/blog\/wp-content\/uploads\/2016\/01\/lampe_berger-2.jpg\"  rel=\"lightbox[16542] attachment wp-att-16544\"><img loading=\"lazy\" decoding=\"async\" class=\"aligncenter size-full wp-image-16544\" src=\"http:\/\/terragina.de\/blog\/wp-content\/uploads\/2016\/01\/lampe_berger-2.jpg\" alt=\"lampe_berger-2\" width=\"450\" height=\"300\" srcset=\"https:\/\/terragina.de\/blog\/wp-content\/uploads\/2016\/01\/lampe_berger-2.jpg 900w, https:\/\/terragina.de\/blog\/wp-content\/uploads\/2016\/01\/lampe_berger-2-840x560.jpg 840w, https:\/\/terragina.de\/blog\/wp-content\/uploads\/2016\/01\/lampe_berger-2-800x533.jpg 800w\" sizes=\"auto, (max-width: 450px) 100vw, 450px\" \/><\/a><\/p>\n<p><em>Kennt Ihr die Lampe Berger? Vielleicht k\u00c3\u00b6nnt Ihr mir ein Duft\u00c3\u00b6l empfehlen?<\/em><\/p>\n","protected":false},"excerpt":{"rendered":"<p>Wie war das mit der Raumluft? Gestern habe ich Euch bereits angedroht, dass ich Euch vom angenehmen Duft in unserem Wohnzimmer erz\u00c3\u00a4hlen m\u00c3\u00b6chte. Und da ich Euch nicht l\u00c3\u00a4nger auf die Folter spannen m\u00c3\u00b6chte, erz\u00c3\u00a4hle ich Euch heute von meiner Lampe Berger.<\/p>\n","protected":false},"author":1,"featured_media":0,"comment_status":"open","ping_status":"open","sticky":false,"template":"","format":"standard","meta":{"_jetpack_newsletter_access":"","_jetpack_dont_email_post_to_subs":false,"_jetpack_newsletter_tier_id":0,"_jetpack_memberships_contains_paywalled_content":false,"_jetpack_memberships_contains_paid_content":false,"footnotes":""},"categories":[98],"tags":[1021,1022,1023],"class_list":["post-16542","post","type-post","status-publish","format-standard","hentry","category-dekoratives","tag-duft","tag-lampe-berger","tag-raumluft"],"jetpack_sharing_enabled":true,"jetpack_shortlink":"https:\/\/wp.me\/pq7aY-4iO","jetpack_likes_enabled":true,"jetpack-related-posts":[],"jetpack_featured_media_url":"","_links":{"self":[{"href":"https:\/\/terragina.de\/blog\/wp-json\/wp\/v2\/posts\/16542","targetHints":{"allow":["GET"]}}],"collection":[{"href":"https:\/\/terragina.de\/blog\/wp-json\/wp\/v2\/posts"}],"about":[{"href":"https:\/\/terragina.de\/blog\/wp-json\/wp\/v2\/types\/post"}],"author":[{"embeddable":true,"href":"https:\/\/terragina.de\/blog\/wp-json\/wp\/v2\/users\/1"}],"replies":[{"embeddable":true,"href":"https:\/\/terragina.de\/blog\/wp-json\/wp\/v2\/comments?post=16542"}],"version-history":[{"count":0,"href":"https:\/\/terragina.de\/blog\/wp-json\/wp\/v2\/posts\/16542\/revisions"}],"wp:attachment":[{"href":"https:\/\/terragina.de\/blog\/wp-json\/wp\/v2\/media?parent=16542"}],"wp:term":[{"taxonomy":"category","embeddable":true,"href":"https:\/\/terragina.de\/blog\/wp-json\/wp\/v2\/categories?post=16542"},{"taxonomy":"post_tag","embeddable":true,"href":"https:\/\/terragina.de\/blog\/wp-json\/wp\/v2\/tags?post=16542"}],"curies":[{"name":"wp","href":"https:\/\/api.w.org\/{rel}","templated":true}]}}