{"id":16582,"date":"2016-01-24T10:37:31","date_gmt":"2016-01-24T09:37:31","guid":{"rendered":"http:\/\/terragina.de\/blog\/?p=16582"},"modified":"2016-01-24T10:43:22","modified_gmt":"2016-01-24T09:43:22","slug":"die-trendfarben-des-jahres-2016","status":"publish","type":"post","link":"https:\/\/terragina.de\/blog\/2016\/01\/24\/die-trendfarben-des-jahres-2016\/","title":{"rendered":"Die Trendfarben des Jahres 2016"},"content":{"rendered":"<p>Alle Jahre wieder im Herbst ernennt das PANTONE Farbinstitut die Farben des Jahres f\u00c3\u00bcr das Folgejahr. Eigentlich sind es sogar zehn Farben an der Zahl, die das Intitut f\u00c3\u00bcr Fr\u00c3\u00bchjahrsmode und Lifestyle auserkoren hat. Wie sie alle aussehen, k\u00c3\u00b6nnt Ihr Euch <a href=\"http:\/\/freshideen.com\/wandgestaltung\/moderne-wandfarben-trends-2016.html\" target=\"_blank\">hier<\/a> anschauen.<!--more--><\/p>\n<p>In meinem kleinen Blogartikel hier m\u00c3\u00b6chte ich mich aber auf die Trendfarbe<strong>N<\/strong> konzentrieren &#8211; ja, dieses Jahr gibt es sogar zwei. K\u00c3\u00b6nnt Ihr Euch noch an den dunklen rotbraunen Ton namens Marsala aus dem letzten Jahr erinnern? Die diesj\u00c3\u00a4hrigen Farben bilden einen ziemlichen Kontrast dazu.<\/p>\n<p>Interessant auch der Grund, warum sich die Verantwortlichen von PANTONE in diesem Jahr f\u00c3\u00bcr diese zarten, sanften Farben entschieden haben, die kaum einen gr\u00c3\u00b6\u00c3\u0178eren Kontrast zu den Farben aus 2015 bilden k\u00c3\u00b6nnten:<\/p>\n<blockquote><p>&#8222;Nachdem immer mehr Konsumenten nach Achtsamkeit und Entspannung als Gegenpol zum Stress des modernen Lebens suchen, r\u00c3\u00bccken warme Farben in den Vordergrund, die psychologisch unserer Sehnsucht nach Ruhe und Sicherheit entsprechen.&#8220;<\/p><\/blockquote>\n<p>Hier aber nun die Farben:<\/p>\n<p><a href=\"http:\/\/terragina.de\/blog\/wp-content\/uploads\/2016\/01\/trendfarben_2016.jpg\"  rel=\"lightbox[16582] attachment wp-att-16583\"><img loading=\"lazy\" decoding=\"async\" class=\"aligncenter size-full wp-image-16583\" src=\"http:\/\/terragina.de\/blog\/wp-content\/uploads\/2016\/01\/trendfarben_2016.jpg\" alt=\"trendfarben_2016\" width=\"450\" height=\"300\" srcset=\"https:\/\/terragina.de\/blog\/wp-content\/uploads\/2016\/01\/trendfarben_2016.jpg 900w, https:\/\/terragina.de\/blog\/wp-content\/uploads\/2016\/01\/trendfarben_2016-840x560.jpg 840w, https:\/\/terragina.de\/blog\/wp-content\/uploads\/2016\/01\/trendfarben_2016-800x533.jpg 800w\" sizes=\"auto, (max-width: 450px) 100vw, 450px\" \/><\/a><\/p>\n<p>Schuhe, Wandfarben, Klamotten, Handtaschen &#8211; sieht aus, als wenn es ein freundliches, ausgeglichenes Jahr 2016 werden soll.<\/p>\n<p>Mir pers\u00c3\u00b6nlich gefallen sie recht gut &#8211; auch und gerade in der Kombination. F\u00c3\u00bcr Fr\u00c3\u00bchjahr und Sommer kann ich mir das sehr sch\u00c3\u00b6n vorstellen. <em>Und wie der Zufall es so will, habe ich mir gestern meine N\u00c3\u00a4gelchen in einer Farbe lackiert, die zumindest in die Richtung von <\/em><em>Rose Quartz<\/em> geht, findet Ihr nicht auch?<\/p>\n<p><a href=\"http:\/\/terragina.de\/blog\/wp-content\/uploads\/2016\/01\/essie_14_fiji.jpg\"  rel=\"lightbox[16582] attachment wp-att-16584\"><img loading=\"lazy\" decoding=\"async\" class=\"aligncenter size-full wp-image-16584\" src=\"http:\/\/terragina.de\/blog\/wp-content\/uploads\/2016\/01\/essie_14_fiji.jpg\" alt=\"essie_14_fiji\" width=\"450\" height=\"600\" srcset=\"https:\/\/terragina.de\/blog\/wp-content\/uploads\/2016\/01\/essie_14_fiji.jpg 600w, https:\/\/terragina.de\/blog\/wp-content\/uploads\/2016\/01\/essie_14_fiji-420x560.jpg 420w\" sizes=\"auto, (max-width: 450px) 100vw, 450px\" \/><\/a><\/p>\n<p><span style=\"font-size: small;\">Es ist \u00c3\u00bcbrigens die Farbe #14, <em>Fiji<\/em>. Aktuell scheint sie in einer Sonderkollektion hier und da wieder zu haben zu sein.<\/span><\/p>\n<p>Und wer noch mehr \u00c3\u00bcber die Farben des Jahres erfahren m\u00c3\u00b6chte, schaut sich am besten mal direkt bei <a href=\"http:\/\/www.pantone.com\/color-of-the-year-2016\" target=\"_blank\">PANTONE<\/a> um. Dort gibt es auch eine \u00c3\u0153bersicht, welche Farben mit den Trendfarben harmonieren. ;-)<\/p>\n<p>Was mich zum Schlu\u00c3\u0178 meines Artikels nat\u00c3\u00bcrlich brennend interessiert:<\/p>\n<p style=\"text-align: center;\"><em>\u00e2\u20ac\u017eWie gefallen sie Euch?&#8220;<\/em><\/p>\n","protected":false},"excerpt":{"rendered":"<p>Alle Jahre wieder im Herbst ernennt das PANTONE Farbinstitut die Farben des Jahres f\u00c3\u00bcr das Folgejahr. Eigentlich sind es sogar zehn Farben an der Zahl, die das Intitut f\u00c3\u00bcr Fr\u00c3\u00bchjahrsmode und Lifestyle auserkoren hat. Wie sie alle aussehen, k\u00c3\u00b6nnt Ihr Euch hier anschauen.<\/p>\n","protected":false},"author":1,"featured_media":0,"comment_status":"open","ping_status":"open","sticky":false,"template":"","format":"standard","meta":{"_jetpack_newsletter_access":"","_jetpack_dont_email_post_to_subs":false,"_jetpack_newsletter_tier_id":0,"_jetpack_memberships_contains_paywalled_content":false,"_jetpack_memberships_contains_paid_content":false,"footnotes":""},"categories":[11],"tags":[1025,752,1026],"class_list":["post-16582","post","type-post","status-publish","format-standard","hentry","category-wissenswertes","tag-farben","tag-mode","tag-trend"],"jetpack_sharing_enabled":true,"jetpack_shortlink":"https:\/\/wp.me\/pq7aY-4js","jetpack_likes_enabled":true,"jetpack-related-posts":[],"jetpack_featured_media_url":"","_links":{"self":[{"href":"https:\/\/terragina.de\/blog\/wp-json\/wp\/v2\/posts\/16582","targetHints":{"allow":["GET"]}}],"collection":[{"href":"https:\/\/terragina.de\/blog\/wp-json\/wp\/v2\/posts"}],"about":[{"href":"https:\/\/terragina.de\/blog\/wp-json\/wp\/v2\/types\/post"}],"author":[{"embeddable":true,"href":"https:\/\/terragina.de\/blog\/wp-json\/wp\/v2\/users\/1"}],"replies":[{"embeddable":true,"href":"https:\/\/terragina.de\/blog\/wp-json\/wp\/v2\/comments?post=16582"}],"version-history":[{"count":0,"href":"https:\/\/terragina.de\/blog\/wp-json\/wp\/v2\/posts\/16582\/revisions"}],"wp:attachment":[{"href":"https:\/\/terragina.de\/blog\/wp-json\/wp\/v2\/media?parent=16582"}],"wp:term":[{"taxonomy":"category","embeddable":true,"href":"https:\/\/terragina.de\/blog\/wp-json\/wp\/v2\/categories?post=16582"},{"taxonomy":"post_tag","embeddable":true,"href":"https:\/\/terragina.de\/blog\/wp-json\/wp\/v2\/tags?post=16582"}],"curies":[{"name":"wp","href":"https:\/\/api.w.org\/{rel}","templated":true}]}}