{"id":16675,"date":"2016-02-11T17:47:03","date_gmt":"2016-02-11T16:47:03","guid":{"rendered":"http:\/\/terragina.de\/blog\/?p=16675"},"modified":"2016-02-11T17:47:03","modified_gmt":"2016-02-11T16:47:03","slug":"auf-der-suche-nach-einer-salatsauce","status":"publish","type":"post","link":"https:\/\/terragina.de\/blog\/2016\/02\/11\/auf-der-suche-nach-einer-salatsauce\/","title":{"rendered":"Auf der Suche nach einer Salatsauce"},"content":{"rendered":"<p>Ich esse zwar supergerne Salat, aber mit Salatsaucen tu` ich mir irgendwie schwer. Und w\u00c3\u00a4hrend ich so durchs Netz surfte, um sch\u00c3\u00b6ne Rezepte zu finden, dachte ich so bei mir: <em>\u00e2\u20ac\u017eHey &#8211; wieso fragst du nicht einfach mal Deine lieben Blog-Leserinnen und Blog-Leser?&#8220;<\/em><!--more--><\/p>\n<p>Heute hatte ich wieder einen sch\u00c3\u00b6nen Salat mit im B\u00c3\u00bcro und nach meinem R\u00c3\u00bccken-Training im Fitness-Studio war das genau das Richtige &#8211; den ganzen Vormittag hatte ich mich schon darauf gefreut:<\/p>\n<p><a href=\"http:\/\/terragina.de\/blog\/wp-content\/uploads\/2016\/02\/fresh_salad_jar.jpg\"  rel=\"lightbox[16675] attachment wp-att-16676\"><img loading=\"lazy\" decoding=\"async\" class=\"aligncenter size-full wp-image-16676\" src=\"http:\/\/terragina.de\/blog\/wp-content\/uploads\/2016\/02\/fresh_salad_jar.jpg\" alt=\"fresh_salad_jar\" width=\"450\" height=\"600\" srcset=\"https:\/\/terragina.de\/blog\/wp-content\/uploads\/2016\/02\/fresh_salad_jar.jpg 600w, https:\/\/terragina.de\/blog\/wp-content\/uploads\/2016\/02\/fresh_salad_jar-420x560.jpg 420w\" sizes=\"auto, (max-width: 450px) 100vw, 450px\" \/><\/a><\/p>\n<p>Diesesmal habe ich die Salatsauce <span style=\"font-size: small;\">Knorr Salatkr\u00c3\u00b6nung Fr\u00c3\u00bchlingskr\u00c3\u00a4uter aufgrund Ideenmangels<\/span> direkt unten in das gro\u00c3\u0178e Glas gesch\u00c3\u00bcttet. Aufgef\u00c3\u00bcllt wurde dann mit all dem, was noch im Gem\u00c3\u00bcsefach des K\u00c3\u00bchlschranks zu finden war: M\u00c3\u00b6hrenscheiben, Zucchinischeiben, Quinoa <span style=\"font-size: small;\">den hatte ich Anfang der Woche schon vorgegart &#8211; mag ich auch sehr gerne in meinen Overnight-Oats<\/span>, Radieschen und Eisbergsalat. Und f\u00c3\u00bcr den kleinen <a href=\"http:\/\/goo.gl\/JwEItx\" target=\"_blank\">Bento-Einsatz<\/a> oben habe ich mir ein bisschen gebratene H\u00c3\u00a4hnchenbrust in Scheibchen geschnitten.<\/p>\n<p>Auch heute wieder sah der Salat auf dem Teller dann einfach nur mega-lecker aus und war auch sehr frisch. :good:<\/p>\n<p>Nun aber zur\u00c3\u00bcck zu meiner Frage: \u00e2\u20ac\u017eVerratet Ihr mir Eure liebsten Salatsaucen-Rezepte?&#8220; Ich w\u00c3\u00bcrde mich wahnsinng freuen! :dance2:<\/p>\n<p style=\"text-align: center;\">*******************************<\/p>\n<p>Langsam wird es dunkel drau\u00c3\u0178en, ich wollte diesen Blogartikel eigentlich schon ver\u00c3\u00b6ffentlicht haben. Aber das Tochterkind meldete sich per Facetime aus Erfurt und das ist definitiv wichtiger &#8211; der Blog kann schlie\u00c3\u0178lich auch ein halbes St\u00c3\u00bcndchen warten.<\/p>\n<p><a href=\"http:\/\/terragina.de\/blog\/wp-content\/uploads\/2016\/02\/waiting_for_sun.jpg\"  rel=\"lightbox[16675] attachment wp-att-16677\"><img loading=\"lazy\" decoding=\"async\" class=\"aligncenter size-full wp-image-16677\" src=\"http:\/\/terragina.de\/blog\/wp-content\/uploads\/2016\/02\/waiting_for_sun.jpg\" alt=\"waiting_for_sun\" width=\"450\" height=\"600\" srcset=\"https:\/\/terragina.de\/blog\/wp-content\/uploads\/2016\/02\/waiting_for_sun.jpg 600w, https:\/\/terragina.de\/blog\/wp-content\/uploads\/2016\/02\/waiting_for_sun-420x560.jpg 420w\" sizes=\"auto, (max-width: 450px) 100vw, 450px\" \/><\/a><\/p>\n<p>Ich hatte dieses Foto vorhin geknipst &#8211; und just in diesem Moment kam tats\u00c3\u00a4chlich die Sonne raus. War das sch\u00c3\u00b6n &#8211; nach diesen ganzen tristen, verregneten Tagen. :yes:<\/p>\n<p style=\"text-align: center;\"><em>Habt einen sch\u00c3\u00b6nen Abend Ihr Lieben!<\/em><\/p>\n<p style=\"text-align: center;\">:bye:<\/p>\n","protected":false},"excerpt":{"rendered":"<p>Ich esse zwar supergerne Salat, aber mit Salatsaucen tu` ich mir irgendwie schwer. Und w\u00c3\u00a4hrend ich so durchs Netz surfte, um sch\u00c3\u00b6ne Rezepte zu finden, dachte ich so bei mir: \u00e2\u20ac\u017eHey &#8211; wieso fragst du nicht einfach mal Deine lieben Blog-Leserinnen und Blog-Leser?&#8220;<\/p>\n","protected":false},"author":1,"featured_media":0,"comment_status":"open","ping_status":"open","sticky":false,"template":"","format":"standard","meta":{"_jetpack_newsletter_access":"","_jetpack_dont_email_post_to_subs":false,"_jetpack_newsletter_tier_id":0,"_jetpack_memberships_contains_paywalled_content":false,"_jetpack_memberships_contains_paid_content":false,"footnotes":""},"categories":[7,114],"tags":[1020,1028,59],"class_list":["post-16675","post","type-post","status-publish","format-standard","hentry","category-leckeres","category-plauderecke","tag-lightbox","tag-mason-jar","tag-salat"],"jetpack_sharing_enabled":true,"jetpack_shortlink":"https:\/\/wp.me\/pq7aY-4kX","jetpack_likes_enabled":true,"jetpack-related-posts":[],"jetpack_featured_media_url":"","_links":{"self":[{"href":"https:\/\/terragina.de\/blog\/wp-json\/wp\/v2\/posts\/16675","targetHints":{"allow":["GET"]}}],"collection":[{"href":"https:\/\/terragina.de\/blog\/wp-json\/wp\/v2\/posts"}],"about":[{"href":"https:\/\/terragina.de\/blog\/wp-json\/wp\/v2\/types\/post"}],"author":[{"embeddable":true,"href":"https:\/\/terragina.de\/blog\/wp-json\/wp\/v2\/users\/1"}],"replies":[{"embeddable":true,"href":"https:\/\/terragina.de\/blog\/wp-json\/wp\/v2\/comments?post=16675"}],"version-history":[{"count":0,"href":"https:\/\/terragina.de\/blog\/wp-json\/wp\/v2\/posts\/16675\/revisions"}],"wp:attachment":[{"href":"https:\/\/terragina.de\/blog\/wp-json\/wp\/v2\/media?parent=16675"}],"wp:term":[{"taxonomy":"category","embeddable":true,"href":"https:\/\/terragina.de\/blog\/wp-json\/wp\/v2\/categories?post=16675"},{"taxonomy":"post_tag","embeddable":true,"href":"https:\/\/terragina.de\/blog\/wp-json\/wp\/v2\/tags?post=16675"}],"curies":[{"name":"wp","href":"https:\/\/api.w.org\/{rel}","templated":true}]}}