{"id":16922,"date":"2016-04-04T16:09:18","date_gmt":"2016-04-04T14:09:18","guid":{"rendered":"http:\/\/terragina.de\/blog\/?p=16922"},"modified":"2016-04-04T19:31:28","modified_gmt":"2016-04-04T17:31:28","slug":"verpackungs-opfer","status":"publish","type":"post","link":"https:\/\/terragina.de\/blog\/2016\/04\/04\/verpackungs-opfer\/","title":{"rendered":"Verpackungs-Opfer"},"content":{"rendered":"<p>Eigentlich sollte man in meinem Alter ja \u00c3\u00bcber so manchen Dingen stehen &#8211; das gelingt mir auch eigentlich h\u00c3\u00a4ufig recht gut. Aber bei so kleinen h\u00c3\u00bcbschen Schnickeldi-Sachen, da kann ich schon mal schwach werden.\u00c2\u00a0 :noidea: \u00c2\u00a0So auch bei dem folgenden Produkt, dass ich am vergangenen Freitag im Drogeriemarkt mit dem gro\u00c3\u0178en orangefarbenen M entdeckt habe.<!--more--><\/p>\n<p>Ich sah diese h\u00c3\u00bcbschen bunten D\u00c3\u00b6schen und mal ehrlich, so unter uns Frauen: <em>Lippenpflege kann man gar nicht genug haben, das findet Ihr doch auch, oder?<\/em> Und wenn sie dann noch so h\u00c3\u00bcbsch verpackt ist, f\u00c3\u00a4llt das Widerstehen einfach schwer&#8230; <span style=\"font-size: small;\">schlie\u00c3\u0178lich fallen einem noch einige Verwendungsm\u00c3\u00b6glichkeiten f\u00c3\u00bcr dieses D\u00c3\u00b6schen ein, wenn es mal leer sein sollte&#8230;<\/span><\/p>\n<p><a href=\"http:\/\/terragina.de\/blog\/wp-content\/uploads\/2016\/04\/misslyn_lip_balm.jpg\"  rel=\"lightbox[16922] attachment wp-att-16923\"><img loading=\"lazy\" decoding=\"async\" class=\"aligncenter size-full wp-image-16923\" src=\"http:\/\/terragina.de\/blog\/wp-content\/uploads\/2016\/04\/misslyn_lip_balm.jpg\" alt=\"misslyn_lip_balm\" width=\"450\" height=\"600\" srcset=\"https:\/\/terragina.de\/blog\/wp-content\/uploads\/2016\/04\/misslyn_lip_balm.jpg 600w, https:\/\/terragina.de\/blog\/wp-content\/uploads\/2016\/04\/misslyn_lip_balm-420x560.jpg 420w\" sizes=\"auto, (max-width: 450px) 100vw, 450px\" \/><\/a><\/p>\n<p>Da der Freitag ja der Tag vor der Abreise des Tochterkinds war, entschloss ich mich, zwei D\u00c3\u00b6schen einzupacken, eines f\u00c3\u00bcr das Tochterkind und eines f\u00c3\u00bcr die Mama. Und nat\u00c3\u00bcrlich kam es, wie es kommen musste: Die Maus freute sich genauso sehr wie ich \u00c3\u00bcber das kleine D\u00c3\u00b6schen. :sing: Es handelt sich \u00c3\u00bcbrigens um eine <a href=\"http:\/\/www.misslyn.de\/lippen\/lip-balm\/my-sweet-lip-balm-orient\/\" target=\"_blank\">limitierte Auflage<\/a>, die es in drei Sorten gibt. Meine Entscheidung fiel zun\u00c3\u00a4chst auf die gr\u00c3\u00bcne (Mint) und die lilafarbene (Kokos) Version.<\/p>\n<p>Zu Hause angekommen probierten wir beide das Lippenbalsam aus und waren gleichermassen begeistert. Es ist leicht und l\u00c3\u00a4sst sich gut verteilen, riecht sehr lecker und zieht gut ein, ohne einen st\u00c3\u00b6renden Film zu hinterlassen. <span style=\"font-size: small;\">Nichts hasse ich mehr, deswegen bin ich auch total <em>Anti-Labello<\/em>!<\/span><\/p>\n<p>Und was ist das Ende der Geschichte?\u00c2\u00a0\u00c2\u00a0Die Begeisterung hielt auch noch am n\u00c3\u00a4chsten Tag an &#8211; so\u00c2\u00a0dass ich f\u00c3\u00bcr die Maus und mich am Samstag kurz vor der Abreise noch zwei D\u00c3\u00b6schen nachgekauft habe. Honig h\u00c3\u00b6rt sich schlie\u00c3\u0178lich auch sehr verlockend an. :pfeif:<\/p>\n<p>Und ja ich wei\u00c3\u0178, ich bin schlimm. :holy: <em>Und bestimmt habe ich jetzt die ein oder andere von Euch angefixt und dr\u00c3\u00bccke Euch die D\u00c3\u00a4umchen, dass Ihr einen M\u00c3\u00bcller-Drogeriemarkt in der N\u00c3\u00a4he habt.<\/em><\/p>\n<p style=\"text-align: right;\"><span style=\"font-size: small;\">Ich bin dann mal weg&#8230;<\/span> :bye:<\/p>\n","protected":false},"excerpt":{"rendered":"<p>Eigentlich sollte man in meinem Alter ja \u00c3\u00bcber so manchen Dingen stehen &#8211; das gelingt mir auch eigentlich h\u00c3\u00a4ufig recht gut. Aber bei so kleinen h\u00c3\u00bcbschen Schnickeldi-Sachen, da kann ich schon mal schwach werden.\u00c2\u00a0 :noidea: \u00c2\u00a0So auch bei dem folgenden Produkt, dass ich am vergangenen Freitag im Drogeriemarkt mit dem gro\u00c3\u0178en orangefarbenen M entdeckt habe.<\/p>\n","protected":false},"author":1,"featured_media":0,"comment_status":"open","ping_status":"open","sticky":false,"template":"","format":"standard","meta":{"_jetpack_newsletter_access":"","_jetpack_dont_email_post_to_subs":false,"_jetpack_newsletter_tier_id":0,"_jetpack_memberships_contains_paywalled_content":false,"_jetpack_memberships_contains_paid_content":false,"footnotes":""},"categories":[947],"tags":[609,1041,1042],"class_list":["post-16922","post","type-post","status-publish","format-standard","hentry","category-beauty","tag-beauty","tag-lippen","tag-pflege"],"jetpack_sharing_enabled":true,"jetpack_shortlink":"https:\/\/wp.me\/pq7aY-4oW","jetpack_likes_enabled":true,"jetpack-related-posts":[],"jetpack_featured_media_url":"","_links":{"self":[{"href":"https:\/\/terragina.de\/blog\/wp-json\/wp\/v2\/posts\/16922","targetHints":{"allow":["GET"]}}],"collection":[{"href":"https:\/\/terragina.de\/blog\/wp-json\/wp\/v2\/posts"}],"about":[{"href":"https:\/\/terragina.de\/blog\/wp-json\/wp\/v2\/types\/post"}],"author":[{"embeddable":true,"href":"https:\/\/terragina.de\/blog\/wp-json\/wp\/v2\/users\/1"}],"replies":[{"embeddable":true,"href":"https:\/\/terragina.de\/blog\/wp-json\/wp\/v2\/comments?post=16922"}],"version-history":[{"count":0,"href":"https:\/\/terragina.de\/blog\/wp-json\/wp\/v2\/posts\/16922\/revisions"}],"wp:attachment":[{"href":"https:\/\/terragina.de\/blog\/wp-json\/wp\/v2\/media?parent=16922"}],"wp:term":[{"taxonomy":"category","embeddable":true,"href":"https:\/\/terragina.de\/blog\/wp-json\/wp\/v2\/categories?post=16922"},{"taxonomy":"post_tag","embeddable":true,"href":"https:\/\/terragina.de\/blog\/wp-json\/wp\/v2\/tags?post=16922"}],"curies":[{"name":"wp","href":"https:\/\/api.w.org\/{rel}","templated":true}]}}