{"id":16959,"date":"2016-04-16T16:36:07","date_gmt":"2016-04-16T14:36:07","guid":{"rendered":"http:\/\/terragina.de\/blog\/?p=16959"},"modified":"2016-05-01T16:05:57","modified_gmt":"2016-05-01T14:05:57","slug":"lahme-schnecke","status":"publish","type":"post","link":"https:\/\/terragina.de\/blog\/2016\/04\/16\/lahme-schnecke\/","title":{"rendered":"Lahme Schnecke"},"content":{"rendered":"<p>Erstmal ein gro\u00c3\u0178es Dankesch\u00c3\u00b6n f\u00c3\u00bcr all Eure lieben guten W\u00c3\u00bcnsche bzgl. der doofen Rheumaschmerzen in der Hand. :-x Ich habe das Cortison vor\u00c3\u00bcbergehend auf 20 mg erh\u00c3\u00b6ht, so dass ich nun nahezu schmerzfrei bin. Die gleiche <em>Kur<\/em> habe ich im Juli 2015 schon einmal durchgezogen &#8211; mit gutem und nachhaltigem Erfolg. In der n\u00c3\u00a4chsten Zeit werde ich dann wochenweise wieder das Medikament reduzieren, bis ich wieder bei meinen 2,5 mg\/Tag angekommen bin.<!--more--><\/p>\n<p>Jetzt, wo ich wieder ein wenig was machen kann, habe ich total vergessen, dass ja eigentlich gestern wieder Stichtag bei <a href=\"http:\/\/jaellekatz.de\" target=\"_blank\">Jaelles Blog-Aktion<\/a> war. :scratch: Ich glaube, dieses Mal muss ich erstmalig aussetzen, weil ich keine Fotos von den Miezen habe, die mir zur Verf\u00c3\u00bcgung stehen. Da aber unsere Nalamaus n\u00c3\u00a4chste Woche Freitag geschoren wird, werde ich wohl noch ein paar Bilder <em>danach<\/em> nachreichen.<\/p>\n<p>Daf\u00c3\u00bcr habe ich aber ein paar andere Fotos mit dem iPhone geknipst, ein kleines Selfie ist auch mal wieder vorbei. Eine sehr liebe Freundin hat gestern ihren runden Geburtstag gefeiert und ich habe versucht, mich ein wenig in Schale zu schmeissen. F\u00c3\u00bcr mich sehen ja Selfies meistens sehr \u00c3\u00a4hnlich aus und irgendwie kann das die Jugend viel besser. :pfeif: Mit dem Bild am Ende dieses Blogbeitrages bin ich aber ganz zufrieden.<\/p>\n<p>Zuerst gibt`s aber zwei <em>Gast-Schnecken-Bilder<\/em>. :yes: Dieses h\u00c3\u00bcbsche Exemplar hat uns heute mittag nach starkem Regen auf der Terrasse besucht:<\/p>\n<p><a href=\"http:\/\/terragina.de\/blog\/wp-content\/uploads\/2016\/04\/schnecke_01.jpg\" rel=\"lightbox[16959]\"><img loading=\"lazy\" decoding=\"async\" class=\"aligncenter size-full wp-image-16963\" src=\"http:\/\/terragina.de\/blog\/wp-content\/uploads\/2016\/04\/schnecke_01.jpg\" alt=\"schnecke_01\" width=\"450\" height=\"338\" \/><\/a><\/p>\n<p><a href=\"http:\/\/terragina.de\/blog\/wp-content\/uploads\/2016\/04\/schnecke_02.jpg\" rel=\"lightbox[16959]\"><img loading=\"lazy\" decoding=\"async\" class=\"aligncenter size-full wp-image-16962\" src=\"http:\/\/terragina.de\/blog\/wp-content\/uploads\/2016\/04\/schnecke_02.jpg\" alt=\"schnecke_02\" width=\"450\" height=\"300\" \/><\/a><\/p>\n<p>:nagellack: Auch die N\u00c3\u00a4gelchen wurden gestern zur Feier des Tages wieder in einer neuen Farbe lackiert und sie gef\u00c3\u00a4llt mir ausgesprochen gut. Der Lack ist leicht mit einem breiten Pinsel aufzutragen und hat auch eine angenehme Trocknungszeit. Bei <a href=\"https:\/\/www.instagram.com\/terragina\/\" target=\"_blank\">Instagram<\/a> gibt es ein Foto auf dem ich Euch auch gerne zeige, welchen Unter- und \u00c3\u0153berlack ich verwendet habe.<\/p>\n<p><a href=\"http:\/\/terragina.de\/blog\/wp-content\/uploads\/2016\/04\/250_be_a_queen.jpg\" rel=\"lightbox[16959]\"><img loading=\"lazy\" decoding=\"async\" class=\"aligncenter size-full wp-image-16961\" src=\"http:\/\/terragina.de\/blog\/wp-content\/uploads\/2016\/04\/250_be_a_queen.jpg\" alt=\"250_be_a_queen\" width=\"450\" height=\"600\" srcset=\"https:\/\/terragina.de\/blog\/wp-content\/uploads\/2016\/04\/250_be_a_queen.jpg 600w, https:\/\/terragina.de\/blog\/wp-content\/uploads\/2016\/04\/250_be_a_queen-420x560.jpg 420w\" sizes=\"auto, (max-width: 450px) 100vw, 450px\" \/><\/a><\/p>\n<p>Und schon seid Ihr auch bei meinem Konterfei angelangt. Geknipst habe ich es mit meiner <a href=\"https:\/\/itunes.apple.com\/at\/app\/youcam-perfect\/id768469908?mt=8\" target=\"_blank\">Lieblings-Selfie-App<\/a> <span style=\"font-size: small;\">die \u00c3\u00bcbrigens auch im Play-Store erh\u00c3\u00a4ltlich ist &#8211; guckst Du nach YouCam Perfect<\/span> :yes1:<\/p>\n<p>Hier also nun mein doch leicht weichgesp\u00c3\u00bcltes Foto &#8211; aber irgendwie gef\u00c3\u00a4llt es mir trotzdem. :noidea:<\/p>\n<p><a href=\"http:\/\/terragina.de\/blog\/wp-content\/uploads\/2016\/04\/kerstin_20160415.jpg\" rel=\"lightbox[16959]\"><img loading=\"lazy\" decoding=\"async\" class=\"aligncenter size-full wp-image-16960\" src=\"http:\/\/terragina.de\/blog\/wp-content\/uploads\/2016\/04\/kerstin_20160415.jpg\" alt=\"kerstin_20160415\" width=\"450\" height=\"600\" srcset=\"https:\/\/terragina.de\/blog\/wp-content\/uploads\/2016\/04\/kerstin_20160415.jpg 600w, https:\/\/terragina.de\/blog\/wp-content\/uploads\/2016\/04\/kerstin_20160415-420x560.jpg 420w\" sizes=\"auto, (max-width: 450px) 100vw, 450px\" \/><\/a><\/p>\n<p style=\"text-align: center;\">Nun habt alle noch ein sch\u00c3\u00b6nes Wochenende und seid lieb gegr\u00c3\u00bc\u00c3\u0178t!<\/p>\n<p style=\"text-align: center;\">:winke:<\/p>\n","protected":false},"excerpt":{"rendered":"<p>Erstmal ein gro\u00c3\u0178es Dankesch\u00c3\u00b6n f\u00c3\u00bcr all Eure lieben guten W\u00c3\u00bcnsche bzgl. der doofen Rheumaschmerzen in der Hand. :-x Ich habe das Cortison vor\u00c3\u00bcbergehend auf 20 mg erh\u00c3\u00b6ht, so dass ich nun nahezu schmerzfrei bin. Die gleiche Kur habe ich im Juli 2015 schon einmal durchgezogen &#8211; mit gutem und nachhaltigem Erfolg. In der n\u00c3\u00a4chsten Zeit werde ich dann wochenweise wieder das Medikament reduzieren, bis ich wieder bei meinen 2,5 mg\/Tag angekommen bin.<\/p>\n","protected":false},"author":1,"featured_media":0,"comment_status":"open","ping_status":"open","sticky":false,"template":"","format":"standard","meta":{"_jetpack_newsletter_access":"","_jetpack_dont_email_post_to_subs":false,"_jetpack_newsletter_tier_id":0,"_jetpack_memberships_contains_paywalled_content":false,"_jetpack_memberships_contains_paid_content":false,"footnotes":""},"categories":[947,114],"tags":[609,985,610,775],"class_list":["post-16959","post","type-post","status-publish","format-standard","hentry","category-beauty","category-plauderecke","tag-beauty","tag-nagellack","tag-nagel","tag-selfie"],"jetpack_sharing_enabled":true,"jetpack_shortlink":"https:\/\/wp.me\/pq7aY-4px","jetpack_likes_enabled":true,"jetpack-related-posts":[],"jetpack_featured_media_url":"","_links":{"self":[{"href":"https:\/\/terragina.de\/blog\/wp-json\/wp\/v2\/posts\/16959","targetHints":{"allow":["GET"]}}],"collection":[{"href":"https:\/\/terragina.de\/blog\/wp-json\/wp\/v2\/posts"}],"about":[{"href":"https:\/\/terragina.de\/blog\/wp-json\/wp\/v2\/types\/post"}],"author":[{"embeddable":true,"href":"https:\/\/terragina.de\/blog\/wp-json\/wp\/v2\/users\/1"}],"replies":[{"embeddable":true,"href":"https:\/\/terragina.de\/blog\/wp-json\/wp\/v2\/comments?post=16959"}],"version-history":[{"count":0,"href":"https:\/\/terragina.de\/blog\/wp-json\/wp\/v2\/posts\/16959\/revisions"}],"wp:attachment":[{"href":"https:\/\/terragina.de\/blog\/wp-json\/wp\/v2\/media?parent=16959"}],"wp:term":[{"taxonomy":"category","embeddable":true,"href":"https:\/\/terragina.de\/blog\/wp-json\/wp\/v2\/categories?post=16959"},{"taxonomy":"post_tag","embeddable":true,"href":"https:\/\/terragina.de\/blog\/wp-json\/wp\/v2\/tags?post=16959"}],"curies":[{"name":"wp","href":"https:\/\/api.w.org\/{rel}","templated":true}]}}