{"id":17265,"date":"2016-06-01T13:15:58","date_gmt":"2016-06-01T11:15:58","guid":{"rendered":"http:\/\/terragina.de\/blog\/?p=17265"},"modified":"2016-06-01T13:20:50","modified_gmt":"2016-06-01T11:20:50","slug":"alles-fuer-die-katz-35","status":"publish","type":"post","link":"https:\/\/terragina.de\/blog\/2016\/06\/01\/alles-fuer-die-katz-35\/","title":{"rendered":"Alles f\u00c3\u00bcr die Katz #35"},"content":{"rendered":"<p><a href=\"http:\/\/www.jaellekatz.de\/category\/alles-fuer-die-katz\" target=\"_blank\"><img loading=\"lazy\" decoding=\"async\" class=\"right\" style=\"float: right; margin: 15px;\" src=\"http:\/\/terragina.de\/blog\/images\/alles_fuer_die_katz_logo_160x160.jpg\" alt=\"\" width=\"160\" height=\"160\" data-position=\"3\" \/><\/a> Bei <em>Alles-f\u00c3\u00bcr-die-Katz #34<\/em> war ich leider urlaubsbedingt nicht dabei, aber heute habe ich die Nalamaus wieder bei einer ihrer Lieblingsbesch\u00c3\u00a4ftigungen knipsen k\u00c3\u00b6nnen und kann somit wieder ein Foto zu Jaelles sch\u00c3\u00b6nem Projekt besteuern. Es ist das erste Mal seitdem ich am Projekt teilnehme (Januar 2015), dass ich pausiert habe.  :cool: <em>Irgendwie habe ich w\u00c3\u00a4hrend der ganzen Urlaubsvorfreude vergessen, einen Artikel vorzubloggen.<\/em><\/p>\n<p><!--more--><\/p>\n<p>Hier also nun die kleine Nalamaus, wie sie &#8211; einmal mehr &#8211; gem\u00c3\u00bctlich auf der Kratztonne liegt. Aktuell einer ihrer Lieblingspl\u00c3\u00a4tze. Bei sch\u00c3\u00b6nem Wetter scheint hier vormittags die Sonne durchs Fenster. :catlove:<\/p>\n<p><a href=\"http:\/\/terragina.de\/blog\/wp-content\/uploads\/2016\/06\/nala_20160601.jpg\" rel=\"lightbox[17265]\"><img loading=\"lazy\" decoding=\"async\" src=\"http:\/\/terragina.de\/blog\/wp-content\/uploads\/2016\/06\/nala_20160601-1200x800.jpg\" alt=\"nala_20160601\" width=\"840\" height=\"560\" class=\"aligncenter size-large wp-image-17266\" srcset=\"https:\/\/terragina.de\/blog\/wp-content\/uploads\/2016\/06\/nala_20160601.jpg 1200w, https:\/\/terragina.de\/blog\/wp-content\/uploads\/2016\/06\/nala_20160601-840x560.jpg 840w, https:\/\/terragina.de\/blog\/wp-content\/uploads\/2016\/06\/nala_20160601-800x533.jpg 800w\" sizes=\"auto, (max-width: 840px) 100vw, 840px\" \/><\/a><\/p>\n<p>Mein Dank geht an dieser Stelle mal an die liebe Jaelle, die so unerm\u00c3\u00bcdlich zweimal im Monat unsere Katzenbilder einsammelt &#8211; vielen Dank daf\u00c3\u00bcr! :-x<\/p>\n<p>Ich werde mich heute den Rest des Tages rar machen, denn mein lieber Hobbykoch hat heute Geburtstag. Eigentlich hatten wir uns auch ein bisschen Sonne gew\u00c3\u00bcnscht, aber wie sagt man so sch\u00c3\u00b6n: <em>Das Leben ist kein Wunschkonzert<\/em>.<br \/>\nSo werden wir uns unser Tortenst\u00c3\u00bcckchen vom B\u00c3\u00a4cker eben drinnen schmecken lassen. Und \u00c3\u00bcbermorgen dann, wenn es das Tochterkind wieder in die Heimat zieht werden wir die eigentliche Torte genie\u00c3\u0178en, die ich morgen und \u00c3\u00bcbermorgen in Angriff nehmen werde. <\/p>\n<p><em>Und ab morgen hat mich dann auch schon der B\u00c3\u00bcroalltag wieder&#8230;<\/em> :bye:<\/p>\n","protected":false},"excerpt":{"rendered":"<p>Bei Alles-f\u00c3\u00bcr-die-Katz #34 war ich leider urlaubsbedingt nicht dabei, aber heute habe ich die Nalamaus wieder bei einer ihrer Lieblingsbesch\u00c3\u00a4ftigungen knipsen k\u00c3\u00b6nnen und kann somit wieder ein Foto zu Jaelles sch\u00c3\u00b6nem Projekt besteuern. Es ist das erste Mal seitdem ich am Projekt teilnehme (Januar 2015), dass ich pausiert habe. :cool: Irgendwie habe ich w\u00c3\u00a4hrend der ganzen Urlaubsvorfreude vergessen, einen Artikel vorzubloggen.<\/p>\n","protected":false},"author":1,"featured_media":17266,"comment_status":"open","ping_status":"open","sticky":false,"template":"","format":"standard","meta":{"_jetpack_newsletter_access":"","_jetpack_dont_email_post_to_subs":false,"_jetpack_newsletter_tier_id":0,"_jetpack_memberships_contains_paywalled_content":false,"_jetpack_memberships_contains_paid_content":false,"footnotes":""},"categories":[819,728],"tags":[750,1044,1003,39,30,353],"class_list":["post-17265","post","type-post","status-publish","format-standard","has-post-thumbnail","hentry","category-alles-fuer-die-katz","category-cat-corner","tag-alles-fuer-die-katz","tag-featured","tag-fotoprojekte","tag-katzen","tag-maine-coon","tag-nala"],"jetpack_sharing_enabled":true,"jetpack_shortlink":"https:\/\/wp.me\/pq7aY-4ut","jetpack_likes_enabled":true,"jetpack-related-posts":[],"jetpack_featured_media_url":"https:\/\/terragina.de\/blog\/wp-content\/uploads\/2016\/06\/nala_20160601.jpg","_links":{"self":[{"href":"https:\/\/terragina.de\/blog\/wp-json\/wp\/v2\/posts\/17265","targetHints":{"allow":["GET"]}}],"collection":[{"href":"https:\/\/terragina.de\/blog\/wp-json\/wp\/v2\/posts"}],"about":[{"href":"https:\/\/terragina.de\/blog\/wp-json\/wp\/v2\/types\/post"}],"author":[{"embeddable":true,"href":"https:\/\/terragina.de\/blog\/wp-json\/wp\/v2\/users\/1"}],"replies":[{"embeddable":true,"href":"https:\/\/terragina.de\/blog\/wp-json\/wp\/v2\/comments?post=17265"}],"version-history":[{"count":0,"href":"https:\/\/terragina.de\/blog\/wp-json\/wp\/v2\/posts\/17265\/revisions"}],"wp:featuredmedia":[{"embeddable":true,"href":"https:\/\/terragina.de\/blog\/wp-json\/wp\/v2\/media\/17266"}],"wp:attachment":[{"href":"https:\/\/terragina.de\/blog\/wp-json\/wp\/v2\/media?parent=17265"}],"wp:term":[{"taxonomy":"category","embeddable":true,"href":"https:\/\/terragina.de\/blog\/wp-json\/wp\/v2\/categories?post=17265"},{"taxonomy":"post_tag","embeddable":true,"href":"https:\/\/terragina.de\/blog\/wp-json\/wp\/v2\/tags?post=17265"}],"curies":[{"name":"wp","href":"https:\/\/api.w.org\/{rel}","templated":true}]}}