{"id":17451,"date":"2016-06-25T08:32:40","date_gmt":"2016-06-25T06:32:40","guid":{"rendered":"http:\/\/terragina.de\/blog\/?p=17451"},"modified":"2016-06-25T08:35:59","modified_gmt":"2016-06-25T06:35:59","slug":"sommer","status":"publish","type":"post","link":"https:\/\/terragina.de\/blog\/2016\/06\/25\/sommer\/","title":{"rendered":"Sommer?"},"content":{"rendered":"<p><span class=\"dropcap\">D<\/span>ie letzten beiden Tage haben uns allen mehr oder weniger den Atem geraubt, mir war es viel zu warm und ich merke immer wieder, dass ich mich mit Temperaturen jenseits der 30\u00c2\u00b0C-Marke nicht anfreunden kann. Den ganzen lieben langen Tag sind die Roll\u00c3\u00a4den unten, damit sich das Haus auch ja nicht \u00c3\u00bcber ein vern\u00c3\u00bcnftiges Ma\u00c3\u0178 aufw\u00c3\u00a4rmt. Ich f\u00c3\u00bchle mich zeitweilig wie in Fort Knox. Selbst zum Bloggen habe ich keine Lust, auch nicht zum \u00e2\u20ac\u017eAm-PC-sitzen&#8220;.<\/p>\n<p><em>Wie geht es Euch?<\/em> Habt Ihr die letzten beiden Tage gut \u00c3\u00bcberstanden, was habt Ihr gemacht? Ich oute mich als Stubenhockerin.  :wein:  Wobei &#8211; stimmt nicht ganz, denn morgens musste eine kleine Einkaufstour erledigt werden. Ab ca. 11 Uhr dann bereitete ich zum Mittagessen meinen geliebten <a href=\"http:\/\/terragina.de\/blog\/2010\/06\/10\/tomate-fleischwurst-salat\/\" target=\"_blank\">Tomaten-Fleischwurst-Salat<\/a> vor, den Rest des Tages habe ich mehr oder weniger vor mich hin gelitten, meine Serie weiter geschaut und viel, viel getrunken. Ach, und morgens bin ich doch tats\u00c3\u00a4chlich vor dem Einkaufen noch eine 3\/4 Stunde auf meinem Trampolin rumgeh\u00c3\u00bcpft &#8211; fast h\u00c3\u00a4tte ich`s vergessen.<\/p>\n<p>Seit gestern abend nun sind alle Fenster weit ge\u00c3\u00b6ffnet und es ist sehr angenehm, wenn auch etwas <em>babbisch<\/em> heute, wie der Hesse sagt. 20\u00c2\u00b0C Au\u00c3\u0178en- und 25\u00c2\u00b0C Innentemperatur zeigt das Thermometer an und eine Luftfeuchtigkeit von 87%. <\/p>\n<p><strong>Was bitte ist mit dem Wetter los?<\/strong><\/p>\n<p>Erst tagelang Regen in Sturzb\u00c3\u00a4chen, dann zwei Tage unertr\u00c3\u00a4gliche Hitze. Im Web lese ich, dass die beiden Festivals, die unsere Kinder eigentlich in diesem Jahr besuchen wollten und aus Gr\u00c3\u00bcnden nicht teilnehmen konnten, wegen Unwettern unterbrochen wurden, eines wurde sogar komplett abgesagt und es gab Verletzte &#8211; siehe <a href=\"http:\/\/goo.gl\/rp40GJ\" target=\"_blank\">hier<\/a>. Schlimm und \u00c3\u00a4u\u00c3\u0178erst schade. <em>Und ich als Mama bin nat\u00c3\u00bcrlich sehr froh, dass meine Zwei da nicht dabei sind&#8230;<\/em><\/p>\n<p>Ich w\u00c3\u00bcnsche Euch trotzdem ein supersch\u00c3\u00b6nes Wochenende. Bald werden auch nochmal Fotos aus NY kommen, gebt mir ein bisschen Zeit, mir fehlt die Motivation und von Mo bis Mi bin ich auch unterwegs zu einem Seminar. Und wenn ich wieder Lust und Zeit habe, komme ich bei Euch vorbei zum Lesen und Kommentieren.<\/p>\n<p><em>Ich wei\u00c3\u0178, ich wiederhole mich&#8230;<\/em><\/p>\n","protected":false},"excerpt":{"rendered":"<p>Die letzten beiden Tage haben uns allen mehr oder weniger den Atem geraubt, mir war es viel zu warm und ich merke immer wieder, dass ich mich mit Temperaturen jenseits der 30\u00c2\u00b0C-Marke nicht anfreunden kann. Den ganzen lieben langen Tag sind die Roll\u00c3\u00a4den unten, damit sich das Haus auch ja nicht \u00c3\u00bcber ein vern\u00c3\u00bcnftiges Ma\u00c3\u0178 aufw\u00c3\u00a4rmt. Ich f\u00c3\u00bchle mich zeitweilig wie in Fort Knox. Selbst zum Bloggen habe ich keine Lust, auch nicht zum \u00e2\u20ac\u017eAm-PC-sitzen&#8220;. Wie geht es Euch? Habt Ihr die letzten beiden Tage gut \u00c3\u00bcberstanden, was habt Ihr gemacht? Ich oute mich als Stubenhockerin. :wein: Wobei &#8211; stimmt nicht ganz, denn morgens musste eine kleine Einkaufstour erledigt werden. Ab ca. 11 Uhr dann bereitete ich zum Mittagessen meinen geliebten Tomaten-Fleischwurst-Salat vor, den Rest des Tages habe ich mehr oder weniger vor mich hin gelitten, meine Serie weiter geschaut und viel, viel getrunken. Ach, und morgens bin ich doch tats\u00c3\u00a4chlich vor dem Einkaufen noch eine 3\/4 Stunde auf meinem Trampolin rumgeh\u00c3\u00bcpft &#8211; fast h\u00c3\u00a4tte ich`s vergessen. Seit gestern abend nun sind alle Fenster weit &hellip;<\/p>\n","protected":false},"author":1,"featured_media":0,"comment_status":"open","ping_status":"open","sticky":false,"template":"","format":"standard","meta":{"_jetpack_newsletter_access":"","_jetpack_dont_email_post_to_subs":false,"_jetpack_newsletter_tier_id":0,"_jetpack_memberships_contains_paywalled_content":false,"_jetpack_memberships_contains_paid_content":false,"footnotes":""},"categories":[114],"tags":[],"class_list":["post-17451","post","type-post","status-publish","format-standard","hentry","category-plauderecke"],"jetpack_sharing_enabled":true,"jetpack_shortlink":"https:\/\/wp.me\/sq7aY-sommer","jetpack_likes_enabled":true,"jetpack-related-posts":[],"jetpack_featured_media_url":"","_links":{"self":[{"href":"https:\/\/terragina.de\/blog\/wp-json\/wp\/v2\/posts\/17451","targetHints":{"allow":["GET"]}}],"collection":[{"href":"https:\/\/terragina.de\/blog\/wp-json\/wp\/v2\/posts"}],"about":[{"href":"https:\/\/terragina.de\/blog\/wp-json\/wp\/v2\/types\/post"}],"author":[{"embeddable":true,"href":"https:\/\/terragina.de\/blog\/wp-json\/wp\/v2\/users\/1"}],"replies":[{"embeddable":true,"href":"https:\/\/terragina.de\/blog\/wp-json\/wp\/v2\/comments?post=17451"}],"version-history":[{"count":0,"href":"https:\/\/terragina.de\/blog\/wp-json\/wp\/v2\/posts\/17451\/revisions"}],"wp:attachment":[{"href":"https:\/\/terragina.de\/blog\/wp-json\/wp\/v2\/media?parent=17451"}],"wp:term":[{"taxonomy":"category","embeddable":true,"href":"https:\/\/terragina.de\/blog\/wp-json\/wp\/v2\/categories?post=17451"},{"taxonomy":"post_tag","embeddable":true,"href":"https:\/\/terragina.de\/blog\/wp-json\/wp\/v2\/tags?post=17451"}],"curies":[{"name":"wp","href":"https:\/\/api.w.org\/{rel}","templated":true}]}}