{"id":17609,"date":"2016-11-20T15:33:50","date_gmt":"2016-11-20T14:33:50","guid":{"rendered":"http:\/\/terragina.de\/blog\/?p=17609"},"modified":"2016-11-21T17:44:32","modified_gmt":"2016-11-21T16:44:32","slug":"die-zeit-rast","status":"publish","type":"post","link":"https:\/\/terragina.de\/blog\/2016\/11\/20\/die-zeit-rast\/","title":{"rendered":"Die Zeit rast"},"content":{"rendered":"<p><a href=\"http:\/\/terragina.de\/blog\/wp-content\/uploads\/2016\/11\/34_til_xmas.jpg\" rel=\"lightbox[17609]\"><img loading=\"lazy\" decoding=\"async\" class=\"aligncenter size-full wp-image-17610\" src=\"http:\/\/terragina.de\/blog\/wp-content\/uploads\/2016\/11\/34_til_xmas.jpg\" alt=\"34_til_xmas\" width=\"840\" height=\"840\" srcset=\"https:\/\/terragina.de\/blog\/wp-content\/uploads\/2016\/11\/34_til_xmas.jpg 840w, https:\/\/terragina.de\/blog\/wp-content\/uploads\/2016\/11\/34_til_xmas-800x800.jpg 800w, https:\/\/terragina.de\/blog\/wp-content\/uploads\/2016\/11\/34_til_xmas-120x120.jpg 120w\" sizes=\"auto, (max-width: 840px) 100vw, 840px\" \/><\/a><\/p>\n<p><span class=\"dropcap\">K<\/span>aum zu glauben&#8230;. noch eine Woche und dann ist schon der 1. Advent. Habt Ihr auch schon dekoriert und das Haus aufgeh\u00c3\u00bcbscht? Wir haben gestern und heute die Weihnachtsdeko unter der Treppe hervorgeholt, die Lichterketten aufgeh\u00c3\u00a4ngt und Dekoelemente aufgebaut.<\/p>\n<p class=\"pull-left\">Ich freue mich! :hurra:<\/p>\n<p>Ich liebe diese Zeit! Es ist wesentlich ruhiger drau\u00c3\u0178en, Kerzenschein, Kuscheldecke, leckeres Geb\u00c3\u00a4ck, Weihnachtsmusik, nach Gew\u00c3\u00bcrzen duftender Tee und \u00c3\u00bcberall die Lichter, wenn es dunkel wird. <em>Hach&#8230;<\/em><\/p>\n<p>Besonders freue mich nat\u00c3\u00bcrlich auch auf diverse Weihnnachtsm\u00c3\u00a4rkte, lieben Besuch bei uns, meine Fahrt zum Tochterkind nach Erfurt zum 2. Advent, das Pl\u00c3\u00a4tzchenbacken mit einer liebgewonnenen Kollegin, die eigentlich schon eine richtige Freundin ist und noch vieles mehr.<\/p>\n<blockquote>\n<p style=\"text-align: center;\">Da soll nochmal einer sagen, der Winter doof.<br \/>\n<em>Isser nich!!!<\/em><\/p>\n<\/blockquote>\n","protected":false},"excerpt":{"rendered":"<p>Kaum zu glauben&#8230;. noch eine Woche und dann ist schon der 1. Advent. Habt Ihr auch schon dekoriert und das Haus aufgeh\u00c3\u00bcbscht? Wir haben gestern und heute die Weihnachtsdeko unter der Treppe hervorgeholt, die Lichterketten aufgeh\u00c3\u00a4ngt und Dekoelemente aufgebaut. Ich freue mich! :hurra: Ich liebe diese Zeit! Es ist wesentlich ruhiger drau\u00c3\u0178en, Kerzenschein, Kuscheldecke, leckeres Geb\u00c3\u00a4ck, Weihnachtsmusik, nach Gew\u00c3\u00bcrzen duftender Tee und \u00c3\u00bcberall die Lichter, wenn es dunkel wird. Hach&#8230; Besonders freue mich nat\u00c3\u00bcrlich auch auf diverse Weihnnachtsm\u00c3\u00a4rkte, lieben Besuch bei uns, meine Fahrt zum Tochterkind nach Erfurt zum 2. Advent, das Pl\u00c3\u00a4tzchenbacken mit einer liebgewonnenen Kollegin, die eigentlich schon eine richtige Freundin ist und noch vieles mehr. Da soll nochmal einer sagen, der Winter doof. Isser nich!!!<\/p>\n","protected":false},"author":1,"featured_media":0,"comment_status":"open","ping_status":"open","sticky":false,"template":"","format":"standard","meta":{"_jetpack_newsletter_access":"","_jetpack_dont_email_post_to_subs":true,"_jetpack_newsletter_tier_id":0,"_jetpack_memberships_contains_paywalled_content":false,"_jetpack_memberships_contains_paid_content":false,"footnotes":""},"categories":[114],"tags":[1007,81],"class_list":["post-17609","post","type-post","status-publish","format-standard","hentry","category-plauderecke","tag-advent","tag-weihnachten"],"jetpack_sharing_enabled":true,"jetpack_shortlink":"https:\/\/wp.me\/pq7aY-4A1","jetpack_likes_enabled":true,"jetpack-related-posts":[],"jetpack_featured_media_url":"","_links":{"self":[{"href":"https:\/\/terragina.de\/blog\/wp-json\/wp\/v2\/posts\/17609","targetHints":{"allow":["GET"]}}],"collection":[{"href":"https:\/\/terragina.de\/blog\/wp-json\/wp\/v2\/posts"}],"about":[{"href":"https:\/\/terragina.de\/blog\/wp-json\/wp\/v2\/types\/post"}],"author":[{"embeddable":true,"href":"https:\/\/terragina.de\/blog\/wp-json\/wp\/v2\/users\/1"}],"replies":[{"embeddable":true,"href":"https:\/\/terragina.de\/blog\/wp-json\/wp\/v2\/comments?post=17609"}],"version-history":[{"count":0,"href":"https:\/\/terragina.de\/blog\/wp-json\/wp\/v2\/posts\/17609\/revisions"}],"wp:attachment":[{"href":"https:\/\/terragina.de\/blog\/wp-json\/wp\/v2\/media?parent=17609"}],"wp:term":[{"taxonomy":"category","embeddable":true,"href":"https:\/\/terragina.de\/blog\/wp-json\/wp\/v2\/categories?post=17609"},{"taxonomy":"post_tag","embeddable":true,"href":"https:\/\/terragina.de\/blog\/wp-json\/wp\/v2\/tags?post=17609"}],"curies":[{"name":"wp","href":"https:\/\/api.w.org\/{rel}","templated":true}]}}