{"id":17743,"date":"2017-01-06T16:58:22","date_gmt":"2017-01-06T15:58:22","guid":{"rendered":"http:\/\/terragina.de\/blog\/?p=17743"},"modified":"2017-08-13T11:29:39","modified_gmt":"2017-08-13T09:29:39","slug":"karamellsauce-wie-bei-starbucks","status":"publish","type":"post","link":"https:\/\/terragina.de\/blog\/2017\/01\/06\/karamellsauce-wie-bei-starbucks\/","title":{"rendered":"Karamellsauce wie bei Starbucks"},"content":{"rendered":"<p><span class=\"dropcap\">S<\/span>eid Ihr auch ein <em>Kaffeespezialit\u00c3\u00a4ten-Schleckerm\u00c3\u00a4ulchen<\/em> wie ich? Und haltet Ihr &#8211; genau wie ich &#8211; Karamellsauce auf Eurem Cappucino bzw. Latte Macchiato f\u00c3\u00bcr absolut unwiderstehlich? <strong>Ja?<\/strong><\/p>\n<p>Dann habe ich heute ein einfaches und gelingsicheres Rezept f\u00c3\u00bcr Euch, denn vielleicht habt Ihr ja auch schon den ein oder anderen vergeblichen Versuch hinter Euch, eine solche Dessertsauce selber zu machen. Die gr\u00c3\u00b6\u00c3\u0178te Herausforderung bei der Herstellung ist wohl, die Konsistenz der Sauce so hinzubekommen, dass sie\u00c2\u00a0noch so fl\u00c3\u00bcssig bleibt, dass man sie problemlos aus dem K\u00c3\u00bchlschrank entnehmen und auf den Milchschaum spritzen kann.<\/p>\n<p>Ihr k\u00c3\u00b6nnt mir glauben &#8211; ich war mega-gespannt, als ich nach der Zubereitung die abgek\u00c3\u00bchlte Karamell-Sauce in das <a href=\"https:\/\/goo.gl\/l8Ptmn\" target=\"_blank\">Dekorierfl\u00c3\u00a4schchen<\/a> abgef\u00c3\u00bcllt hatte. Bei Raumtemperatur war die Konsistenz prima &#8211; <em>aber blieb sie es auch gek\u00c3\u00bchlt?<\/em><\/p>\n<p>:dance2: Oh ja, sie blieb es und jetzt nach einer guten Woche kann ich sagen: Sie schmeckt auch heute noch genauso lecker wie am ersten Tag und der Milchschaum l\u00c3\u00a4sst sich kinderleicht verzieren. Ganz ehrlich: Ich k\u00c3\u00b6nnte das Zeug auch einfach so l\u00c3\u00b6ffeln, aber das lasse ich &#8211; aus Gr\u00c3\u00bcnden &#8211; wohl besser. :-)<\/p>\n<h2 style=\"text-align: center;\">Karamell-Sauce wie bei Starbucks<\/h2>\n<p><a href=\"http:\/\/terragina.de\/blog\/wp-content\/uploads\/2017\/01\/salted_caramel_sauce-02.jpg\" rel=\"lightbox[17743]\"><img loading=\"lazy\" decoding=\"async\" class=\"aligncenter size-full wp-image-17746\" src=\"http:\/\/terragina.de\/blog\/wp-content\/uploads\/2017\/01\/salted_caramel_sauce-02.jpg\" alt=\"\" width=\"840\" height=\"560\" srcset=\"https:\/\/terragina.de\/blog\/wp-content\/uploads\/2017\/01\/salted_caramel_sauce-02.jpg 840w, https:\/\/terragina.de\/blog\/wp-content\/uploads\/2017\/01\/salted_caramel_sauce-02-800x533.jpg 800w\" sizes=\"auto, (max-width: 840px) 100vw, 840px\" \/><\/a><\/p>\n<p><em>Zutaten f\u00c3\u00bcr ca. 250 ml:<\/em><\/p>\n<ul>\n<li>150 ml Wasser<\/li>\n<li>250 g Zucker<\/li>\n<li>250 ml Sahne<\/li>\n<li>1 TL Vanille-Extrakt oder Vanille-Paste<\/li>\n<\/ul>\n<p><em>Zubereitung:<\/em><\/p>\n<ol>\n<li>Das Wasser gemeinsam mit dem Zucker in einen hohen Topf oder eine hohe Stielkasserolle geben. Bei mittlerer Hitze aufkochen und \u00c2\u00a0einige Minuten k\u00c3\u00b6cheln lassen &#8211; NICHT R\u00c3\u0153HREN, \u00c2\u00a0nur evtl. den Topf ein wenig auf der Platte bewegen, bis die Farbe ein dunkles Amber erreicht hat. <em>Hier ist ein wenig Geduld gefragt &#8211; es dauert, bis das ganze Wasser verdampft ist.<\/em><\/li>\n<li>In der Zwischenzeit den\u00c2\u00a0Vanilleextrakt in der Sahne aufl\u00c3\u00b6sen und bereit stellen, ebenso ein zusammengefaltetes Geschirrtuch auf der Arbeitsfl\u00c3\u00a4che neben dem Herd legen.<\/li>\n<li>Wenn der karamellisierte Zucker den richtigen Farbton erreicht den Topf vom Herd nehmen und auf das vorbereitete Tuch stellen. Dann langsam und <strong>unter st\u00c3\u00a4ndigem vorsichtigem R\u00c3\u00bchren<\/strong> &#8211; am besten mit einem temperatur-best\u00c3\u00a4ndigen Silikonspatel &#8211; die mit Vanille aromatisierte Sahne dazu gie\u00c3\u0178en. \u00c2\u00a0<strong>Vorsicht &#8211; es spritzt gerne!<\/strong> Sollten sich Kl\u00c3\u00bcmpchen bilden, einfach nochmal zur\u00c3\u00bcck auf den Herd stellen und noch etwas\u00c2\u00a0r\u00c3\u00bchren.<\/li>\n<li><em>That\u00c2\u00b4s it!<\/em> Schon ist die Karamell-Sauce fertig. Nun dem Topf &#8211; auch wenn es sehr schwer f\u00c3\u00a4llt &#8211; keinerlei Beachtung mehr schenken und ganz in Ruhe abk\u00c3\u00bchlen lassen.<\/li>\n<li>Ist die Sauce kalt l\u00c3\u00a4sst sie sich prima in ein Dekorierfl\u00c3\u00a4schchen abf\u00c3\u00bcllen.<\/li>\n<\/ol>\n<p>Reste verbrauchen sich schnell z.B. \u00c3\u00bcber Eiscreme, Pancakes und\/oder auf`m Brot. Oder lassen sich einfach so wegnaschen&#8230;  :scratch: <\/p>\n<p>Und wer braucht bitte Starbucks, wenn er eine gute Kaffeemaschine zu Hause hat, leckeren Milchschaum zubereiten kann und <em>last, but noch least,<\/em> diese s\u00c3\u00bcchtigmachende Sauce im K\u00c3\u00bchlschrank stehen hat?<\/p>\n","protected":false},"excerpt":{"rendered":"<p>Seid Ihr auch ein Kaffeespezialit\u00c3\u00a4ten-Schleckerm\u00c3\u00a4ulchen wie ich? Und haltet Ihr &#8211; genau wie ich &#8211; Karamellsauce auf Eurem Cappucino bzw. Latte Macchiato f\u00c3\u00bcr absolut unwiderstehlich? Ja? Dann habe ich heute ein einfaches und gelingsicheres Rezept f\u00c3\u00bcr Euch, denn vielleicht habt Ihr ja auch schon den ein oder anderen vergeblichen Versuch hinter Euch, eine solche Dessertsauce selber zu machen. Die gr\u00c3\u00b6\u00c3\u0178te Herausforderung bei der Herstellung ist wohl, die Konsistenz der Sauce so hinzubekommen, dass sie\u00c2\u00a0noch so fl\u00c3\u00bcssig bleibt, dass man sie problemlos aus dem K\u00c3\u00bchlschrank entnehmen und auf den Milchschaum spritzen kann. Ihr k\u00c3\u00b6nnt mir glauben &#8211; ich war mega-gespannt, als ich nach der Zubereitung die abgek\u00c3\u00bchlte Karamell-Sauce in das Dekorierfl\u00c3\u00a4schchen abgef\u00c3\u00bcllt hatte. Bei Raumtemperatur war die Konsistenz prima &#8211; aber blieb sie es auch gek\u00c3\u00bchlt? :dance2: Oh ja, sie blieb es und jetzt nach einer guten Woche kann ich sagen: Sie schmeckt auch heute noch genauso lecker wie am ersten Tag und der Milchschaum l\u00c3\u00a4sst sich kinderleicht verzieren. Ganz ehrlich: Ich k\u00c3\u00b6nnte das Zeug auch einfach so l\u00c3\u00b6ffeln, aber das lasse ich &#8211; aus Gr\u00c3\u00bcnden &hellip;<\/p>\n","protected":false},"author":1,"featured_media":17744,"comment_status":"open","ping_status":"open","sticky":false,"template":"","format":"standard","meta":{"_jetpack_newsletter_access":"","_jetpack_dont_email_post_to_subs":true,"_jetpack_newsletter_tier_id":0,"_jetpack_memberships_contains_paywalled_content":false,"_jetpack_memberships_contains_paid_content":false,"footnotes":""},"categories":[7,114],"tags":[263,1044,575,64,557],"class_list":["post-17743","post","type-post","status-publish","format-standard","has-post-thumbnail","hentry","category-leckeres","category-plauderecke","tag-dessert","tag-featured","tag-kaffee","tag-rezepte","tag-sauce"],"jetpack_sharing_enabled":true,"jetpack_shortlink":"https:\/\/wp.me\/pq7aY-4Cb","jetpack_likes_enabled":true,"jetpack-related-posts":[],"jetpack_featured_media_url":"https:\/\/terragina.de\/blog\/wp-content\/uploads\/2017\/01\/salted_caramel_sauce-01.jpg","_links":{"self":[{"href":"https:\/\/terragina.de\/blog\/wp-json\/wp\/v2\/posts\/17743","targetHints":{"allow":["GET"]}}],"collection":[{"href":"https:\/\/terragina.de\/blog\/wp-json\/wp\/v2\/posts"}],"about":[{"href":"https:\/\/terragina.de\/blog\/wp-json\/wp\/v2\/types\/post"}],"author":[{"embeddable":true,"href":"https:\/\/terragina.de\/blog\/wp-json\/wp\/v2\/users\/1"}],"replies":[{"embeddable":true,"href":"https:\/\/terragina.de\/blog\/wp-json\/wp\/v2\/comments?post=17743"}],"version-history":[{"count":0,"href":"https:\/\/terragina.de\/blog\/wp-json\/wp\/v2\/posts\/17743\/revisions"}],"wp:featuredmedia":[{"embeddable":true,"href":"https:\/\/terragina.de\/blog\/wp-json\/wp\/v2\/media\/17744"}],"wp:attachment":[{"href":"https:\/\/terragina.de\/blog\/wp-json\/wp\/v2\/media?parent=17743"}],"wp:term":[{"taxonomy":"category","embeddable":true,"href":"https:\/\/terragina.de\/blog\/wp-json\/wp\/v2\/categories?post=17743"},{"taxonomy":"post_tag","embeddable":true,"href":"https:\/\/terragina.de\/blog\/wp-json\/wp\/v2\/tags?post=17743"}],"curies":[{"name":"wp","href":"https:\/\/api.w.org\/{rel}","templated":true}]}}