{"id":1775,"date":"2009-07-26T17:10:39","date_gmt":"2009-07-26T15:10:39","guid":{"rendered":"http:\/\/terragina.de\/blog\/?p=1775"},"modified":"2011-07-09T10:22:46","modified_gmt":"2011-07-09T08:22:46","slug":"auf-der-terrasse-mit-der-makrolinse","status":"publish","type":"post","link":"https:\/\/terragina.de\/blog\/2009\/07\/26\/auf-der-terrasse-mit-der-makrolinse\/","title":{"rendered":"Auf der Terrasse mit der Makrolinse"},"content":{"rendered":"<p>Fr\u00c3\u00bch morgens, gegen 8 Uhr, war`s heute noch sehr diesig hier und viel Feuchtigkeit lag in der Luft. Idealer Zeitpunkt, um auf der Terrasse mal nach Motiven zu suchen, die die Natur gemalt hat. Und ich bin f\u00c3\u00bcndig geworden:<\/p>\n<p style=\"text-align: center;\"><a href=\"http:\/\/terragina.de\/blog\/wp-content\/uploads\/2009\/07\/Garten_01.jpg\" title=\"Bauk\u00c3\u00bcnstler\" rel=\"lightbox[1775]\"><img loading=\"lazy\" decoding=\"async\" src=\"http:\/\/terragina.de\/blog\/wp-content\/uploads\/2009\/07\/Garten_01-tm.jpg\" width=\"220\" height=\"165\" alt=\"Garten_01.jpg\" \/><\/a><\/p>\n<p>Sieht das nicht toll aus, diese klitzekleinen Tautr\u00c3\u00b6pfchen auf den feinen F\u00c3\u00a4den des Spinnennetzes? Ich bin immer wieder auf\u00c2\u00b4s Neue fasziniert.<\/p>\n<p>W\u00c3\u00a4hrend ich den Schmetterlingsflieder mal seiner verbl\u00c3\u00bchten Bl\u00c3\u00bcten entledigt hatte, bin ich dann auf das hier gestossen:<\/p>\n<div style=\"text-align: center;\">\n  <a href=\"http:\/\/terragina.de\/blog\/wp-content\/uploads\/2009\/07\/Garten_03.jpg\" title=\"Roter Mauerpfeffer\" rel=\"lightbox[1775]\"><img loading=\"lazy\" decoding=\"async\" src=\"http:\/\/terragina.de\/blog\/wp-content\/uploads\/2009\/07\/Garten_03-tm.jpg\" width=\"220\" height=\"220\" alt=\"Garten_03.jpg\" \/><\/a>\n<\/div>\n<p>Der <a href=\"http:\/\/www.bakker-holland.de\/Catalog\/Productdetail.aspx?&amp;productid=1403&amp;campaign=komdat&amp;promotion=J2\" title=\"Roter Mauerpfeffer\">Rote Mauerpfeffer<\/a> bl\u00c3\u00bcht endlich :) Drei Jahre warte ich jetzt schon darauf und just heute morgen um ca. 8:30 Uhr habe ich die ersten kleinen Bl\u00c3\u00bctchen entdeckt. Wie sehr habe ich mich dar\u00c3\u00bcber gefreut!<\/p>\n<p>Bei sch\u00c3\u00b6nstem Sonnenschein hatten wir ein paar Besucher im Garten, die ich euch gerne auch noch zeigen wollte. Inspiriert durch Frau Sterntau`s sch\u00c3\u00b6nes <a href=\"http:\/\/sterntau.wordpress.com\/2009\/07\/26\/taglich-ein-schmetterling-iv\/\" title=\"T\u00c3\u00a4glich ein Schmetterling bei Frau Sterntau\">Schmetterlingsprojekt<\/a>, bin ich ein wenig um unseren Schmetterlingsflieder herumgeschlichen, wo derzeit reger Flugverkehr herrscht. Allerdings ist`s meistens ein und die selbe Sorte Schmetterling, hierzulande scheint es nicht eine solche Artenvielfalt zu geben &#8211; bisschen schade, aber eben nicht zu \u00c3\u00a4ndern.<\/p>\n<p>Erstmal ein Bienchen:<\/p>\n<div style=\"text-align: center;\">\n  <a href=\"http:\/\/terragina.de\/blog\/wp-content\/uploads\/2009\/07\/Garten_02.jpg\" title=\"Eine Brummsel\" rel=\"lightbox[1775]\"><img loading=\"lazy\" decoding=\"async\" src=\"http:\/\/terragina.de\/blog\/wp-content\/uploads\/2009\/07\/Garten_02-tm.jpg\" width=\"220\" height=\"165\" alt=\"Garten_02.jpg\" \/><\/a>\n<\/div>\n<p>Und dann ein h\u00c3\u00bcbscher Falter, der sich kaum hat st\u00c3\u00b6ren lassen. wei\u00c3\u0178 jemand, wie er hei\u00c3\u0178t? Ich kenne mich mit den Namen leider \u00c3\u00bcberhaupt nicht aus&#8230;.<\/p>\n<div style=\"text-align: center;\">\n  <a href=\"http:\/\/terragina.de\/blog\/wp-content\/uploads\/2009\/07\/Schmetterling_01.jpg\" rel=\"lightbox[1775]\"><img loading=\"lazy\" decoding=\"async\" src=\"http:\/\/terragina.de\/blog\/wp-content\/uploads\/2009\/07\/Schmetterling_01-tm.jpg\" width=\"220\" height=\"220\" alt=\"Schmetterling_01.jpg\" \/><\/a>\n<\/div>\n<p>Zum guten Schlu\u00c3\u0178 m\u00c3\u00b6chte ich euch mit ein klein wenig Stolz noch dieses Foto zeigen &#8230;.<\/p>\n<div style=\"text-align: center;\">\n  <a href=\"http:\/\/terragina.de\/blog\/wp-content\/uploads\/2009\/07\/Schmetterling_02.jpg\" rel=\"lightbox[1775]\"><img loading=\"lazy\" decoding=\"async\" src=\"http:\/\/terragina.de\/blog\/wp-content\/uploads\/2009\/07\/Schmetterling_02-tm.jpg\" width=\"220\" height=\"165\" alt=\"Schmetterling_02.jpg\" \/><\/a>\n<\/div>\n<p>Die Natur ist einfach nur wundersch\u00c3\u00b6n &#8211; besonders, wenn man mal etwas genauer hinsieht ;-)<\/p>\n<p style=\"text-align: center;\"><!--YouTube-Fehler: falsche URL eingegeben--><\/p>\n<p style=\"text-align: center;\"><\/p>\n","protected":false},"excerpt":{"rendered":"<p>Fr\u00c3\u00bch morgens, gegen 8 Uhr, war`s heute noch sehr diesig hier und viel Feuchtigkeit lag in der Luft. Idealer Zeitpunkt, um auf der Terrasse mal nach Motiven zu suchen, die die Natur gemalt hat. Und ich bin f\u00c3\u00bcndig geworden: Sieht das nicht toll aus, diese klitzekleinen Tautr\u00c3\u00b6pfchen auf den feinen F\u00c3\u00a4den des Spinnennetzes? Ich bin immer wieder auf\u00c2\u00b4s Neue fasziniert. W\u00c3\u00a4hrend ich den Schmetterlingsflieder mal seiner verbl\u00c3\u00bchten Bl\u00c3\u00bcten entledigt hatte, bin ich dann auf das hier gestossen: Der Rote Mauerpfeffer bl\u00c3\u00bcht endlich :) Drei Jahre warte ich jetzt schon darauf und just heute morgen um ca. 8:30 Uhr habe ich die ersten kleinen Bl\u00c3\u00bctchen entdeckt. Wie sehr habe ich mich dar\u00c3\u00bcber gefreut! Bei sch\u00c3\u00b6nstem Sonnenschein hatten wir ein paar Besucher im Garten, die ich euch gerne auch noch zeigen wollte. Inspiriert durch Frau Sterntau`s sch\u00c3\u00b6nes Schmetterlingsprojekt, bin ich ein wenig um unseren Schmetterlingsflieder herumgeschlichen, wo derzeit reger Flugverkehr herrscht. Allerdings ist`s meistens ein und die selbe Sorte Schmetterling, hierzulande scheint es nicht eine solche Artenvielfalt zu geben &#8211; bisschen schade, aber eben nicht zu \u00c3\u00a4ndern. &hellip;<\/p>\n","protected":false},"author":1,"featured_media":0,"comment_status":"open","ping_status":"open","sticky":false,"template":"","format":"standard","meta":{"_jetpack_newsletter_access":"","_jetpack_dont_email_post_to_subs":false,"_jetpack_newsletter_tier_id":0,"_jetpack_memberships_contains_paywalled_content":false,"_jetpack_memberships_contains_paid_content":false,"footnotes":""},"categories":[114],"tags":[975,421,964,422,226,592,267],"class_list":["post-1775","post","type-post","status-publish","format-standard","hentry","category-plauderecke","tag-blumen","tag-fotoalbum","tag-fotografie","tag-fotos","tag-pflanzen","tag-photos","tag-tiere"],"jetpack_sharing_enabled":true,"jetpack_shortlink":"https:\/\/wp.me\/pq7aY-sD","jetpack_likes_enabled":true,"jetpack-related-posts":[],"jetpack_featured_media_url":"","_links":{"self":[{"href":"https:\/\/terragina.de\/blog\/wp-json\/wp\/v2\/posts\/1775","targetHints":{"allow":["GET"]}}],"collection":[{"href":"https:\/\/terragina.de\/blog\/wp-json\/wp\/v2\/posts"}],"about":[{"href":"https:\/\/terragina.de\/blog\/wp-json\/wp\/v2\/types\/post"}],"author":[{"embeddable":true,"href":"https:\/\/terragina.de\/blog\/wp-json\/wp\/v2\/users\/1"}],"replies":[{"embeddable":true,"href":"https:\/\/terragina.de\/blog\/wp-json\/wp\/v2\/comments?post=1775"}],"version-history":[{"count":0,"href":"https:\/\/terragina.de\/blog\/wp-json\/wp\/v2\/posts\/1775\/revisions"}],"wp:attachment":[{"href":"https:\/\/terragina.de\/blog\/wp-json\/wp\/v2\/media?parent=1775"}],"wp:term":[{"taxonomy":"category","embeddable":true,"href":"https:\/\/terragina.de\/blog\/wp-json\/wp\/v2\/categories?post=1775"},{"taxonomy":"post_tag","embeddable":true,"href":"https:\/\/terragina.de\/blog\/wp-json\/wp\/v2\/tags?post=1775"}],"curies":[{"name":"wp","href":"https:\/\/api.w.org\/{rel}","templated":true}]}}