{"id":17945,"date":"2017-11-22T20:15:11","date_gmt":"2017-11-22T19:15:11","guid":{"rendered":"http:\/\/terragina.de\/blog\/?p=17945"},"modified":"2017-11-23T06:12:56","modified_gmt":"2017-11-23T05:12:56","slug":"vorbereitungen","status":"publish","type":"post","link":"https:\/\/terragina.de\/blog\/2017\/11\/22\/vorbereitungen\/","title":{"rendered":"Vorbereitungen"},"content":{"rendered":"<p><span class=\"dropcap\">N<\/span>ur noch wenige Tage und die Weihnachtszeit beginnt. Und ich gebe zu &#8211; wir stehen schon wieder in den Startl\u00c3\u00b6chern. Die Kisten sind zum Teil unter der Treppe hervorgezogen worden und an zwei Fenstern haben wir sogar gestern schon geschm\u00c3\u00bcckt.<\/p>\n<p><em>Warum :?:<\/em> <\/p>\n<p>Das ist einfach erkl\u00c3\u00a4rt. Schon als ich ein kleines M\u00c3\u00a4dchen war hatten meine Eltern zur Adventszeit immer einen Herrnhuter Stern \u00c3\u00bcber der Couch h\u00c3\u00a4ngen und ich habe ihn sehr geliebt. Und schon vor vielen Jahren hatte ich mir in den Kopf gesetzt, eines Tages auch mal einen solchen Stern mein Eigen zu nennen. <\/p>\n<p>Schon seit einigen Jahren ziert ein eben solcher &#8222;Indoor-Stern&#8220; unseren Ess- und Wohnbereich und wir erfreuen uns jedes Jahr aufs Neue sehr daran. Im vorletzten Jahr durfte dann noch ein Au\u00c3\u0178enstern bei uns &#8222;einziehen&#8220;, der nun in den sch\u00c3\u00b6nsten Wochen des Jahres auf der Terrasse h\u00c3\u00a4ngt &#8211; seines Zeichens kein Original, aber nur ein klitzekleines bisschen weniger sch\u00c3\u00b6n <small>und dabei weitaus g\u00c3\u00bcnstiger<\/small>.<\/p>\n<p>Im letzten Jahr dann habe ich mir einen weiteren langgehegten Wunsch erf\u00c3\u00bcllt &#8211; ich wollte gerne noch drei Ministerne f\u00c3\u00bcr unser K\u00c3\u00bcchenfenster. Diese bestellte ich mir und sie erhellten mir die Adventszeit. :heart: <\/p>\n<p>Wer nun aber au\u00c3\u0178en an unserem H\u00c3\u00a4uschen vorbei l\u00c3\u00a4uft sieht, dass neben eben diesem K\u00c3\u00bcchenfenster noch zwei weitere, identisch gro\u00c3\u0178e Fenster sind. Und w\u00c3\u00a4re es da nicht supersch\u00c3\u00b6n, wenn alle drei Fenster gleich weihnachtlich aufgeh\u00c3\u00bcbscht w\u00c3\u00a4ren?  :yes:  Leider k\u00c3\u00b6nnen wir das mittlere Fenster nicht dekorieren, da es sich um das Fenster unseres G\u00c3\u00a4ste-WCs handelt und die Scheibe foliert ist. Aber das zweite \u00c3\u00a4u\u00c3\u0178ere Fenster, welches zu unserem Essbereich und der Garderobe geh\u00c3\u00b6rt, das war quasi noch geradezu dazu pr\u00c3\u00a4distiniert, ebenfalls mit Sternchen dekoriert zu werden. Und so habe ich voller Vorfreude die fehlenden drei Sternchen sowie ein geeignetes Netzteil bestellt und gestern sind sie angekommen. <\/p>\n<p>Und nun brauche ich eigentlich nicht mehr weiter schreiben, denn das Ergebnis seht Ihr in diesem Beitragsbild. Mal schauen, ob ich bei Gelegenheit noch einmal ein Foto von der \u00c3\u00a4u\u00c3\u0178eren Hausansicht nachreiche&#8230;<\/p>\n<p>Seid herzlich gegr\u00c3\u00bc\u00c3\u0178t, <\/p>\n","protected":false},"excerpt":{"rendered":"<p>Nur noch wenige Tage und die Weihnachtszeit beginnt. Und ich gebe zu &#8211; wir stehen schon wieder in den Startl\u00c3\u00b6chern. Die Kisten sind zum Teil unter der Treppe hervorgezogen worden und an zwei Fenstern haben wir sogar gestern schon geschm\u00c3\u00bcckt. Warum :?: Das ist einfach erkl\u00c3\u00a4rt. Schon als ich ein kleines M\u00c3\u00a4dchen war hatten meine Eltern zur Adventszeit immer einen Herrnhuter Stern \u00c3\u00bcber der Couch h\u00c3\u00a4ngen und ich habe ihn sehr geliebt. Und schon vor vielen Jahren hatte ich mir in den Kopf gesetzt, eines Tages auch mal einen solchen Stern mein Eigen zu nennen. Schon seit einigen Jahren ziert ein eben solcher &#8222;Indoor-Stern&#8220; unseren Ess- und Wohnbereich und wir erfreuen uns jedes Jahr aufs Neue sehr daran. Im vorletzten Jahr durfte dann noch ein Au\u00c3\u0178enstern bei uns &#8222;einziehen&#8220;, der nun in den sch\u00c3\u00b6nsten Wochen des Jahres auf der Terrasse h\u00c3\u00a4ngt &#8211; seines Zeichens kein Original, aber nur ein klitzekleines bisschen weniger sch\u00c3\u00b6n und dabei weitaus g\u00c3\u00bcnstiger. Im letzten Jahr dann habe ich mir einen weiteren langgehegten Wunsch erf\u00c3\u00bcllt &#8211; ich wollte gerne noch drei &hellip;<\/p>\n","protected":false},"author":1,"featured_media":17946,"comment_status":"open","ping_status":"open","sticky":false,"template":"","format":"standard","meta":{"_jetpack_newsletter_access":"","_jetpack_dont_email_post_to_subs":false,"_jetpack_newsletter_tier_id":0,"_jetpack_memberships_contains_paywalled_content":false,"_jetpack_memberships_contains_paid_content":false,"footnotes":""},"categories":[114],"tags":[1007,81],"class_list":["post-17945","post","type-post","status-publish","format-standard","has-post-thumbnail","hentry","category-plauderecke","tag-advent","tag-weihnachten"],"jetpack_sharing_enabled":true,"jetpack_shortlink":"https:\/\/wp.me\/pq7aY-4Fr","jetpack_likes_enabled":true,"jetpack-related-posts":[],"jetpack_featured_media_url":"https:\/\/terragina.de\/blog\/wp-content\/uploads\/2017\/11\/herrnhuter_ministerne.jpg","_links":{"self":[{"href":"https:\/\/terragina.de\/blog\/wp-json\/wp\/v2\/posts\/17945","targetHints":{"allow":["GET"]}}],"collection":[{"href":"https:\/\/terragina.de\/blog\/wp-json\/wp\/v2\/posts"}],"about":[{"href":"https:\/\/terragina.de\/blog\/wp-json\/wp\/v2\/types\/post"}],"author":[{"embeddable":true,"href":"https:\/\/terragina.de\/blog\/wp-json\/wp\/v2\/users\/1"}],"replies":[{"embeddable":true,"href":"https:\/\/terragina.de\/blog\/wp-json\/wp\/v2\/comments?post=17945"}],"version-history":[{"count":0,"href":"https:\/\/terragina.de\/blog\/wp-json\/wp\/v2\/posts\/17945\/revisions"}],"wp:featuredmedia":[{"embeddable":true,"href":"https:\/\/terragina.de\/blog\/wp-json\/wp\/v2\/media\/17946"}],"wp:attachment":[{"href":"https:\/\/terragina.de\/blog\/wp-json\/wp\/v2\/media?parent=17945"}],"wp:term":[{"taxonomy":"category","embeddable":true,"href":"https:\/\/terragina.de\/blog\/wp-json\/wp\/v2\/categories?post=17945"},{"taxonomy":"post_tag","embeddable":true,"href":"https:\/\/terragina.de\/blog\/wp-json\/wp\/v2\/tags?post=17945"}],"curies":[{"name":"wp","href":"https:\/\/api.w.org\/{rel}","templated":true}]}}