{"id":2013,"date":"2009-09-04T16:41:40","date_gmt":"2009-09-04T14:41:40","guid":{"rendered":"http:\/\/terragina.de\/blog\/?p=2013"},"modified":"2011-07-09T10:21:15","modified_gmt":"2011-07-09T08:21:15","slug":"eine-herzige-ueberraschung","status":"publish","type":"post","link":"https:\/\/terragina.de\/blog\/2009\/09\/04\/eine-herzige-ueberraschung\/","title":{"rendered":"Eine herzige \u00c3\u0153berraschung"},"content":{"rendered":"<p>In doppelter Hinsicht &#8211; und glaubt mir, ich habe mich riesig gefreut. Denn schon seit einigen Wochen oder Monaten bin ich immer wieder auf der Suche nach genau diesen Herzen. Ich habe sie ja schon daheim, aber wie 12-j\u00c3\u00a4hrige Jungs eben nunmal so sind, vergessen sie eben auch mal so das ein oder andere.<\/p>\n<p>So auch dieses eine kleine rote Herz, worin sich &#8211; vor mindestens zwei Monaten &#8211; getrocknete Bananenscheiben befanden. Dieses kleine rote Herz wanderte in seiner Bentobox (wo es eben genau platzausf\u00c3\u00bcllend in eine Ecke passt) mit in die Schule, von wo diese kleine h\u00c3\u00bcbsche Muffinform leider den Weg nach Hause nicht mehr fand<span style=\"text-decoration: line-through\">, weil der Sohnemann die kleine Form gro\u00c3\u0178z\u00c3\u00bcgig in der Klasse herumreichte<\/span>. Dumm nur, dass mir jetzt f\u00c3\u00bcr`s \u00e2\u20ac\u017eherf\u00c3\u00b6rmige Muffins backen\u00e2\u20ac\u009d die ganze Zeit eben dieses eine Herzchen fehlte. :noidea:<\/p>\n<p>Mein Leid klagte ich dem lieben <a href=\"http:\/\/fraeuleinfrieda.wordpress.com\/\" title=\"Jaa, ich m\u00c3\u00b6chte Frl. Frieda besuchen\">Frl. Frieda<\/a> &#8211; wenigstens eine Person, die mich verstand. :yes1:<\/p>\n<p>Immer, wenn ich an dem kleinen Laden vorbeikam, wo ich die Herzchen seinerzeit k\u00c3\u00a4uflich erworben habe, f\u00c3\u00bchrte mich der Weg hinein und schaute erwartungsfroh in das entsprechende Regal. Leider scheint der Laden in dem Einkaufszentrum sein Sortiment auf kleine Pralinen-F\u00c3\u00b6rmchen und anderen Schnickeldi zu beschr\u00c3\u00a4nken. Weit und breit war jedenfalls keine Herzchen-Packung zu sehen.<\/p>\n<p>Die aufmerksame Leserin \/ Der aufmerksame Leser hat gestern auch sicher mitbekommen, dass wir wieder lieben Besuch aus einem kleinen hessischen \u00c3\u2013rtchen hatten. Und ich wusste ja bereits, dass Frl. Frieda eine \u00c3\u0153berraschung f\u00c3\u00bcr mich hatte. Ich liiiiebe \u00c3\u0153berraschungen. :dance:<\/p>\n<p>Aber damit &#8211; damit habe ich in dem Moment so gar nicht gerechnet &#8211; und ja, ich habe mich riesig gefreut!! :sing: :-x Ganz ganz vielen Dank, Frl. Frieda, nochmal an dieser Stelle!! :hearts:<\/p>\n<p><\/p>\n<div style=\"text-align: center;\">\n  <a href=\"http:\/\/terragina.de\/blog\/wp-content\/uploads\/2009\/09\/herzen.jpg\" rel=\"lightbox[2013]\"><img loading=\"lazy\" decoding=\"async\" src=\"http:\/\/terragina.de\/blog\/wp-content\/uploads\/2009\/09\/herzen-tm.jpg\" width=\"160\" height=\"120\" alt=\"herzen.jpg\" \/><\/a>\n<\/div>\n<p>Nun kann der Sohnemann die F\u00c3\u00b6rmchen wieder gef\u00c3\u00bcllt mit in die Schule nehmen &#8211; ich habe drei \u00e2\u20ac\u017ein petto\u00e2\u20ac\u009d&#8230;. :roll:<\/p>\n","protected":false},"excerpt":{"rendered":"<p>In doppelter Hinsicht &#8211; und glaubt mir, ich habe mich riesig gefreut. Denn schon seit einigen Wochen oder Monaten bin ich immer wieder auf der Suche nach genau diesen Herzen. Ich habe sie ja schon daheim, aber wie 12-j\u00c3\u00a4hrige Jungs eben nunmal so sind, vergessen sie eben auch mal so das ein oder andere. So auch dieses eine kleine rote Herz, worin sich &#8211; vor mindestens zwei Monaten &#8211; getrocknete Bananenscheiben befanden. Dieses kleine rote Herz wanderte in seiner Bentobox (wo es eben genau platzausf\u00c3\u00bcllend in eine Ecke passt) mit in die Schule, von wo diese kleine h\u00c3\u00bcbsche Muffinform leider den Weg nach Hause nicht mehr fand, weil der Sohnemann die kleine Form gro\u00c3\u0178z\u00c3\u00bcgig in der Klasse herumreichte. Dumm nur, dass mir jetzt f\u00c3\u00bcr`s \u00e2\u20ac\u017eherf\u00c3\u00b6rmige Muffins backen\u00e2\u20ac\u009d die ganze Zeit eben dieses eine Herzchen fehlte. :noidea: Mein Leid klagte ich dem lieben Frl. Frieda &#8211; wenigstens eine Person, die mich verstand. :yes1: Immer, wenn ich an dem kleinen Laden vorbeikam, wo ich die Herzchen seinerzeit k\u00c3\u00a4uflich erworben habe, f\u00c3\u00bchrte mich der Weg hinein und schaute &hellip;<\/p>\n","protected":false},"author":1,"featured_media":0,"comment_status":"open","ping_status":"open","sticky":false,"template":"","format":"standard","meta":{"_jetpack_newsletter_access":"","_jetpack_dont_email_post_to_subs":false,"_jetpack_newsletter_tier_id":0,"_jetpack_memberships_contains_paywalled_content":false,"_jetpack_memberships_contains_paid_content":false,"footnotes":""},"categories":[114],"tags":[535,154,319,973],"class_list":["post-2013","post","type-post","status-publish","format-standard","hentry","category-plauderecke","tag-uberraschung","tag-liebes","tag-nur-so","tag-plauderecke"],"jetpack_sharing_enabled":true,"jetpack_shortlink":"https:\/\/wp.me\/pq7aY-wt","jetpack_likes_enabled":true,"jetpack-related-posts":[],"jetpack_featured_media_url":"","_links":{"self":[{"href":"https:\/\/terragina.de\/blog\/wp-json\/wp\/v2\/posts\/2013","targetHints":{"allow":["GET"]}}],"collection":[{"href":"https:\/\/terragina.de\/blog\/wp-json\/wp\/v2\/posts"}],"about":[{"href":"https:\/\/terragina.de\/blog\/wp-json\/wp\/v2\/types\/post"}],"author":[{"embeddable":true,"href":"https:\/\/terragina.de\/blog\/wp-json\/wp\/v2\/users\/1"}],"replies":[{"embeddable":true,"href":"https:\/\/terragina.de\/blog\/wp-json\/wp\/v2\/comments?post=2013"}],"version-history":[{"count":0,"href":"https:\/\/terragina.de\/blog\/wp-json\/wp\/v2\/posts\/2013\/revisions"}],"wp:attachment":[{"href":"https:\/\/terragina.de\/blog\/wp-json\/wp\/v2\/media?parent=2013"}],"wp:term":[{"taxonomy":"category","embeddable":true,"href":"https:\/\/terragina.de\/blog\/wp-json\/wp\/v2\/categories?post=2013"},{"taxonomy":"post_tag","embeddable":true,"href":"https:\/\/terragina.de\/blog\/wp-json\/wp\/v2\/tags?post=2013"}],"curies":[{"name":"wp","href":"https:\/\/api.w.org\/{rel}","templated":true}]}}