{"id":2157,"date":"2009-09-20T16:41:37","date_gmt":"2009-09-20T14:41:37","guid":{"rendered":"http:\/\/terragina.de\/blog\/?p=2157"},"modified":"2011-07-09T10:20:17","modified_gmt":"2011-07-09T08:20:17","slug":"unser-wochenende","status":"publish","type":"post","link":"https:\/\/terragina.de\/blog\/2009\/09\/20\/unser-wochenende\/","title":{"rendered":"Unser Wochenende"},"content":{"rendered":"<p>Ein sehr veschnupftes Wochenende war`s, ich glaube, ich habe vor allem seit gestern abend die Taschent\u00c3\u00bcchter-Industrie prima untest\u00c3\u00bctzt. :-( Aber egal &#8211; Humor ist, wenn man trotzdem lacht &#8211; vor allem dann, wenn man noch so sch\u00c3\u00b6ne Dinge erlebt wie wir.<\/p>\n<p>Samstag vormittag &#8211; es ist dem Betrachter sicher nicht entgangen &#8211; habe ich meinem Blog wieder mal ein neues Kleidchen verpasst. Mir war so danach &#8211; leicht angenervt davon, dass ich f\u00c3\u00bcr manche Rahmen meiner Fotos immer die Hintergrundfarbe anpassen mu\u00c3\u0178te <span style=\"text-decoration: line-through\">und ich in die Tastatur h\u00c3\u00a4tte beissen k\u00c3\u00b6nnen, weil der Hintergrund ja ein wenig \u00e2\u20ac\u017everlaufs-m\u00c3\u00a4ssig\u00e2\u20ac\u009d war<\/span>. Trotzdem hat es nie so ganz gestimmt. Ich bin da vielleicht auch ein wenig anspruchsvoll. Nun, jetzt habe ich dank <a href=\"http:\/\/www.templatelite.com\/themes\/\" title=\"Wordpress-Themes von Templatelite\">dieses<\/a> sch\u00c3\u00b6nen Templates wieder ein nettes Theme und brauche mir wegen der Hintergr\u00c3\u00bcnde keine Gedanken mehr machen. Ein paar kleinere Anpassungen hier und da und soweit l\u00c3\u00a4uft auch alles prima.<\/p>\n<p>Wenn euch noch etwas auff\u00c3\u00a4llt oder st\u00c3\u00b6rt, dann lasst es mich bitte wissen. ;)<\/p>\n<p>Mittags habe ich mich dann an <a href=\"http:\/\/terragina.de\/blog\/?p=2141\" title=\"Vermurkste Tarte\">diese<\/a> Tarte gemacht, da sich ja f\u00c3\u00bcr den Nachmittag lieber Besuch angek\u00c3\u00bcndigt hatte und die leicht warm angeblich noch besser schmeckt. Dazu kann ich nur sagen, dass ich vorhin ein St\u00c3\u00bcckchen in der Mikro erw\u00c3\u00a4rmt habe und sie schmeckte mindestens genauso gut.<\/p>\n<p>Kaum war der Kuchen aus dem Ofen, fuhr auch draussen der neue Flitzer vor und wurde erstmal ausgiebig, vor allem vom Sohnemann, betrachtet. Ein schicker Flitzer, den ich auch nehmen w\u00c3\u00bcrde&#8230;<\/p>\n<p><a href=\"http:\/\/fraeuleinfrieda.wordpress.com\/\" title=\"Jaa, ich m\u00c3\u00b6chte Frl. Frieda besuchen\">Frl. Frieda<\/a> ist eine ganz ganz liebe Person, und so hatte sie mir auch gestern wieder so was Sch\u00c3\u00b6nes mitgebracht, schaut mal hier:<\/p>\n<div style=\"text-align: center;\">\n  <a href=\"http:\/\/terragina.de\/blog\/wp-content\/uploads\/2009\/09\/zierkuerbisse_katja.jpg\" rel=\"lightbox[2157]\"><img loading=\"lazy\" decoding=\"async\" src=\"http:\/\/terragina.de\/blog\/wp-content\/uploads\/2009\/09\/zierkuerbisse_katja-tm.jpg\" width=\"240\" height=\"180\" alt=\"zierkuerbisse_katja.jpg\" title=\"Zierk\u00c3\u00bcrbisse - Schenki vom Frl. Frieda\"\/><\/a>\n<\/div>\n<p><\/p>\n<p>Zierk\u00c3\u00bcrbisse aus dem eigenen Garten&#8230; ich habe mich sehr gefreut. Und der Hobbykoch hat mir dann heute mein altes K\u00c3\u00b6rbchen, welches ich vor ca. zwei Jahren in m\u00c3\u00bchevoller Kleinarbeit mit Serviettentechnik aufh\u00c3\u00bcbschte, aus der Versenkung im Keller hervorgeholt. Ich finde, sie machen sich seht gut darin und ich werde sie wohl in unseren Eingangsbereich stellen. Sooo sch\u00c3\u00b6n &#8211; vielen lieben Dank nochmal, liebe Katja! :hearts:<\/p>\n<p>Bald ging`s dann auch schon los in`s benachbarte Offenbach zur <a href=\"http:\/\/terragina.de\/blog\/?p=2136\" title=\"Wir gehen aus\">spanischen Nacht<\/a>. Eigentlich h\u00c3\u00a4tten wir ja auch gerne selbst gekocht, aber diesesmal war im Sternekochclub Deutschland alles ein wenig anders. Die beiden Chefs pers\u00c3\u00b6nlich hatten viele wunderbare kleine Tapas vorbereitet und ich kann fast durchg\u00c3\u00a4ngig sagen: K\u00c3\u00b6stlich!<\/p>\n<div style=\"text-align: center;\">\n  <a href=\"http:\/\/terragina.de\/blog\/wp-content\/uploads\/2009\/09\/sterneclub.jpg\" rel=\"lightbox[2157]\"><img loading=\"lazy\" decoding=\"async\" src=\"http:\/\/terragina.de\/blog\/wp-content\/uploads\/2009\/09\/sterneclub-tm.jpg\" width=\"240\" height=\"180\" alt=\"sterneclub.jpg\" title=\"Ja, es war genauso lecker, wie es ausschaut!\"\/><\/a>\n<\/div>\n<p><\/p>\n<p>Das kleine Sardinchen links im Bild &#8211; bislang hatte ich um die kleinen Fischchen immer einen Bogen gemacht &#8211; und auch seit jeher Sardinen mit Sardellen verwechselt. War das lecker? Ja, das war es. Aber wie ich mir noch ein, zwei nachholen wollte, waren die kleinen Fischen leider weg und es standen wieder andere Leckereien da. Die Paella war vom Feinsten. Und auch das in dem Glas, was ich leider nicht zuordnen kann, war auf jeden Fall sehr lecker und auch ordenltich w\u00c3\u00bcrzig.<\/p>\n<p>Der Hobbykoch hat sich, unter anderem, auch eine Tomaten-Gazpacho ausgesucht &#8211; ich durfte sie probieren und war nicht wirklich begeistert davon. Ebenso lagen auf dem reichhaltigen Buffet auch Bananen im Speckmantel. Ebenfalls eine Kombination, mit der ich mich nicht so wirklich anfreunden konnte.<\/p>\n<p>Was aber k\u00c3\u00b6stlich war, waren die Oliven. Hervorragend eingelegt, teilweise mit gesch\u00c3\u00a4lten, ganzen Mandeln gef\u00c3\u00bcllt &#8211; da h\u00c3\u00a4tte ich mich reinsetzen k\u00c3\u00b6nnen.<\/p>\n<p>Weiter gab es z.B. diese Leckereien:<\/p>\n<blockquote>\n<p>d\u00c3\u00bcnn geschnittenes und anschl. gegrilltes Schweinefleisch (Iomo) auf Spie\u00c3\u0178chen<\/p>\n<p>gegrillte Peperonischoten<\/p>\n<p>Hackfleischb\u00c3\u00a4llchen (Alb\u00c3\u00b3ndigas)<\/p>\n<p>Lachs-Tatar auf Pumpernickel (die Spanier kennen Pumpernickel?)<\/p>\n<p>Zucchini mit Schafsk\u00c3\u00a4se (Calabacin con queso)<\/p>\n<p>Bl\u00c3\u00a4tterteig mit Blattspinat<\/p>\n<p>Chorizo<\/p>\n<\/blockquote>\n<p>Ach, ich bekomme l\u00c3\u00a4ngst nicht alles zusammen &#8211; es war einfach gar k\u00c3\u00b6stlich und wunderbar. Dazu Sangria und ein Sektchen &#8211; herrlich!<\/p>\n<p>Mit etwas Versp\u00c3\u00a4tung trafen dann auch die Musiker ein. Ein toller Gitarrenspieler und S\u00c3\u00a4nger, ein junger Mann, der hervorragend diverse Trommeln beherrscht und eine \u00c3\u00a4u\u00c3\u0178erst begabte Flamenco-T\u00c3\u00a4nzerin <span style=\"text-decoration: line-through\">der man das auf den ersten Blick nicht wirklich ansah<\/span>. Sie war gro\u00c3\u0178artig und bewegte sich &#8211; einfach toll!<\/p>\n<p>Satt und gut gelaunt, ein wenig durch die <span style=\"text-decoration: line-through\">Rotz<\/span>Schnupfennase geschlaucht, machten wir uns dann auf den Heimweg.<\/p>\n<p>Heute hie\u00c3\u0178 es dann erstmal ausschlafen. Ein paar Feinheiten erledigte ich in aller Ruhe noch an meinem Blogaussehen und ruhe mich einfach nur aus. Geplant war f\u00c3\u00bcr heute nichts und das ist auch gut so. Ich habe mir ein wenig Zeit genommen im Web zu surfen, der Hobbykoch hat einen tollen Eintopf mit einer einzigartigen Gorgonzola-Komponente gezaubert, der Sohnemann hat mit einem Freund die IAA besucht und es ist einfach alles gut! Ich werde heute gar nichts mehr machen &#8211; vielleicht in aller Ruhe eine Blogrunde drehen und sch\u00c3\u00b6n, aber unspektakul\u00c3\u00a4r, mit meinen Lieben zu Abend essen und das Wochenende ausklingen lassen!<\/p>\n<p>Und einen kleinen Link m\u00c3\u00b6chte ich mir gerne merken und f\u00c3\u00bcr euch ist\u00c2\u00b4s vielleicht auch interessant &#8211; viele viele sch\u00c3\u00b6ne <a href=\"http:\/\/www.tapas.de\/spanische_rezepte\/index.shtml\" title=\"Viele sch\u00c3\u00b6ne Tapas-Rezepte\">Tapas-Rezepte<\/a>&#8230;<\/p>\n","protected":false},"excerpt":{"rendered":"<p>Ein sehr veschnupftes Wochenende war`s, ich glaube, ich habe vor allem seit gestern abend die Taschent\u00c3\u00bcchter-Industrie prima untest\u00c3\u00bctzt. :-( Aber egal &#8211; Humor ist, wenn man trotzdem lacht &#8211; vor allem dann, wenn man noch so sch\u00c3\u00b6ne Dinge erlebt wie wir. Samstag vormittag &#8211; es ist dem Betrachter sicher nicht entgangen &#8211; habe ich meinem Blog wieder mal ein neues Kleidchen verpasst. Mir war so danach &#8211; leicht angenervt davon, dass ich f\u00c3\u00bcr manche Rahmen meiner Fotos immer die Hintergrundfarbe anpassen mu\u00c3\u0178te und ich in die Tastatur h\u00c3\u00a4tte beissen k\u00c3\u00b6nnen, weil der Hintergrund ja ein wenig \u00e2\u20ac\u017everlaufs-m\u00c3\u00a4ssig\u00e2\u20ac\u009d war. Trotzdem hat es nie so ganz gestimmt. Ich bin da vielleicht auch ein wenig anspruchsvoll. Nun, jetzt habe ich dank dieses sch\u00c3\u00b6nen Templates wieder ein nettes Theme und brauche mir wegen der Hintergr\u00c3\u00bcnde keine Gedanken mehr machen. Ein paar kleinere Anpassungen hier und da und soweit l\u00c3\u00a4uft auch alles prima. Wenn euch noch etwas auff\u00c3\u00a4llt oder st\u00c3\u00b6rt, dann lasst es mich bitte wissen. ;) Mittags habe ich mich dann an diese Tarte gemacht, da sich ja f\u00c3\u00bcr &hellip;<\/p>\n","protected":false},"author":1,"featured_media":0,"comment_status":"open","ping_status":"open","sticky":false,"template":"","format":"standard","meta":{"_jetpack_newsletter_access":"","_jetpack_dont_email_post_to_subs":false,"_jetpack_newsletter_tier_id":0,"_jetpack_memberships_contains_paywalled_content":false,"_jetpack_memberships_contains_paid_content":false,"footnotes":""},"categories":[7,114],"tags":[313,961,319,973],"class_list":["post-2157","post","type-post","status-publish","format-standard","hentry","category-leckeres","category-plauderecke","tag-geschenke","tag-leckeres","tag-nur-so","tag-plauderecke"],"jetpack_sharing_enabled":true,"jetpack_shortlink":"https:\/\/wp.me\/pq7aY-yN","jetpack_likes_enabled":true,"jetpack-related-posts":[],"jetpack_featured_media_url":"","_links":{"self":[{"href":"https:\/\/terragina.de\/blog\/wp-json\/wp\/v2\/posts\/2157","targetHints":{"allow":["GET"]}}],"collection":[{"href":"https:\/\/terragina.de\/blog\/wp-json\/wp\/v2\/posts"}],"about":[{"href":"https:\/\/terragina.de\/blog\/wp-json\/wp\/v2\/types\/post"}],"author":[{"embeddable":true,"href":"https:\/\/terragina.de\/blog\/wp-json\/wp\/v2\/users\/1"}],"replies":[{"embeddable":true,"href":"https:\/\/terragina.de\/blog\/wp-json\/wp\/v2\/comments?post=2157"}],"version-history":[{"count":0,"href":"https:\/\/terragina.de\/blog\/wp-json\/wp\/v2\/posts\/2157\/revisions"}],"wp:attachment":[{"href":"https:\/\/terragina.de\/blog\/wp-json\/wp\/v2\/media?parent=2157"}],"wp:term":[{"taxonomy":"category","embeddable":true,"href":"https:\/\/terragina.de\/blog\/wp-json\/wp\/v2\/categories?post=2157"},{"taxonomy":"post_tag","embeddable":true,"href":"https:\/\/terragina.de\/blog\/wp-json\/wp\/v2\/tags?post=2157"}],"curies":[{"name":"wp","href":"https:\/\/api.w.org\/{rel}","templated":true}]}}