{"id":2167,"date":"2009-09-21T16:06:29","date_gmt":"2009-09-21T14:06:29","guid":{"rendered":"http:\/\/terragina.de\/blog\/?p=2167"},"modified":"2011-07-09T10:20:12","modified_gmt":"2011-07-09T08:20:12","slug":"noch-ein-3-fragen-stoeckchen","status":"publish","type":"post","link":"https:\/\/terragina.de\/blog\/2009\/09\/21\/noch-ein-3-fragen-stoeckchen\/","title":{"rendered":"Noch ein 3-Fragen-St\u00c3\u00b6ckchen"},"content":{"rendered":"<div style=\"text-align: center;\">\n  <img loading=\"lazy\" decoding=\"async\" src=\"http:\/\/terragina.de\/blog\/wp-content\/uploads\/2009\/09\/3_fragen_stoeckchen.jpg\" border=\"0\" width=\"500\" height=\"180\" \/>\n<\/div>\n<p>Diesesmal hat mich Acice mir ein paar Fragen gestellt, und zwar vor ein paar Tagen <a href=\"http:\/\/terragina.de\/blog\/?p=2084\" title=\"Vanille &amp; Vanille-Extrakt\">hier<\/a> in den Kommentaren. Heute m\u00c3\u00b6chte ich ihrem Wunsch nachkommen. Das St\u00c3\u00b6ckchen ist auch auf <a href=\"http:\/\/acice.wordpress.com\" title=\"Acice besuchen\">ihrem Blog<\/a> zu finden. :yes:<\/p>\n<p><font color=\"#007F00\"><span style=\"text-decoration: underline;\">1.) Magst Du den Herbst und warum?<\/span><\/font><\/p>\n<p>Es gibt doch diese verschiedenen Tests, meist bezogen auf Farben, was f\u00c3\u00bcr ein Jahreszeitentyp man ist. Da kommt bei mir eigentlich immer der Herbsttyp raus. Und ja &#8211; ich mag den Herbst! Sehr sogar!<\/p>\n<p>Ich liebe die Farben, die der Herbst malt, die h\u00c3\u00a4ufig doch recht angenehmen Temperaturen. Da schwitze ich nicht und friere ich nicht &#8211; ich kann mich dementsprechend anziehen.<\/p>\n<p>Auch klamotten-technisch klappt das mit dem Herbst &#8211; ich mag Orange, Gr\u00c3\u00bcn, Braun, Ocker &#8211; eben genau diese Herbstfarben. Aber ich beschr\u00c3\u00a4nke mich nicht ausschlie\u00c3\u0178lich darauf. ;)<\/p>\n<p><font color=\"#007F00\"><span style=\"text-decoration: underline;\">2.) Was machst Du lieber: kochen oder Backen und was ist Dein Lieblingskuchen-\/gericht?<\/span><\/font><\/p>\n<p>Hmmh, Kochen oder Backen? Nein, da mag ich mich nicht festlegen. Ich mache mittlerweile beides sehr gerne. Das war aber auch mal anders. Gebacken habe ich immer sehr gerne, Kochen war f\u00c3\u00bcr mich immer mehr eine Notwendigkeit und musste schnell von der Hand gehen. Wenn ich mich jetzt zur\u00c3\u00bcck-erinnere, kann ich das gar nicht mehr verstehen. Wo ich doch heute einen Riesenspa\u00c3\u0178 habe, neue Dinge auszuprobieren und es einfach liebe, von der Familie f\u00c3\u00bcr meine Kochk\u00c3\u00bcnste gelobt zu werden. Sch\u00c3\u00b6n ist`s, wenn man liebevoll \u00e2\u20ac\u017eK\u00c3\u00bcchenfee\u00e2\u20ac\u009d genannt wird. Und ich bin mir sicher, das ist nicht einfach so daher gesagt, das meinen sie auch so. :dance:<\/p>\n<p>Mein Lieblingskuchen? N\u00c3\u00b6, da gibt\u00c2\u00b4s so einige&#8230; da lege ich mich nicht fest. Ich mag sehr gerne Schmandkuchen, oder Apfelkuchen, oder K\u00c3\u00a4sekuchen, oder oder oder&#8230;<\/p>\n<p>Und mein Lieblingsessen? Auch hier gibt\u00c2\u00b4s vieles, was ich sehr gerne esse und immer wieder mal auf den Tisch bringe: Sp\u00c3\u00a4tzle, Nudeln, Kartoffelgerichte, Tartes, Lasagne, Sushi, ach, diese Liste lie\u00c3\u0178e sich endlos fortsetzen. ;)<\/p>\n<p><font color=\"#007F00\"><span style=\"text-decoration: underline;\">3.) Was gef\u00c3\u00a4llt Dir besser H\u00c3\u00b6rb\u00c3\u00bccher oder liest Du lieber?<\/span><\/font><\/p>\n<p>Ich habe schon das ein oder andere H\u00c3\u00b6rbuch auf meinem Rechner und auch auf dem iPhone. Aber ich habe festgestellt, dass ich nur in den seltensten F\u00c3\u00a4llen dazu komme, sie zu h\u00c3\u00b6ren (oder anders: Ich bin immer noch beim ersten, welches ich mir heruntergeladen habe&#8230;)<\/p>\n<p>B\u00c3\u00bccher mag ich eigentlich sehr und hinter mir auf dem B\u00c3\u00bccherregal stapeln sich auch so einige. Aber so wirklich zum Lesen komme ich nicht. Wahrscheinlich, weil ich die Zeit, die ich habe, sehr gerne mit Blog-Lesen verbringe. Abends, wenn ich m\u00c3\u00bcde werde, schaffe ich maximal 10 Seiten, da kann das Buch noch so spannend sein&#8230;<\/p>\n<p>Wer auch Lust hat, dieses St\u00c3\u00b6ckchen zu beantworten, der kann es sich gerne mitnehmen &#8211; ich lasse es einfach mal hier liegen&#8230;.<\/p>\n","protected":false},"excerpt":{"rendered":"<p>Diesesmal hat mich Acice mir ein paar Fragen gestellt, und zwar vor ein paar Tagen hier in den Kommentaren. Heute m\u00c3\u00b6chte ich ihrem Wunsch nachkommen. Das St\u00c3\u00b6ckchen ist auch auf ihrem Blog zu finden. :yes: 1.) Magst Du den Herbst und warum? Es gibt doch diese verschiedenen Tests, meist bezogen auf Farben, was f\u00c3\u00bcr ein Jahreszeitentyp man ist. Da kommt bei mir eigentlich immer der Herbsttyp raus. Und ja &#8211; ich mag den Herbst! Sehr sogar! Ich liebe die Farben, die der Herbst malt, die h\u00c3\u00a4ufig doch recht angenehmen Temperaturen. Da schwitze ich nicht und friere ich nicht &#8211; ich kann mich dementsprechend anziehen. Auch klamotten-technisch klappt das mit dem Herbst &#8211; ich mag Orange, Gr\u00c3\u00bcn, Braun, Ocker &#8211; eben genau diese Herbstfarben. Aber ich beschr\u00c3\u00a4nke mich nicht ausschlie\u00c3\u0178lich darauf. ;) 2.) Was machst Du lieber: kochen oder Backen und was ist Dein Lieblingskuchen-\/gericht? Hmmh, Kochen oder Backen? Nein, da mag ich mich nicht festlegen. Ich mache mittlerweile beides sehr gerne. Das war aber auch mal anders. Gebacken habe ich immer sehr gerne, Kochen war &hellip;<\/p>\n","protected":false},"author":1,"featured_media":0,"comment_status":"open","ping_status":"open","sticky":false,"template":"","format":"standard","meta":{"_jetpack_newsletter_access":"","_jetpack_dont_email_post_to_subs":false,"_jetpack_newsletter_tier_id":0,"_jetpack_memberships_contains_paywalled_content":false,"_jetpack_memberships_contains_paid_content":false,"footnotes":""},"categories":[94],"tags":[969],"class_list":["post-2167","post","type-post","status-publish","format-standard","hentry","category-stoeckchen","tag-stoeckchen"],"jetpack_sharing_enabled":true,"jetpack_shortlink":"https:\/\/wp.me\/pq7aY-yX","jetpack_likes_enabled":true,"jetpack-related-posts":[],"jetpack_featured_media_url":"","_links":{"self":[{"href":"https:\/\/terragina.de\/blog\/wp-json\/wp\/v2\/posts\/2167","targetHints":{"allow":["GET"]}}],"collection":[{"href":"https:\/\/terragina.de\/blog\/wp-json\/wp\/v2\/posts"}],"about":[{"href":"https:\/\/terragina.de\/blog\/wp-json\/wp\/v2\/types\/post"}],"author":[{"embeddable":true,"href":"https:\/\/terragina.de\/blog\/wp-json\/wp\/v2\/users\/1"}],"replies":[{"embeddable":true,"href":"https:\/\/terragina.de\/blog\/wp-json\/wp\/v2\/comments?post=2167"}],"version-history":[{"count":0,"href":"https:\/\/terragina.de\/blog\/wp-json\/wp\/v2\/posts\/2167\/revisions"}],"wp:attachment":[{"href":"https:\/\/terragina.de\/blog\/wp-json\/wp\/v2\/media?parent=2167"}],"wp:term":[{"taxonomy":"category","embeddable":true,"href":"https:\/\/terragina.de\/blog\/wp-json\/wp\/v2\/categories?post=2167"},{"taxonomy":"post_tag","embeddable":true,"href":"https:\/\/terragina.de\/blog\/wp-json\/wp\/v2\/tags?post=2167"}],"curies":[{"name":"wp","href":"https:\/\/api.w.org\/{rel}","templated":true}]}}