{"id":2171,"date":"2009-09-21T20:05:58","date_gmt":"2009-09-21T18:05:58","guid":{"rendered":"http:\/\/terragina.de\/blog\/?p=2171"},"modified":"2011-07-09T10:20:10","modified_gmt":"2011-07-09T08:20:10","slug":"ein-letztes-bisschen-sommer","status":"publish","type":"post","link":"https:\/\/terragina.de\/blog\/2009\/09\/21\/ein-letztes-bisschen-sommer\/","title":{"rendered":"Ein letztes bi\u00c3\u0178chen Sommer"},"content":{"rendered":"<p>\u00c3\u0153berall auf den Blogs liest man es jetzt &#8211; der Sommer neigt sich dem Ende zu und macht Platz f\u00c3\u00bcr den Herbst in all seiner Pracht. Ich mag diese Jahreszeit, kann sehr gut auf gro\u00c3\u0178e Hitze verzichten. Aber auf der Terrasse sitzen in Top und kurzer Hose, das vermisse ich auch.<\/p>\n<p>Der Herbst bringt uns viele sch\u00c3\u00b6ne Fr\u00c3\u00bcchte, Kastanien, bunte Bl\u00c3\u00a4tter <span style=\"text-decoration: line-through\">und die dicke Erk\u00c3\u00a4ltung vergessen wir jetzt mal ganz schnell<\/span> &#8211; auch er hat seine sch\u00c3\u00b6ne Seiten und ich freue mich darauf. Ich freue mich darauf, mit einer Tasse Tee<span style=\"text-decoration: line-through\">, einer Packung Taschent\u00c3\u00bccher nebst Kochsalzspray f\u00c3\u00bcr die Nase<\/span> und einer Kuscheldecke auf der Couch zu liegen. Ich freue mich auf Duft\u00c3\u00b6llampen. Und ich freue mich sehr auf Kerzen. Der Herbst ist da und mit ihm beginnt der gem\u00c3\u00bctliche Teil des Jahres, den ich auch sehr genie\u00c3\u0178e. Jede Jahreszeit hat ihre eigenen Reize. Und wenn man hinsieht, sieht man auch, dass es vieles gibt, was sch\u00c3\u00b6n ist.<\/p>\n<p>Heute bin ich nochmal um`s Haus gelaufen und habe eingefangen, was mir vor die Linse kam. Die letzten Eindr\u00c3\u00bccke des Sommers und die ersten Herbstboten. Aus diesen Bildern habe ich eine kleine Collage gebastelt, vielleicht zaubert sie uns allen noch ein kleines L\u00c3\u00a4cheln ins Gesicht.<\/p>\n<div style=\"text-align: center;\">\n  <a href=\"http:\/\/terragina.de\/blog\/wp-content\/uploads\/2009\/09\/sommerende.jpg\" rel=\"lightbox[2171]\"><img loading=\"lazy\" decoding=\"async\" src=\"http:\/\/terragina.de\/blog\/wp-content\/uploads\/2009\/09\/sommerende-tm.jpg\" width=\"300\" height=\"225\" alt=\"sommerende.jpg\" title=\"Der Sommer neigt sich dem Ende zu, winken wir ihm hinterher...\"\/><\/a>\n<\/div>\n<p>Morgen und \u00c3\u00bcbermorgen soll es noch mal sehr sch\u00c3\u00b6n werden hier in und um Frankfurt herum. Danach ist entg\u00c3\u00bcltig Jahreszeitenwechsel&#8230;. morgen ist der astronomische Herbstanfang, der meteorologische Herbstanfang ist immer zum Monats-Ersten. Somit dauert der meteorologische Herbst vom 1. September bis 30. November&#8230;<\/p>\n","protected":false},"excerpt":{"rendered":"<p>\u00c3\u0153berall auf den Blogs liest man es jetzt &#8211; der Sommer neigt sich dem Ende zu und macht Platz f\u00c3\u00bcr den Herbst in all seiner Pracht. Ich mag diese Jahreszeit, kann sehr gut auf gro\u00c3\u0178e Hitze verzichten. Aber auf der Terrasse sitzen in Top und kurzer Hose, das vermisse ich auch. Der Herbst bringt uns viele sch\u00c3\u00b6ne Fr\u00c3\u00bcchte, Kastanien, bunte Bl\u00c3\u00a4tter und die dicke Erk\u00c3\u00a4ltung vergessen wir jetzt mal ganz schnell &#8211; auch er hat seine sch\u00c3\u00b6ne Seiten und ich freue mich darauf. Ich freue mich darauf, mit einer Tasse Tee, einer Packung Taschent\u00c3\u00bccher nebst Kochsalzspray f\u00c3\u00bcr die Nase und einer Kuscheldecke auf der Couch zu liegen. Ich freue mich auf Duft\u00c3\u00b6llampen. Und ich freue mich sehr auf Kerzen. Der Herbst ist da und mit ihm beginnt der gem\u00c3\u00bctliche Teil des Jahres, den ich auch sehr genie\u00c3\u0178e. Jede Jahreszeit hat ihre eigenen Reize. Und wenn man hinsieht, sieht man auch, dass es vieles gibt, was sch\u00c3\u00b6n ist. Heute bin ich nochmal um`s Haus gelaufen und habe eingefangen, was mir vor die Linse kam. Die letzten &hellip;<\/p>\n","protected":false},"author":1,"featured_media":0,"comment_status":"open","ping_status":"open","sticky":false,"template":"","format":"standard","meta":{"_jetpack_newsletter_access":"","_jetpack_dont_email_post_to_subs":false,"_jetpack_newsletter_tier_id":0,"_jetpack_memberships_contains_paywalled_content":false,"_jetpack_memberships_contains_paid_content":false,"footnotes":""},"categories":[114],"tags":[975,964,422,226,973],"class_list":["post-2171","post","type-post","status-publish","format-standard","hentry","category-plauderecke","tag-blumen","tag-fotografie","tag-fotos","tag-pflanzen","tag-plauderecke"],"jetpack_sharing_enabled":true,"jetpack_shortlink":"https:\/\/wp.me\/pq7aY-z1","jetpack_likes_enabled":true,"jetpack-related-posts":[],"jetpack_featured_media_url":"","_links":{"self":[{"href":"https:\/\/terragina.de\/blog\/wp-json\/wp\/v2\/posts\/2171","targetHints":{"allow":["GET"]}}],"collection":[{"href":"https:\/\/terragina.de\/blog\/wp-json\/wp\/v2\/posts"}],"about":[{"href":"https:\/\/terragina.de\/blog\/wp-json\/wp\/v2\/types\/post"}],"author":[{"embeddable":true,"href":"https:\/\/terragina.de\/blog\/wp-json\/wp\/v2\/users\/1"}],"replies":[{"embeddable":true,"href":"https:\/\/terragina.de\/blog\/wp-json\/wp\/v2\/comments?post=2171"}],"version-history":[{"count":0,"href":"https:\/\/terragina.de\/blog\/wp-json\/wp\/v2\/posts\/2171\/revisions"}],"wp:attachment":[{"href":"https:\/\/terragina.de\/blog\/wp-json\/wp\/v2\/media?parent=2171"}],"wp:term":[{"taxonomy":"category","embeddable":true,"href":"https:\/\/terragina.de\/blog\/wp-json\/wp\/v2\/categories?post=2171"},{"taxonomy":"post_tag","embeddable":true,"href":"https:\/\/terragina.de\/blog\/wp-json\/wp\/v2\/tags?post=2171"}],"curies":[{"name":"wp","href":"https:\/\/api.w.org\/{rel}","templated":true}]}}