{"id":2207,"date":"2009-09-26T11:53:43","date_gmt":"2009-09-26T09:53:43","guid":{"rendered":"http:\/\/terragina.de\/blog\/?p=2207"},"modified":"2011-07-09T10:19:56","modified_gmt":"2011-07-09T08:19:56","slug":"kunst-kommt-von-koennen","status":"publish","type":"post","link":"https:\/\/terragina.de\/blog\/2009\/09\/26\/kunst-kommt-von-koennen\/","title":{"rendered":"Kunst kommt von K\u00c3\u00b6nnen"},"content":{"rendered":"<p>Das hat mal ein sehr lieber Mensch in meinem Umfeld gesagt. Ein sch\u00c3\u00b6ner Spruch. Ich habe ihn nie vergessen.<\/p>\n<p>Und ich \u00c3\u00bcberlege gerade, ob das erblich ist, denn ich habe auch immer mal wieder Phasen, wo ich sehr kreativ bin. In letzter Zeit hat sich das eher auf meinen Rechner beschr\u00c3\u00a4nkt. Fr\u00c3\u00bcher habe ich auch viel \u00e2\u20ac\u017ehandwerklich\u00e2\u20ac\u009d gearbeitet. Das fing an mit Gipsbildern, die ich erst gegossen habe und anschlie\u00c3\u0178end angemalt habe. Fimo habe ich kennen gelernt. Armb\u00c3\u00a4ndchen gekn\u00c3\u00bcpft. Window-Color ist auch nicht an mir vorbei gegangen und in der j\u00c3\u00bcngsten Zeit habe ich mich mit Gelkerzen, Serviettentechnik und Acrylmalerei besch\u00c3\u00a4ftigt.<\/p>\n<p>Der Sohnemann wird jetzt auch kreativ. Mehr oder weniger gezwungenermassen, aber nicht weniger begeistert. So trafen sich die Sch\u00c3\u00bcler der 6. Klasse an drei vergangenen Dienstagen innerhalb des Unterrichts auf dem Abenteuerspielplatz und bearbeiteten Speckstein. Toll, gro\u00c3\u0178artig, fabul\u00c3\u00b6s finde ich das! Und jedesmal kam er v\u00c3\u00b6llig begeistert nach Hause und hat geschw\u00c3\u00a4rmt. Es spricht doch B\u00c3\u00a4nde, wenn die Jungs und M\u00c3\u00a4dels noch nicht mal eine Pause machen m\u00c3\u00b6chten&#8230;<\/p>\n<p>Ich dachte mir, diese Begeisterung mu\u00c3\u0178 ich unterst\u00c3\u00bctzen. Sch\u00c3\u00b6n, wenn man so einen <a href=\"http:\/\/www.boesner.com\/boesner\/servlet\/frontend\/Hauptlayout\/superClient\/Startseite.html\" title=\"B\u00c3\u00b6sner-K\u00c3\u00bcnstlerbedarf\">tollen Laden<\/a> (der auch einen angeschlossenen Versand betreibt) in der unmittelbaren N\u00c3\u00a4he hat, quasi um die Ecke. Nur 5 Autominuten entfernt. Normalerweise mache ich einen Bogen um ihn, denn ich wei\u00c3\u0178, wie es endet, wenn ich hinein gehe. Aber dieses Mal habe ich mir den Sohn geschnappt und wir sind sehr zielstrebig dorthin gefahren. Ca. 1 Stunde sind wir herum gewandert und haben uns von einem sehr netten Mitarbeiter kompetent beraten lassen. Und alles was wir ben\u00c3\u00b6tigten sch\u00c3\u00b6n in den Einkaufswagen geschaufelt.<\/p>\n<p>Kaum daheim angekommen, gings in den Garten und mir bot sich &#8211; \u00c3\u00bcber Stunden &#8211; dieses Bild. Ich habe mich zu einer kleinen Studie entschlossen. Was es genau wird, ist noch ein Geheimnis. Denn es wird wohl noch ein Weilchen dauern. Und die schmuddeligen Fingern\u00c3\u00a4gel bitte ich jetzt einfach mal zu \u00c3\u00bcbersehen &#8211; die sind jetzt wieder sauber &#8211; jawohl!<\/p>\n<div style=\"text-align: center;\">\n  <img loading=\"lazy\" decoding=\"async\" src=\"http:\/\/terragina.de\/blog\/wp-content\/uploads\/2009\/09\/speckstein_01.jpg\" width=\"580\" height=\"387\" alt=\"speckstein_01.jpg\" \/>\n<\/div>\n<div style=\"text-align: center;\">\n  \n<\/div>\n<div style=\"text-align: center;\">\n  <img loading=\"lazy\" decoding=\"async\" src=\"http:\/\/terragina.de\/blog\/wp-content\/uploads\/2009\/09\/speckstein_02.jpg\" width=\"580\" height=\"387\" alt=\"speckstein_02.jpg\" \/>\n<\/div>\n<div style=\"text-align: center;\">\n  \n<\/div>\n<div style=\"text-align: center;\">\n  <img loading=\"lazy\" decoding=\"async\" src=\"http:\/\/terragina.de\/blog\/wp-content\/uploads\/2009\/09\/speckstein_03.jpg\" width=\"580\" height=\"387\" alt=\"speckstein_03.jpg\" \/>\n<\/div>\n<div style=\"text-align: center;\">\n  \n<\/div>\n<div style=\"text-align: center;\">\n  <img loading=\"lazy\" decoding=\"async\" src=\"http:\/\/terragina.de\/blog\/wp-content\/uploads\/2009\/09\/speckstein_04.jpg\" width=\"580\" height=\"387\" alt=\"speckstein_04.jpg\" \/>\n<\/div>\n<p><\/p>\n<p>Und das hier, das ist das Ergebnis der handwerklichen \u00c3\u0153bungen der Schule:<\/p>\n<div style=\"text-align: center;\">\n  <img loading=\"lazy\" decoding=\"async\" src=\"http:\/\/terragina.de\/blog\/wp-content\/uploads\/2009\/09\/speckstein_00.jpg\" width=\"580\" height=\"387\" alt=\"speckstein_00.jpg\" \/>\n<\/div>\n<p><\/p>\n<p>Kunst kommt von K\u00c3\u00b6nnen! Ich finde ihn gro\u00c3\u0178artig!<\/p>\n<p>Ein wundersch\u00c3\u00b6ner Handschmeichler, der mich t\u00c3\u00a4glich begeistert. Ich liebe es, \u00c3\u00bcber diesen tollen Stein zu streicheln. Und er hat einen Ehrenplatz im Wohnzimmer bekommen!<\/p>\n<p>Das Kunstobjekt, wo aktuell dran gearbeitet wird, werde ich nach Fertigstellung auch hier pr\u00c3\u00a4sentieren. Und ich werde sehen, ob ich mich auch mal selbst daran wage. Reizen w\u00c3\u00bcrde es mich ja schon. <a href=\"http:\/\/de.wikipedia.org\/wiki\/Speckstein\" title=\"Mehr \u00c3\u00bcber Speckstein erfahren\">Speckstein<\/a> ist so ein tolles Material. Und ich hatte keine Ahnung, wie facettenreich er ist , es gibt ihn in einigen unterschiedlichen Farben und Marmorierungen. Spannend!<\/p>\n","protected":false},"excerpt":{"rendered":"<p>Das hat mal ein sehr lieber Mensch in meinem Umfeld gesagt. Ein sch\u00c3\u00b6ner Spruch. Ich habe ihn nie vergessen. Und ich \u00c3\u00bcberlege gerade, ob das erblich ist, denn ich habe auch immer mal wieder Phasen, wo ich sehr kreativ bin. In letzter Zeit hat sich das eher auf meinen Rechner beschr\u00c3\u00a4nkt. Fr\u00c3\u00bcher habe ich auch viel \u00e2\u20ac\u017ehandwerklich\u00e2\u20ac\u009d gearbeitet. Das fing an mit Gipsbildern, die ich erst gegossen habe und anschlie\u00c3\u0178end angemalt habe. Fimo habe ich kennen gelernt. Armb\u00c3\u00a4ndchen gekn\u00c3\u00bcpft. Window-Color ist auch nicht an mir vorbei gegangen und in der j\u00c3\u00bcngsten Zeit habe ich mich mit Gelkerzen, Serviettentechnik und Acrylmalerei besch\u00c3\u00a4ftigt. Der Sohnemann wird jetzt auch kreativ. Mehr oder weniger gezwungenermassen, aber nicht weniger begeistert. So trafen sich die Sch\u00c3\u00bcler der 6. Klasse an drei vergangenen Dienstagen innerhalb des Unterrichts auf dem Abenteuerspielplatz und bearbeiteten Speckstein. Toll, gro\u00c3\u0178artig, fabul\u00c3\u00b6s finde ich das! Und jedesmal kam er v\u00c3\u00b6llig begeistert nach Hause und hat geschw\u00c3\u00a4rmt. Es spricht doch B\u00c3\u00a4nde, wenn die Jungs und M\u00c3\u00a4dels noch nicht mal eine Pause machen m\u00c3\u00b6chten&#8230; Ich dachte mir, diese Begeisterung mu\u00c3\u0178 &hellip;<\/p>\n","protected":false},"author":1,"featured_media":0,"comment_status":"open","ping_status":"open","sticky":false,"template":"","format":"standard","meta":{"_jetpack_newsletter_access":"","_jetpack_dont_email_post_to_subs":false,"_jetpack_newsletter_tier_id":0,"_jetpack_memberships_contains_paywalled_content":false,"_jetpack_memberships_contains_paid_content":false,"footnotes":""},"categories":[47],"tags":[966,562],"class_list":["post-2207","post","type-post","status-publish","format-standard","hentry","category-kreativ","tag-kreativ","tag-speckstein"],"jetpack_sharing_enabled":true,"jetpack_shortlink":"https:\/\/wp.me\/pq7aY-zB","jetpack_likes_enabled":true,"jetpack-related-posts":[],"jetpack_featured_media_url":"","_links":{"self":[{"href":"https:\/\/terragina.de\/blog\/wp-json\/wp\/v2\/posts\/2207","targetHints":{"allow":["GET"]}}],"collection":[{"href":"https:\/\/terragina.de\/blog\/wp-json\/wp\/v2\/posts"}],"about":[{"href":"https:\/\/terragina.de\/blog\/wp-json\/wp\/v2\/types\/post"}],"author":[{"embeddable":true,"href":"https:\/\/terragina.de\/blog\/wp-json\/wp\/v2\/users\/1"}],"replies":[{"embeddable":true,"href":"https:\/\/terragina.de\/blog\/wp-json\/wp\/v2\/comments?post=2207"}],"version-history":[{"count":0,"href":"https:\/\/terragina.de\/blog\/wp-json\/wp\/v2\/posts\/2207\/revisions"}],"wp:attachment":[{"href":"https:\/\/terragina.de\/blog\/wp-json\/wp\/v2\/media?parent=2207"}],"wp:term":[{"taxonomy":"category","embeddable":true,"href":"https:\/\/terragina.de\/blog\/wp-json\/wp\/v2\/categories?post=2207"},{"taxonomy":"post_tag","embeddable":true,"href":"https:\/\/terragina.de\/blog\/wp-json\/wp\/v2\/tags?post=2207"}],"curies":[{"name":"wp","href":"https:\/\/api.w.org\/{rel}","templated":true}]}}