{"id":2215,"date":"2009-09-27T12:00:12","date_gmt":"2009-09-27T10:00:12","guid":{"rendered":"http:\/\/terragina.de\/blog\/?p=2215"},"modified":"2011-07-09T10:19:54","modified_gmt":"2011-07-09T08:19:54","slug":"berkersheimer-kerb-der-samstag","status":"publish","type":"post","link":"https:\/\/terragina.de\/blog\/2009\/09\/27\/berkersheimer-kerb-der-samstag\/","title":{"rendered":"Berkersheimer Kerb &#8211; Der Samstag"},"content":{"rendered":"<p>Die 243. <a href=\"http:\/\/www.berkersheimer-kerb.de\/\" title=\"Was ist bitte eine Kerb?\">Berkersheimer Kerb<\/a> findet in diesen Tagen in unserem sch\u00c3\u00b6nen Ortsteil statt und es ist immer DER Event des Jahres. Monatelang wird darauf hingearbeitet und alles will gut organisiert sein. Ausnahmezustand!<\/p>\n<p>Kerb? Was ist das \u00c3\u00bcberhaupt? Ihren Ursprung hat die Kerb in der <a href=\"http:\/\/de.wikipedia.org\/wiki\/Kirchweih\" title=\"Frag mal Wiki\">Kirchweih<\/a> &#8211; einem Fest, das zur Weihe einer Kirche statt findet. Allerdings ist der urspr\u00c3\u00bcngliche Charakter des Festes wohl \u00c3\u00bcber die Jahre verloren gegangen.<\/p>\n<p>Wie in jedem Jahr beginnt die Kerb mit einer Kinderdisco am Freitag nachmittag, abends folgt dann die Disco \u00e2\u20ac\u017ef\u00c3\u00bcr die Gro\u00c3\u0178en\u00e2\u20ac\u009d. In diesem Jahr fand der Freitag Abend ohne uns statt. Wie uns berichtet wurde, war es aber toll!<\/p>\n<p>Am Samstag mittag wird die Kerb dann ganz offiziell &#8211; und auch traditionell &#8211; er\u00c3\u00b6ffnet. Allj\u00c3\u00a4hrlich legt die Kerbegesellschaft mit ihrem Zug durch Berkersheim erstmal den Verkehr lahm. Der am Vormittag &#8211; wohl irgendwo im nahen Taunus &#8211; gef\u00c3\u00a4llte Kerbebaum wird mit einem Traktor durch den rot-wei\u00c3\u0178 geschm\u00c3\u00bcckten Ort gezogen. Begleitet von diversen Wagen, Musik-Corps und einer tollen alten Feuerwehr.<\/p>\n<p><\/p>\n<div style=\"text-align: center;\">\n  <a href=\"http:\/\/terragina.de\/blog\/wp-content\/uploads\/2009\/09\/kerb_01.jpg\" rel=\"lightbox[2215]\"><img loading=\"lazy\" decoding=\"async\" src=\"http:\/\/terragina.de\/blog\/wp-content\/uploads\/2009\/09\/kerb_01-tm.jpg\" title=\"Lautstarke Fahrt durch den Ort zum Kerbeplatz\" width=\"240\" height=\"160\" alt=\"kerb_01.jpg\" \/><\/a>\n<\/div>\n<p><\/p>\n<p>Die Fahrt geht zum Festplatz, wo nach uralter Tradition der Baum mittels Leitern und vereinten Kr\u00c3\u00a4ften aufgebaut wird. Hier lasse ich die Bilder sprechen.<\/p>\n<p><\/p>\n<div style=\"text-align: center;\">\n  <a href=\"http:\/\/terragina.de\/blog\/wp-content\/uploads\/2009\/09\/kerb_02.jpg\" rel=\"lightbox[2215]\"><img loading=\"lazy\" decoding=\"async\" src=\"http:\/\/terragina.de\/blog\/wp-content\/uploads\/2009\/09\/kerb_02-tm.jpg\" title=\"Der Baum wird noch mit Leitern aufgestellt - sehr selten geworden in Frankfurt\" width=\"240\" height=\"186\" alt=\"kerb_02.jpg\" \/><\/a>\n<\/div>\n<p><\/p>\n<div style=\"text-align: center;\">\n  \n<\/div>\n<div style=\"text-align: center;\">\n  <br \/>\n  <a href=\"http:\/\/terragina.de\/blog\/wp-content\/uploads\/2009\/09\/kerb_03.jpg\" rel=\"lightbox[2215]\"><img loading=\"lazy\" decoding=\"async\" src=\"http:\/\/terragina.de\/blog\/wp-content\/uploads\/2009\/09\/kerb_03-tm.jpg\" title=\"Wenn der Baum steht &amp; die Lies h\u00c3\u00a4ngt, ist die Kerb offiziell er\u00c3\u00b6ffnet!\" width=\"240\" height=\"165\" alt=\"kerb_03.jpg\" \/><\/a>\n<\/div>\n<p><\/p>\n<p>Und er steht fast &#8211; und er steht ganz! Die Strohdame unter dem Kranz, die hei\u00c3\u0178t \u00c3\u00bcbrigens \u00e2\u20ac\u017eKerbelies\u00e2\u20ac\u009d &#8211; gefertigt von den Kerbeburschen und Kerbem\u00c3\u00a4dels eigenes f\u00c3\u00bcr diesen Anlass.<\/p>\n<p>Nach einem Gl\u00c3\u00a4schen \u00c3\u201eppler haben wir uns dann wieder auf den Heimweg gemacht &#8211; um abends f\u00c3\u00bcr die Party im Zelt sch\u00c3\u00b6n ausgeruht zu sein. Fotos gibt`s davon leider keine &#8211; aber eines ist gar keine Frage:<\/p>\n<p><a href=\"http:\/\/www.cno-live.de\/\" title=\"CNO live\">CNO<\/a> hat das Zelt gerockt und es war absolut klasse. Bitte im n\u00c3\u00a4chsten Jahr wieder!<\/p>\n","protected":false},"excerpt":{"rendered":"<p>Die 243. Berkersheimer Kerb findet in diesen Tagen in unserem sch\u00c3\u00b6nen Ortsteil statt und es ist immer DER Event des Jahres. Monatelang wird darauf hingearbeitet und alles will gut organisiert sein. Ausnahmezustand! Kerb? Was ist das \u00c3\u00bcberhaupt? Ihren Ursprung hat die Kerb in der Kirchweih &#8211; einem Fest, das zur Weihe einer Kirche statt findet. Allerdings ist der urspr\u00c3\u00bcngliche Charakter des Festes wohl \u00c3\u00bcber die Jahre verloren gegangen. Wie in jedem Jahr beginnt die Kerb mit einer Kinderdisco am Freitag nachmittag, abends folgt dann die Disco \u00e2\u20ac\u017ef\u00c3\u00bcr die Gro\u00c3\u0178en\u00e2\u20ac\u009d. In diesem Jahr fand der Freitag Abend ohne uns statt. Wie uns berichtet wurde, war es aber toll! Am Samstag mittag wird die Kerb dann ganz offiziell &#8211; und auch traditionell &#8211; er\u00c3\u00b6ffnet. Allj\u00c3\u00a4hrlich legt die Kerbegesellschaft mit ihrem Zug durch Berkersheim erstmal den Verkehr lahm. Der am Vormittag &#8211; wohl irgendwo im nahen Taunus &#8211; gef\u00c3\u00a4llte Kerbebaum wird mit einem Traktor durch den rot-wei\u00c3\u0178 geschm\u00c3\u00bcckten Ort gezogen. Begleitet von diversen Wagen, Musik-Corps und einer tollen alten Feuerwehr. Die Fahrt geht zum Festplatz, wo nach uralter &hellip;<\/p>\n","protected":false},"author":1,"featured_media":0,"comment_status":"open","ping_status":"open","sticky":false,"template":"","format":"standard","meta":{"_jetpack_newsletter_access":"","_jetpack_dont_email_post_to_subs":false,"_jetpack_newsletter_tier_id":0,"_jetpack_memberships_contains_paywalled_content":false,"_jetpack_memberships_contains_paid_content":false,"footnotes":""},"categories":[114],"tags":[973],"class_list":["post-2215","post","type-post","status-publish","format-standard","hentry","category-plauderecke","tag-plauderecke"],"jetpack_sharing_enabled":true,"jetpack_shortlink":"https:\/\/wp.me\/pq7aY-zJ","jetpack_likes_enabled":true,"jetpack-related-posts":[],"jetpack_featured_media_url":"","_links":{"self":[{"href":"https:\/\/terragina.de\/blog\/wp-json\/wp\/v2\/posts\/2215","targetHints":{"allow":["GET"]}}],"collection":[{"href":"https:\/\/terragina.de\/blog\/wp-json\/wp\/v2\/posts"}],"about":[{"href":"https:\/\/terragina.de\/blog\/wp-json\/wp\/v2\/types\/post"}],"author":[{"embeddable":true,"href":"https:\/\/terragina.de\/blog\/wp-json\/wp\/v2\/users\/1"}],"replies":[{"embeddable":true,"href":"https:\/\/terragina.de\/blog\/wp-json\/wp\/v2\/comments?post=2215"}],"version-history":[{"count":0,"href":"https:\/\/terragina.de\/blog\/wp-json\/wp\/v2\/posts\/2215\/revisions"}],"wp:attachment":[{"href":"https:\/\/terragina.de\/blog\/wp-json\/wp\/v2\/media?parent=2215"}],"wp:term":[{"taxonomy":"category","embeddable":true,"href":"https:\/\/terragina.de\/blog\/wp-json\/wp\/v2\/categories?post=2215"},{"taxonomy":"post_tag","embeddable":true,"href":"https:\/\/terragina.de\/blog\/wp-json\/wp\/v2\/tags?post=2215"}],"curies":[{"name":"wp","href":"https:\/\/api.w.org\/{rel}","templated":true}]}}