{"id":2217,"date":"2009-09-27T18:59:39","date_gmt":"2009-09-27T16:59:39","guid":{"rendered":"http:\/\/terragina.de\/blog\/?p=2217"},"modified":"2011-07-09T10:19:52","modified_gmt":"2011-07-09T08:19:52","slug":"habe-ich-das-verdient","status":"publish","type":"post","link":"https:\/\/terragina.de\/blog\/2009\/09\/27\/habe-ich-das-verdient\/","title":{"rendered":"Habe ich das verdient?"},"content":{"rendered":"<p>Offensichtlich war ich eine brave Ehefrau an diesem Wochenende&#8230;<\/p>\n<p>Schaut mal hier:<\/p>\n<p style=\"text-align: center;\"><img loading=\"lazy\" decoding=\"async\" src=\"http:\/\/terragina.de\/blog\/wp-content\/uploads\/2009\/09\/sesamfladen.jpg\" width=\"580\" height=\"435\" alt=\"sesamfladen.jpg\" \/><\/p>\n<p>Eine halbe Stunde durfte ich keinen Fu\u00c3\u0178 in die K\u00c3\u00bcche setzen.<\/p>\n<p>Diese Garnelen (erh\u00c3\u00a4ltlich bei Al*di in Ringform) sind einfach zu k\u00c3\u00b6stlich. Dazu leckerer Butterk\u00c3\u00a4se mit Pfefferk\u00c3\u00b6rnern, gekochter Schinken, Cocktailtomaten, ein Hauch von Knoblauch und etwas Miracel Whip Balance &#8211; alles zusammen in diesem wundervoll knusprigen Sesamfladen &#8211; yummy yummy!!<\/p>\n<p>DANKE SCH\u00c3\u2013N, lieber Hobbykoch! :biglove:<\/p>\n<p>Und mal so am Rande: Wir sind beiden zu dem Schlu\u00c3\u0178 gekommen, dass der <a href=\"http:\/\/terragina.de\/blog\/?p=2201\" title=\"Kartoffel-Avocado-Salat\">Kartoffel-Avocado-Salat<\/a> frisch und noch leicht warm um L\u00c3\u00a4ngen besser schmeckt. Also lieber etwas weniger zubereiten &#8211; es ist sehr schade drum.<\/p>\n","protected":false},"excerpt":{"rendered":"<p>Offensichtlich war ich eine brave Ehefrau an diesem Wochenende&#8230; Schaut mal hier: Eine halbe Stunde durfte ich keinen Fu\u00c3\u0178 in die K\u00c3\u00bcche setzen. Diese Garnelen (erh\u00c3\u00a4ltlich bei Al*di in Ringform) sind einfach zu k\u00c3\u00b6stlich. Dazu leckerer Butterk\u00c3\u00a4se mit Pfefferk\u00c3\u00b6rnern, gekochter Schinken, Cocktailtomaten, ein Hauch von Knoblauch und etwas Miracel Whip Balance &#8211; alles zusammen in diesem wundervoll knusprigen Sesamfladen &#8211; yummy yummy!! DANKE SCH\u00c3\u2013N, lieber Hobbykoch! :biglove: Und mal so am Rande: Wir sind beiden zu dem Schlu\u00c3\u0178 gekommen, dass der Kartoffel-Avocado-Salat frisch und noch leicht warm um L\u00c3\u00a4ngen besser schmeckt. Also lieber etwas weniger zubereiten &#8211; es ist sehr schade drum.<\/p>\n","protected":false},"author":1,"featured_media":0,"comment_status":"open","ping_status":"open","sticky":false,"template":"","format":"standard","meta":{"_jetpack_newsletter_access":"","_jetpack_dont_email_post_to_subs":false,"_jetpack_newsletter_tier_id":0,"_jetpack_memberships_contains_paywalled_content":false,"_jetpack_memberships_contains_paid_content":false,"footnotes":""},"categories":[7,114],"tags":[961,973],"class_list":["post-2217","post","type-post","status-publish","format-standard","hentry","category-leckeres","category-plauderecke","tag-leckeres","tag-plauderecke"],"jetpack_sharing_enabled":true,"jetpack_shortlink":"https:\/\/wp.me\/pq7aY-zL","jetpack_likes_enabled":true,"jetpack-related-posts":[],"jetpack_featured_media_url":"","_links":{"self":[{"href":"https:\/\/terragina.de\/blog\/wp-json\/wp\/v2\/posts\/2217","targetHints":{"allow":["GET"]}}],"collection":[{"href":"https:\/\/terragina.de\/blog\/wp-json\/wp\/v2\/posts"}],"about":[{"href":"https:\/\/terragina.de\/blog\/wp-json\/wp\/v2\/types\/post"}],"author":[{"embeddable":true,"href":"https:\/\/terragina.de\/blog\/wp-json\/wp\/v2\/users\/1"}],"replies":[{"embeddable":true,"href":"https:\/\/terragina.de\/blog\/wp-json\/wp\/v2\/comments?post=2217"}],"version-history":[{"count":0,"href":"https:\/\/terragina.de\/blog\/wp-json\/wp\/v2\/posts\/2217\/revisions"}],"wp:attachment":[{"href":"https:\/\/terragina.de\/blog\/wp-json\/wp\/v2\/media?parent=2217"}],"wp:term":[{"taxonomy":"category","embeddable":true,"href":"https:\/\/terragina.de\/blog\/wp-json\/wp\/v2\/categories?post=2217"},{"taxonomy":"post_tag","embeddable":true,"href":"https:\/\/terragina.de\/blog\/wp-json\/wp\/v2\/tags?post=2217"}],"curies":[{"name":"wp","href":"https:\/\/api.w.org\/{rel}","templated":true}]}}