{"id":2322,"date":"2009-10-11T11:00:02","date_gmt":"2009-10-11T09:00:02","guid":{"rendered":"http:\/\/terragina.de\/blog\/?p=2322"},"modified":"2011-07-09T10:19:12","modified_gmt":"2011-07-09T08:19:12","slug":"huwwdbt-bilder-1-2-und-3","status":"publish","type":"post","link":"https:\/\/terragina.de\/blog\/2009\/10\/11\/huwwdbt-bilder-1-2-und-3\/","title":{"rendered":"HuWWDBT &#8211; Bilder 1, 2 und 3"},"content":{"rendered":"<div style=\"float: left; margin-right: 10px; margin-bottom: 10px\">\n  <a href=\"http:\/\/landgefluester.wordpress.com\/huwwdbt\/\" target=\"blank\" title=\"HuWWDBT\"><img loading=\"lazy\" decoding=\"async\" src=\"http:\/\/terragina.de\/blog\/images\/huwwdbt.jpg\" border=\"0\" width=\"80\" height=\"36\" \/><\/a><\/p>\n<\/div>\n<p>Frau Landgefl\u00c3\u00bcster w\u00c3\u00a4re nicht Frau Landgefl\u00c3\u00bcster, wenn sie sich nicht immer wieder eine tolle und witzige Idee einfallen liesse, um ihre netten Blogleser und Blogleserinnen bei guter Laune zu halten. Hier steht &#8222;HuWWDBT&#8220; schlichtweg f\u00c3\u00bcr \u00e2\u20ac\u017eHerbst-und-Winter-Wetter-Depressions-Bek\u00c3\u00a4mpfungs-Therapie&#8220;. Ein sich fast selbsterkl\u00c3\u00a4render Begriff. Haben doch einige mit schlechtem Wetter und k\u00c3\u00bchlen Temperaturen und Regen Probleme und lassen sich die Laune davon vermiesen. Genau hier setzt Frau Dr. Dr. Dr. Dr. Dr. Dr. Dipl.-Psych. Landgefl\u00c3\u00bcster <span style=\"text-decoration: line-through\">diesmal ohne die freundliche Unterst\u00c3\u00bctzung von Dr. Dreamy?<\/span> an und m\u00c3\u00b6chte gerne viele sch\u00c3\u00b6ne Wetterfotos sehen. Und das bis zum offiziellen Herbst-Ende, also am 20.12. 2009.<\/p>\n<p>Ich selber mag den Herbst ja sehr gerne. Ich mag das bunte Laub, ich mag Kastanien, das Rascheln unter den Schuhsohlen. Ich mag es, wenn die Sonne sich einen Weg durch sch\u00c3\u00b6ne W\u00c3\u00b6lkchen k\u00c3\u00a4mpft. Und klar habe ich andererseits nicht gerade das gr\u00c3\u00b6\u00c3\u0178te Strahlen im Gesicht, wenn`s bei 5\u00c2\u00b0C draussen sch\u00c3\u00bcttet wie aus Eimern oder Bindf\u00c3\u00a4den regnet. Nein, das brauche ich auch nicht wirklich &#8211; aber die Natur dankt es!<\/p>\n<p>Am vergangenen Freitag habe ich die ersten beiden Fotos f\u00c3\u00bcr diesen Wettbewerb geschossen. Schlie\u00c3\u0178lich sollen es ja Seelentr\u00c3\u00b6sterfotos sein, mit Pieselregen kann ich niemanden so wirklich tr\u00c3\u00b6sten. Aus gegebenen Anlass stelle ich sie erst heute ein. Das dritte Foto ist vor ca. 2 Stunden entstanden.<\/p>\n<p><\/p>\n<div style=\"text-align: center;\">\n  <a href=\"http:\/\/terragina.de\/blog\/wp-content\/uploads\/2009\/10\/huwwdbt_01.jpg\" rel=\"lightbox[2322]\"><img loading=\"lazy\" decoding=\"async\" src=\"http:\/\/terragina.de\/blog\/wp-content\/uploads\/2009\/10\/huwwdbt_01-tm.jpg\" width=\"240\" height=\"180\" title=\"Seelentr\u00c3\u00b6ster-Foto #01, Freitag, 09.10.2009\" alt=\"huwwdbt_01.jpg\" \/><\/a> <a href=\"http:\/\/terragina.de\/blog\/wp-content\/uploads\/2009\/10\/huwwdbt_02.jpg\" rel=\"lightbox[2322]\"><img loading=\"lazy\" decoding=\"async\" src=\"http:\/\/terragina.de\/blog\/wp-content\/uploads\/2009\/10\/huwwdbt_02-tm.jpg\" width=\"240\" height=\"180\" title=\"Seelentr\u00c3\u00b6ster-Foto #02, Freitag, 09.10.2009\" alt=\"huwwdbt_02.jpg\" \/><\/a><\/p>\n<div style=\"text-align: center;\">\n    <a href=\"http:\/\/terragina.de\/blog\/wp-content\/uploads\/2009\/10\/huwwdbt_03.jpg\" rel=\"lightbox[2322]\"><img loading=\"lazy\" decoding=\"async\" src=\"http:\/\/terragina.de\/blog\/wp-content\/uploads\/2009\/10\/huwwdbt_03-tm.jpg\" width=\"240\" height=\"180\" title=\"Seelentr\u00c3\u00b6ster-Foto #03, Sonntag, 11.10.2009\" alt=\"huwwdbt_03.jpg\" \/><\/a>\n  <\/div>\n<p><\/p>\n<p style=\"text-align: left;\"><a href=\"http:\/\/landgefluester.wordpress.com\/huwwdbt\/ihre-seelentrosterwetterfotos\/\" title=\"Seelentr\u00c3\u00b6sterfotos bei Frau Landgefl\u00c3\u00bcster\">Hier<\/a> gibt\u00c2\u00b4s \u00c3\u00bcbrigens die restlichen sch\u00c3\u00b6nen Fotos, die unsere Seele tr\u00c3\u00b6sten sollen und uns ein L\u00c3\u00a4cheln ins Gesicht zaubern.<\/p>\n<\/div>\n","protected":false},"excerpt":{"rendered":"<p>Frau Landgefl\u00c3\u00bcster w\u00c3\u00a4re nicht Frau Landgefl\u00c3\u00bcster, wenn sie sich nicht immer wieder eine tolle und witzige Idee einfallen liesse, um ihre netten Blogleser und Blogleserinnen bei guter Laune zu halten. Hier steht &#8222;HuWWDBT&#8220; schlichtweg f\u00c3\u00bcr \u00e2\u20ac\u017eHerbst-und-Winter-Wetter-Depressions-Bek\u00c3\u00a4mpfungs-Therapie&#8220;. Ein sich fast selbsterkl\u00c3\u00a4render Begriff. Haben doch einige mit schlechtem Wetter und k\u00c3\u00bchlen Temperaturen und Regen Probleme und lassen sich die Laune davon vermiesen. Genau hier setzt Frau Dr. Dr. Dr. Dr. Dr. Dr. Dipl.-Psych. Landgefl\u00c3\u00bcster diesmal ohne die freundliche Unterst\u00c3\u00bctzung von Dr. Dreamy? an und m\u00c3\u00b6chte gerne viele sch\u00c3\u00b6ne Wetterfotos sehen. Und das bis zum offiziellen Herbst-Ende, also am 20.12. 2009. Ich selber mag den Herbst ja sehr gerne. Ich mag das bunte Laub, ich mag Kastanien, das Rascheln unter den Schuhsohlen. Ich mag es, wenn die Sonne sich einen Weg durch sch\u00c3\u00b6ne W\u00c3\u00b6lkchen k\u00c3\u00a4mpft. Und klar habe ich andererseits nicht gerade das gr\u00c3\u00b6\u00c3\u0178te Strahlen im Gesicht, wenn`s bei 5\u00c2\u00b0C draussen sch\u00c3\u00bcttet wie aus Eimern oder Bindf\u00c3\u00a4den regnet. Nein, das brauche ich auch nicht wirklich &#8211; aber die Natur dankt es! Am vergangenen Freitag habe ich die ersten &hellip;<\/p>\n","protected":false},"author":1,"featured_media":0,"comment_status":"open","ping_status":"open","sticky":false,"template":"","format":"standard","meta":{"_jetpack_newsletter_access":"","_jetpack_dont_email_post_to_subs":false,"_jetpack_newsletter_tier_id":0,"_jetpack_memberships_contains_paywalled_content":false,"_jetpack_memberships_contains_paid_content":false,"footnotes":""},"categories":[114],"tags":[973],"class_list":["post-2322","post","type-post","status-publish","format-standard","hentry","category-plauderecke","tag-plauderecke"],"jetpack_sharing_enabled":true,"jetpack_shortlink":"https:\/\/wp.me\/pq7aY-Bs","jetpack_likes_enabled":true,"jetpack-related-posts":[],"jetpack_featured_media_url":"","_links":{"self":[{"href":"https:\/\/terragina.de\/blog\/wp-json\/wp\/v2\/posts\/2322","targetHints":{"allow":["GET"]}}],"collection":[{"href":"https:\/\/terragina.de\/blog\/wp-json\/wp\/v2\/posts"}],"about":[{"href":"https:\/\/terragina.de\/blog\/wp-json\/wp\/v2\/types\/post"}],"author":[{"embeddable":true,"href":"https:\/\/terragina.de\/blog\/wp-json\/wp\/v2\/users\/1"}],"replies":[{"embeddable":true,"href":"https:\/\/terragina.de\/blog\/wp-json\/wp\/v2\/comments?post=2322"}],"version-history":[{"count":0,"href":"https:\/\/terragina.de\/blog\/wp-json\/wp\/v2\/posts\/2322\/revisions"}],"wp:attachment":[{"href":"https:\/\/terragina.de\/blog\/wp-json\/wp\/v2\/media?parent=2322"}],"wp:term":[{"taxonomy":"category","embeddable":true,"href":"https:\/\/terragina.de\/blog\/wp-json\/wp\/v2\/categories?post=2322"},{"taxonomy":"post_tag","embeddable":true,"href":"https:\/\/terragina.de\/blog\/wp-json\/wp\/v2\/tags?post=2322"}],"curies":[{"name":"wp","href":"https:\/\/api.w.org\/{rel}","templated":true}]}}