{"id":2420,"date":"2009-10-25T09:12:07","date_gmt":"2009-10-25T07:12:07","guid":{"rendered":"http:\/\/terragina.de\/blog\/?p=2420"},"modified":"2011-07-09T10:18:42","modified_gmt":"2011-07-09T08:18:42","slug":"ein-schoener-samstag-2","status":"publish","type":"post","link":"https:\/\/terragina.de\/blog\/2009\/10\/25\/ein-schoener-samstag-2\/","title":{"rendered":"Ein sch\u00c3\u00b6ner Samstag"},"content":{"rendered":"<p>Der aufmerksame Leser \/ die aufmerksame Leserin meines Blogs hat es in den letzten Wochen schon in meiner Sidebar gelesen. F\u00c3\u00bcr den gestrigen Tag war ein Besuch auf der <a href=\"http:\/\/www.kulinart-messe.de\/\" title=\"Ein Messebesuch steht auf dem Programm\">Kulinart<\/a> vorgesehen. P\u00c3\u00bcnktlich wie immer standen <a href=\"http:\/\/fraeuleinfrieda.wordpress.com\" title=\"Besuche Frl. Frieda\">Frl. Frieda<\/a> nebst Herrn Frieda vor unserer T\u00c3\u00bcr und nach einer schnellen Tasse Kaffee konnte es los gehen. Die Fahrt zur Messe dauerte ca. 20 Minuten und schon waren wir dort. Ein sehr sch\u00c3\u00b6nes Ambiente im alten \u00e2\u20ac\u017e<a href=\"http:\/\/de.wikipedia.org\/wiki\/Bockenheimer_Depot\" title=\"Bockenheimer Depot\">Bockenheimer Depot<\/a>\u00e2\u20ac\u009d. Das Geb\u00c3\u00a4ude stand fr\u00c3\u00bcher f\u00c3\u00bcr die Stra\u00c3\u0178enbahnen zur Verf\u00c3\u00bcgung und berechtigterweise steht es heute unter Denkmalschutz. Die sch\u00c3\u00b6ne Architektur der Halle bietet den perfekten Rahmen f\u00c3\u00bcr eine derartige Genuss-Messe.<\/p>\n<p>3-4 x schlenderten wir durch die G\u00c3\u00a4nge. Probierten hier ein wenig Oliven\u00c3\u00b6l, dort ein bisschen Honig oder Konfit\u00c3\u00bcre und auch am Nougat-Stand konnte ich nicht widerstehen, ein winziges St\u00c3\u00bcckchen musste ich einfach probieren. Als wir dann an einem weiteren Confiseriestand vorbei kamen und Frl. Frieda und ich die &#8211; zugegeben sehr k\u00c3\u00b6stlich aussehenden &#8211; Florentiner nicht probieren wollten, ernteten wir nur verst\u00c3\u00a4ndnislose Blicke :-( Die Herren Hobbykoch und Frieda hielten sich sowieso eher an die \u00e2\u20ac\u017eherzhaften\u00e2\u20ac\u009d St\u00c3\u00a4nde mit Wurst und K\u00c3\u00a4se und anderen Leckereien. Auch die Deko-Ideen schauten wir uns an und haben ein paar nette Sachen entdecken k\u00c3\u00b6nnen.<\/p>\n<p>Auf der letzten Runde machten wir dann unsere Eink\u00c3\u00a4ufe &#8211; zu sehen im folgenden Bild rechts unten (klick macht gro\u00c3\u0178):<\/p>\n<div style=\"text-align: center;\">\n  <a href=\"http:\/\/terragina.de\/blog\/wp-content\/uploads\/2009\/10\/kulinart.jpg\" rel=\"lightbox[2420]\"><img loading=\"lazy\" decoding=\"async\" src=\"http:\/\/terragina.de\/blog\/wp-content\/uploads\/2009\/10\/kulinart-tm.jpg\" width=\"240\" height=\"180\" alt=\"kulinart.jpg\" \/><\/a>\n<\/div>\n<p><\/p>\n<p>Nach ca. 4 Stunden kamen wir dann zufrieden und auch hungrig bei uns zu Hause an &#8211; wo schon <a href=\"http:\/\/terragina.de\/blog\/?p=2392\" title=\"Ein superleckerer Apfelkuchen\">der gemeine Apfelkuchen<\/a> auf uns wartete. Schnell noch eine Latte Macchiato gezaubert und wir gingen zum gem\u00c3\u00bctlichen Teil des Tages \u00c3\u00bcber.<\/p>\n<p>Am Morgen hatte der Hobbykoch bereits seine Tomatensauce vorbereitet und ich uns einen <a href=\"http:\/\/terragina.de\/blog\/?p=2352\" title=\"Schneller Pizzateig\">Pizzateig<\/a> gemacht, der schon im K\u00c3\u00bchlschrank auf uns wartete. Da der gestrige Tag ja keiner unserer \u00c3\u00bcblichen Koch-Events war, dachten wir uns, dass unsere M\u00c3\u00a4nner ruhig auch mal schnippeln k\u00c3\u00b6nnen. Sie murrten zwar zun\u00c3\u00a4chst ein wenig, aber dann rissen sie die Organisation v\u00c3\u00b6llig an sich und Frl. Frieda und ich durften lediglich noch den Pizzateig samt Tomatensauce auf die beiden Bleche bef\u00c3\u00b6rdern.. Und was machten wir M\u00c3\u00a4dels dann? Nat\u00c3\u00bcrlich &#8211; ein Gl\u00c3\u00a4schen Prosecco genie\u00c3\u0178en.<\/p>\n<p>Zum Belegen wurden wir dann wieder gerufen <span style=\"text-decoration: line-through\">und zum Absp\u00c3\u00bclen und K\u00c3\u00bcche sauber machen sp\u00c3\u00a4ter nat\u00c3\u00bcrlich auch<\/span>. Wir hatten doch ein ganz sch\u00c3\u00b6nes Repertoire und so konnte jeder sich seinen Teil der Pizza nach Herzenslust belegen. Blattspinat, Zwiebelchen, Knoblauch, braune Champignons, Hackfleisch, Chilischoten, Paprikast\u00c3\u00bcckchen, dreierlei Schinken und Salami. Feta, Mozzarella, Gorgonzola und nat\u00c3\u00bcrlich Parmesan durften auch nicht fehlen.<\/p>\n<p>Sehr interessant war, dass das Blech der Frauen sich doch sehr vom \u00e2\u20ac\u017eM\u00c3\u00a4nnerblech\u00e2\u20ac\u009d unterschied&#8230;. &#8211; aber die Hauptsache ist ja, es hat allen geschmeckt. :yes1: Dazu gab`s \u00c3\u00bcbrigens ein Gl\u00c3\u00a4schen Merlot &#8211; ich glaube neben Gl\u00c3\u00bchwein der einzige Rotwein, den ich mag. Letzte Woche kam ich ja schon in den Genu\u00c3\u0178 eines italienischen und ich gebe zu, der hatte mir noch ein bisschen besser geschmeckt als der gestrige aus Chile&#8230; :roll:<\/p>\n<p>So ging dann entspannt und gem\u00c3\u00bctlich wieder mal ein sehr sch\u00c3\u00b6ner Tag zu Ende &#8211; es war wirklich sch\u00c3\u00b6n &#8211; aber das ist es ja eigentlich immer, wenn uns liebe Freunde besuchen&#8230; ;)<\/p>\n","protected":false},"excerpt":{"rendered":"<p>Der aufmerksame Leser \/ die aufmerksame Leserin meines Blogs hat es in den letzten Wochen schon in meiner Sidebar gelesen. F\u00c3\u00bcr den gestrigen Tag war ein Besuch auf der Kulinart vorgesehen. P\u00c3\u00bcnktlich wie immer standen Frl. Frieda nebst Herrn Frieda vor unserer T\u00c3\u00bcr und nach einer schnellen Tasse Kaffee konnte es los gehen. Die Fahrt zur Messe dauerte ca. 20 Minuten und schon waren wir dort. Ein sehr sch\u00c3\u00b6nes Ambiente im alten \u00e2\u20ac\u017eBockenheimer Depot\u00e2\u20ac\u009d. Das Geb\u00c3\u00a4ude stand fr\u00c3\u00bcher f\u00c3\u00bcr die Stra\u00c3\u0178enbahnen zur Verf\u00c3\u00bcgung und berechtigterweise steht es heute unter Denkmalschutz. Die sch\u00c3\u00b6ne Architektur der Halle bietet den perfekten Rahmen f\u00c3\u00bcr eine derartige Genuss-Messe. 3-4 x schlenderten wir durch die G\u00c3\u00a4nge. Probierten hier ein wenig Oliven\u00c3\u00b6l, dort ein bisschen Honig oder Konfit\u00c3\u00bcre und auch am Nougat-Stand konnte ich nicht widerstehen, ein winziges St\u00c3\u00bcckchen musste ich einfach probieren. Als wir dann an einem weiteren Confiseriestand vorbei kamen und Frl. Frieda und ich die &#8211; zugegeben sehr k\u00c3\u00b6stlich aussehenden &#8211; Florentiner nicht probieren wollten, ernteten wir nur verst\u00c3\u00a4ndnislose Blicke :-( Die Herren Hobbykoch und Frieda hielten sich sowieso &hellip;<\/p>\n","protected":false},"author":1,"featured_media":0,"comment_status":"open","ping_status":"open","sticky":false,"template":"","format":"standard","meta":{"_jetpack_newsletter_access":"","_jetpack_dont_email_post_to_subs":false,"_jetpack_newsletter_tier_id":0,"_jetpack_memberships_contains_paywalled_content":false,"_jetpack_memberships_contains_paid_content":false,"footnotes":""},"categories":[114],"tags":[549,96,551,552,973],"class_list":["post-2420","post","type-post","status-publish","format-standard","hentry","category-plauderecke","tag-ausfug","tag-freunde","tag-kulinart","tag-messe","tag-plauderecke"],"jetpack_sharing_enabled":true,"jetpack_shortlink":"https:\/\/wp.me\/pq7aY-D2","jetpack_likes_enabled":true,"jetpack-related-posts":[],"jetpack_featured_media_url":"","_links":{"self":[{"href":"https:\/\/terragina.de\/blog\/wp-json\/wp\/v2\/posts\/2420","targetHints":{"allow":["GET"]}}],"collection":[{"href":"https:\/\/terragina.de\/blog\/wp-json\/wp\/v2\/posts"}],"about":[{"href":"https:\/\/terragina.de\/blog\/wp-json\/wp\/v2\/types\/post"}],"author":[{"embeddable":true,"href":"https:\/\/terragina.de\/blog\/wp-json\/wp\/v2\/users\/1"}],"replies":[{"embeddable":true,"href":"https:\/\/terragina.de\/blog\/wp-json\/wp\/v2\/comments?post=2420"}],"version-history":[{"count":0,"href":"https:\/\/terragina.de\/blog\/wp-json\/wp\/v2\/posts\/2420\/revisions"}],"wp:attachment":[{"href":"https:\/\/terragina.de\/blog\/wp-json\/wp\/v2\/media?parent=2420"}],"wp:term":[{"taxonomy":"category","embeddable":true,"href":"https:\/\/terragina.de\/blog\/wp-json\/wp\/v2\/categories?post=2420"},{"taxonomy":"post_tag","embeddable":true,"href":"https:\/\/terragina.de\/blog\/wp-json\/wp\/v2\/tags?post=2420"}],"curies":[{"name":"wp","href":"https:\/\/api.w.org\/{rel}","templated":true}]}}