{"id":2454,"date":"2009-10-31T16:44:48","date_gmt":"2009-10-31T14:44:48","guid":{"rendered":"http:\/\/terragina.de\/blog\/?p=2454"},"modified":"2011-07-09T10:18:23","modified_gmt":"2011-07-09T08:18:23","slug":"samstag-vormittag-ausflug","status":"publish","type":"post","link":"https:\/\/terragina.de\/blog\/2009\/10\/31\/samstag-vormittag-ausflug\/","title":{"rendered":"Samstag-Vormittag-Ausflug"},"content":{"rendered":"<p>Beverly hat`s ja bereits erz\u00c3\u00a4hlt, wir hatten f\u00c3\u00bcr heute einen Ausflug in den neuen Einkaufstempel <a href=\"http:\/\/www.loop5.de\/\" title=\"Loop 5 - Neu in Darmstadt-Weiterstadt\">Loop 5<\/a> in Darmstadt-Weiterstadt geplant. Gut, dass wir uns fr\u00c3\u00bch dazu entschlossen hatten &#8211; nach halbst\u00c3\u00bcndiger Fahrt rollten wir ziemlich genau um 10 Uhr p\u00c3\u00bcnktlich zur \u00c3\u2013ffnungszeit auf den Parkplatz &#8211; und es war schon einiges los. <i>Was wollten die Leute alle da, wo doch morgen verkaufsoffener Sonntag ist?<\/i>&nbsp;&nbsp;Ok, wahrscheinlich das gleiche wie wir.<\/p>\n<p>Es dauerte ein wenig, bis wir das Prinzip von -1, -1+, 0, 0+, +1, +1+ etc. verstanden, aber irgendwann hatten wir dann auch den \u00c3\u0153bergang vom Parkhaus zum Shoppingtempel gefunden &#8211; und ich mu\u00c3\u0178 sagen: \u00e2\u20ac\u017eJa &#8211; architektonisch absolut gelungen\u00e2\u20ac\u009d &#8211; es machte Spa\u00c3\u0178, durch die G\u00c3\u00a4nge zu schlendern. Etliche L\u00c3\u00a4den kannten wir schon, denn die wiederholen sich ja auch in den Einkaufszentren &#8211; da geben die sich nicht viel.<\/p>\n<p>Aber: Es gab auch einiges Neues zu entdecken. Und wir brauchten auch noch ein paar Lebensmittel f\u00c3\u00bcrs Mittagessen f\u00c3\u00bcr morgen. Ich habe selten so einen aufger\u00c3\u00a4umten, gro\u00c3\u0178z\u00c3\u00bcgigen und \u00c3\u00bcbersichtlichen Al*di gesehen. <span style=\"text-decoration: line-through\">Mal sehen, wie lange das so bleibt&#8230;<\/span> Er ist ja auch noch neu.<\/p>\n<p>Auf dem Programm standen notwendige Dinge wie Winterschuhe bzw. -stiefel f\u00c3\u00bcr die Kinder und eben auch das Schlendern durch diverse Schnickeldi-L\u00c3\u00a4den. Frau Landgefl\u00c3\u00bcster, dort gibt`s auch einen &#8222;But*lers&#8220; und mein Knofi-T\u00c3\u00b6pfchen hat nun Gesellschaft vom passenden Zwiebeltopf bekommen. :yes: Sollte ein Foto gew\u00c3\u00bcnscht sein &#8211; einfach mal rufen *lol* Und dieses Mal kam ich auch nicht an diesen h\u00c3\u00bcbschen bunten kleinen Kaffeet\u00c3\u00a4sschen vorbei &#8211; eine gr\u00c3\u00bcne habe ich soeben eingeweiht.<\/p>\n<p>Da ich viel mit Staunen und Gucken besch\u00c3\u00a4ftigt war, gibt`s auch nicht so viele Bilder. Die, die ich gemacht habe, habe ich zu einer kleinen Collage zusammen gebastelt &#8211; Klick macht gro\u00c3\u0178. ;)<\/p>\n<p><\/p>\n<p style=\"text-align: center;\"><a href=\"http:\/\/terragina.de\/blog\/wp-content\/uploads\/2009\/10\/loop5.jpg\" rel=\"lightbox[2454]\"><img loading=\"lazy\" decoding=\"async\" src=\"http:\/\/terragina.de\/blog\/wp-content\/uploads\/2009\/10\/loop5-tm.jpg\" title=\"Impressionen eines Einkaufstempels\" width=\"240\" height=\"182\" alt=\"loop5.jpg\" \/><\/a><\/p>\n<p><\/p>\n<p>Besonders angetan hat es mir diese irre Fu\u00c3\u0178matte links in der Mitte &#8211; das passt so sch\u00c3\u00b6n, wo der Hobbykoch doch dauernd auf Achse ist. Aber ich glaube, wenn ich mir diese gekauft h\u00c3\u00a4tte, w\u00c3\u00a4re er doch ein wenig stutzig geworden. Aber witzig ist sie trotzdem. ;) <i>Meine liebe Katja &#8211; h\u00c3\u00a4tte ich dir vielleicht ein Exemplar mitbringen sollen, schlie\u00c3\u0178lich teilen wir das gleiche Schicksal?<\/i> :pfeif:<\/p>\n<p>Kurz: Es war ein sch\u00c3\u00b6ner Vormittag &#8211; wir hatten viel Spa\u00c3\u0178 zusammen und auch im kulinarischen Bereich war f\u00c3\u00bcr jeden was dabei. Sch\u00c3\u00b6n, wenn man diverse Richtungen auf einem Haufen hat. So hat der Hobbykoch sich ein Schnitzel geg\u00c3\u00b6nnt, die Kinder fanden ihr kulinarisches Gl\u00c3\u00bcck beim <a href=\"http:\/\/www.kochloeffel.de\/home\/index.php\" title=\"Kochl\u00c3\u00b6ffel?\">Koch*l\u00c3\u00b6ffel<\/a> und ich habe mich f\u00c3\u00bcr gebratene Nudeln vom Asiaten entschieden. Geschmeckt hat\u00c2\u00b4s uns allen!<\/p>\n<p>Zum Schlu\u00c3\u0178 meines kleinen Berichtes noch etwas weniger Sch\u00c3\u00b6nes: Die Qualit\u00c3\u00a4t der Collage k\u00c3\u00b6nnte eindeutig besser sein. Ich wollte sie als jpg speichern, als sich mein PS aufh\u00c3\u00a4ngte&#8230;. der Rechner r\u00c3\u00b6delte und r\u00c3\u00b6delte &#8211; ich habe mich dann kurzerhand dazu entschlossen, einfach einen Screenshot zu machen &#8211; geht doch auch mal, oder? Sag`s!! Du h\u00c3\u00a4ttest es gar nicht gemerkt&#8230;. *lol*<\/p>\n<p>\u00c3\u0153brigens: Auf der R\u00c3\u00bcckfahrt h\u00c3\u00b6rten wir schmunzelnd im Radio, dass alle 3000 Parkpl\u00c3\u00a4tze belegt sind und die Autos schon bis auf die Autobahn stehen&#8230;. wie hei\u00c3\u0178t es so sch\u00c3\u00b6n?<\/p>\n<p><i>Fr\u00c3\u00bcher Vogel f\u00c3\u00a4ngt den Wurm<\/i> :dance:<\/p>\n","protected":false},"excerpt":{"rendered":"<p>Beverly hat`s ja bereits erz\u00c3\u00a4hlt, wir hatten f\u00c3\u00bcr heute einen Ausflug in den neuen Einkaufstempel Loop 5 in Darmstadt-Weiterstadt geplant. Gut, dass wir uns fr\u00c3\u00bch dazu entschlossen hatten &#8211; nach halbst\u00c3\u00bcndiger Fahrt rollten wir ziemlich genau um 10 Uhr p\u00c3\u00bcnktlich zur \u00c3\u2013ffnungszeit auf den Parkplatz &#8211; und es war schon einiges los. Was wollten die Leute alle da, wo doch morgen verkaufsoffener Sonntag ist?&nbsp;&nbsp;Ok, wahrscheinlich das gleiche wie wir. Es dauerte ein wenig, bis wir das Prinzip von -1, -1+, 0, 0+, +1, +1+ etc. verstanden, aber irgendwann hatten wir dann auch den \u00c3\u0153bergang vom Parkhaus zum Shoppingtempel gefunden &#8211; und ich mu\u00c3\u0178 sagen: \u00e2\u20ac\u017eJa &#8211; architektonisch absolut gelungen\u00e2\u20ac\u009d &#8211; es machte Spa\u00c3\u0178, durch die G\u00c3\u00a4nge zu schlendern. Etliche L\u00c3\u00a4den kannten wir schon, denn die wiederholen sich ja auch in den Einkaufszentren &#8211; da geben die sich nicht viel. Aber: Es gab auch einiges Neues zu entdecken. Und wir brauchten auch noch ein paar Lebensmittel f\u00c3\u00bcrs Mittagessen f\u00c3\u00bcr morgen. Ich habe selten so einen aufger\u00c3\u00a4umten, gro\u00c3\u0178z\u00c3\u00bcgigen und \u00c3\u00bcbersichtlichen Al*di gesehen. Mal sehen, wie lange das &hellip;<\/p>\n","protected":false},"author":1,"featured_media":0,"comment_status":"open","ping_status":"open","sticky":false,"template":"","format":"standard","meta":{"_jetpack_newsletter_access":"","_jetpack_dont_email_post_to_subs":false,"_jetpack_newsletter_tier_id":0,"_jetpack_memberships_contains_paywalled_content":false,"_jetpack_memberships_contains_paid_content":false,"footnotes":""},"categories":[114],"tags":[549,550,421,973],"class_list":["post-2454","post","type-post","status-publish","format-standard","hentry","category-plauderecke","tag-ausfug","tag-einkaufszentrum","tag-fotoalbum","tag-plauderecke"],"jetpack_sharing_enabled":true,"jetpack_shortlink":"https:\/\/wp.me\/pq7aY-DA","jetpack_likes_enabled":true,"jetpack-related-posts":[],"jetpack_featured_media_url":"","_links":{"self":[{"href":"https:\/\/terragina.de\/blog\/wp-json\/wp\/v2\/posts\/2454","targetHints":{"allow":["GET"]}}],"collection":[{"href":"https:\/\/terragina.de\/blog\/wp-json\/wp\/v2\/posts"}],"about":[{"href":"https:\/\/terragina.de\/blog\/wp-json\/wp\/v2\/types\/post"}],"author":[{"embeddable":true,"href":"https:\/\/terragina.de\/blog\/wp-json\/wp\/v2\/users\/1"}],"replies":[{"embeddable":true,"href":"https:\/\/terragina.de\/blog\/wp-json\/wp\/v2\/comments?post=2454"}],"version-history":[{"count":0,"href":"https:\/\/terragina.de\/blog\/wp-json\/wp\/v2\/posts\/2454\/revisions"}],"wp:attachment":[{"href":"https:\/\/terragina.de\/blog\/wp-json\/wp\/v2\/media?parent=2454"}],"wp:term":[{"taxonomy":"category","embeddable":true,"href":"https:\/\/terragina.de\/blog\/wp-json\/wp\/v2\/categories?post=2454"},{"taxonomy":"post_tag","embeddable":true,"href":"https:\/\/terragina.de\/blog\/wp-json\/wp\/v2\/tags?post=2454"}],"curies":[{"name":"wp","href":"https:\/\/api.w.org\/{rel}","templated":true}]}}