{"id":2488,"date":"2009-11-06T12:56:04","date_gmt":"2009-11-06T10:56:04","guid":{"rendered":"http:\/\/terragina.de\/blog\/?p=2488"},"modified":"2011-07-09T10:17:59","modified_gmt":"2011-07-09T08:17:59","slug":"mut","status":"publish","type":"post","link":"https:\/\/terragina.de\/blog\/2009\/11\/06\/mut\/","title":{"rendered":"Mut"},"content":{"rendered":"<p>Ja, heute war ich mutig. Ich war schon wochen-, nein, monatelang nicht mehr beim Fris\u00c3\u00b6r und es wurde wirklich allerh\u00c3\u00b6chste Eisenbahn. Dazu sollte ich vielleicht ein wenig weiter ausholen. Die meisten Frauen, die ich kenne, gehen unheimlich gerne zum Fris\u00c3\u00b6r. Ich geh\u00c3\u00b6re nicht dazu. F\u00c3\u00bcr mich ist das eher Pflichtprogramm und ich geh\u00c3\u00b6re auch zu den Menschen, die sich am liebsten direkt nach dem Besuch die Haare nochmal waschen und dann nochmal selber Hand anlegen.<\/p>\n<p>Nun war es aber so, dass mich mein viel zu langer Pony wirklich bei der Arbeit st\u00c3\u00b6rte. Jedesmal, wenn ich durch`s Mikroskop gucken wollte, hing eine Haarstr\u00c3\u00a4hne zwischen Okular und meinem Auge &#8211; ihr k\u00c3\u00b6nnt euch nicht vorstellen, wie nervig das ist. Freitags habe ich ja nun meinen freien Tag und da ich zu einem <a href=\"http:\/\/www.klier.de\/\" title=\"Klier\">Fris\u00c3\u00b6r<\/a> gehe, wo ich keinen Termin brauche, habe ich mir heute morgen einen Tritt <span style=\"text-decoration: line-through\">in den Hintern<\/span> in den Allerwertesten gegeben, mich in meine \u00e2\u20ac\u017eRennsemmel\u00e2\u20ac\u009d gesetzt und bin ins hiesige Einkaufszentrum gefahren. Lust hatte ich keine, aber es musste wirklich sein. :roll:<\/p>\n<p>Nun sa\u00c3\u0178 ich da auf meinem Stuhl und nat\u00c3\u00bcrlich kam die Frage: \u00e2\u20ac\u017eWas machen wir heute?\u00e2\u20ac\u009d Ich hasse diese Frage, weil ich leider selber immer nicht so genau wei\u00c3\u0178, was mir steht und wie ich es haben m\u00c3\u00b6chte. Fakt ist, dass ich gar f\u00c3\u00bcrchterliche Haare habe, die meist runterh\u00c3\u00a4ngen wie Spaghetti. Fein, d\u00c3\u00bcnn, glatt&#8230; und langweilig und ohne Volumen. Gemein, das!<\/p>\n<p>Heute war es aber irgendwie anders. Heute dachte ich so bei mir, wie es denn w\u00c3\u00a4re, mal einen Bob zu schneiden? Ich sprach die junge <span style=\"text-decoration: line-through\">lila und gr\u00c3\u00bcn gestr\u00c3\u00a4hnte<\/span> und \u00c3\u00bcberaus sympathische Fris\u00c3\u00b6rin an, was sie von meiner Idee halten w\u00c3\u00bcrde. Es ging ja wieder einmal darum, meinem Haar mehr Volumen zu verpassen. Und da sagte sie doch glatt: \u00e2\u20ac\u017eDas kann ich mir sehr gut vorstellen!\u00e2\u20ac\u009d<\/p>\n<p>\u00c3\u2013rks! Damit hatte ich nicht gerechnet, spielte das kurz in meinem Kopf durch und h\u00c3\u00b6rte mich sagen: \u00e2\u20ac\u017eOk, dann mal los.\u00e2\u20ac\u009d<\/p>\n<p>Und sie schnitt &#8211; und sie schnitt am Hinterkopf ordentlich! Da fielen heute eine Menge Haare und ich f\u00c3\u00bchle mich hintenrum ganz sch\u00c3\u00b6n nackig. Aber: Ich werde mich daran gew\u00c3\u00b6hnen und ab und zu mu\u00c3\u0178 man eben auch ein wenig mutig sein. Doch, es gef\u00c3\u00a4llt mir gut &#8211; und jetzt werden wir mal sehen, wie ich es beim n\u00c3\u00a4chsten Waschen selber hin bekomme. Denn dieses Mal bin ich mal nicht gleich zum Wasserhahn geeilt &#8211; ich bin zufrieden! Und zumindest dem Hobbykoch gef\u00c3\u00a4llt es auch&#8230;<\/p>\n<p>Ihr wollt gucken? Aber nur ganz ausnahmsweise&#8230;. (und es ist nicht einfach, so ein Bild zu machen, also bitte nicht ganz so genau hinschauen)<\/p>\n<p><\/p>\n<div style=\"text-align: center;\">\n  <img loading=\"lazy\" decoding=\"async\" src=\"http:\/\/terragina.de\/blog\/wp-content\/uploads\/2009\/11\/frisoer.jpg\" width=\"580\" height=\"435\" alt=\"frisoer.jpg\" \/>\n<\/div>\n<p style=\"text-align: center;\">Ungeschminkt, live und in Farbe *lol*<\/p>\n<p style=\"text-align: center;\"><\/p>\n<p style=\"text-align: left;\">Wollt Ihr meinen Blog jetzt noch weiter lesen?<\/p>\n<p style=\"text-align: left;\"><\/p>\n","protected":false},"excerpt":{"rendered":"<p>Ja, heute war ich mutig. Ich war schon wochen-, nein, monatelang nicht mehr beim Fris\u00c3\u00b6r und es wurde wirklich allerh\u00c3\u00b6chste Eisenbahn. Dazu sollte ich vielleicht ein wenig weiter ausholen. Die meisten Frauen, die ich kenne, gehen unheimlich gerne zum Fris\u00c3\u00b6r. Ich geh\u00c3\u00b6re nicht dazu. F\u00c3\u00bcr mich ist das eher Pflichtprogramm und ich geh\u00c3\u00b6re auch zu den Menschen, die sich am liebsten direkt nach dem Besuch die Haare nochmal waschen und dann nochmal selber Hand anlegen. Nun war es aber so, dass mich mein viel zu langer Pony wirklich bei der Arbeit st\u00c3\u00b6rte. Jedesmal, wenn ich durch`s Mikroskop gucken wollte, hing eine Haarstr\u00c3\u00a4hne zwischen Okular und meinem Auge &#8211; ihr k\u00c3\u00b6nnt euch nicht vorstellen, wie nervig das ist. Freitags habe ich ja nun meinen freien Tag und da ich zu einem Fris\u00c3\u00b6r gehe, wo ich keinen Termin brauche, habe ich mir heute morgen einen Tritt in den Hintern in den Allerwertesten gegeben, mich in meine \u00e2\u20ac\u017eRennsemmel\u00e2\u20ac\u009d gesetzt und bin ins hiesige Einkaufszentrum gefahren. Lust hatte ich keine, aber es musste wirklich sein. :roll: Nun sa\u00c3\u0178 ich &hellip;<\/p>\n","protected":false},"author":1,"featured_media":0,"comment_status":"open","ping_status":"open","sticky":false,"template":"","format":"standard","meta":{"_jetpack_newsletter_access":"","_jetpack_dont_email_post_to_subs":false,"_jetpack_newsletter_tier_id":0,"_jetpack_memberships_contains_paywalled_content":false,"_jetpack_memberships_contains_paid_content":false,"footnotes":""},"categories":[114],"tags":[319,973],"class_list":["post-2488","post","type-post","status-publish","format-standard","hentry","category-plauderecke","tag-nur-so","tag-plauderecke"],"jetpack_sharing_enabled":true,"jetpack_shortlink":"https:\/\/wp.me\/sq7aY-mut","jetpack_likes_enabled":true,"jetpack-related-posts":[],"jetpack_featured_media_url":"","_links":{"self":[{"href":"https:\/\/terragina.de\/blog\/wp-json\/wp\/v2\/posts\/2488","targetHints":{"allow":["GET"]}}],"collection":[{"href":"https:\/\/terragina.de\/blog\/wp-json\/wp\/v2\/posts"}],"about":[{"href":"https:\/\/terragina.de\/blog\/wp-json\/wp\/v2\/types\/post"}],"author":[{"embeddable":true,"href":"https:\/\/terragina.de\/blog\/wp-json\/wp\/v2\/users\/1"}],"replies":[{"embeddable":true,"href":"https:\/\/terragina.de\/blog\/wp-json\/wp\/v2\/comments?post=2488"}],"version-history":[{"count":0,"href":"https:\/\/terragina.de\/blog\/wp-json\/wp\/v2\/posts\/2488\/revisions"}],"wp:attachment":[{"href":"https:\/\/terragina.de\/blog\/wp-json\/wp\/v2\/media?parent=2488"}],"wp:term":[{"taxonomy":"category","embeddable":true,"href":"https:\/\/terragina.de\/blog\/wp-json\/wp\/v2\/categories?post=2488"},{"taxonomy":"post_tag","embeddable":true,"href":"https:\/\/terragina.de\/blog\/wp-json\/wp\/v2\/tags?post=2488"}],"curies":[{"name":"wp","href":"https:\/\/api.w.org\/{rel}","templated":true}]}}