{"id":2551,"date":"2009-11-15T19:42:56","date_gmt":"2009-11-15T17:42:56","guid":{"rendered":"http:\/\/terragina.de\/blog\/?p=2551"},"modified":"2011-07-09T10:17:35","modified_gmt":"2011-07-09T08:17:35","slug":"nala-ist-angekommen","status":"publish","type":"post","link":"https:\/\/terragina.de\/blog\/2009\/11\/15\/nala-ist-angekommen\/","title":{"rendered":"Nala ist angekommen!"},"content":{"rendered":"<p>Und wie sie angekommen ist &#8211; kaum war sie hier, inspizierte sie das ganze Haus. Nur ins Untergeschoss hat sie sich noch nicht getraut. Aber ich denke mal, darauf brauchen wir auch nicht mehr lange warten. Es war ein sehr hibbeliger Tag und nun freuen wir uns alle, dass die Maus nun da ist. Ok, ich freue mich noch nicht ganz so euphorisch und ich habe mich auch erstmal in`s Obergeschoss verkr\u00c3\u00bcmelt &#8211; aber: Am Abend habe ich mich auch mal ein wenig l\u00c3\u00a4nger runter getraut.<\/p>\n<p>Was f\u00c3\u00bcr eine Unruhe hier im Haus &#8211; aber das ist wohl normal und mu\u00c3\u0178 so sein. Ich bin da ein wenig vorsichtiger, aber das kommt &#8211; da bin ich mir sicher! Obwohl &#8211; nach der ganzen Toberei hat die kleine Nala auch erstmal eine Runde auf der Kratztonne geschlafen.<\/p>\n<p style=\"text-align: center;\">Ok, ihr wollt die Geschichte von Anfang an:<\/p>\n<div style=\"text-align: center;\">\n  \n<\/div>\n<div style=\"text-align: center;\">\n  <img loading=\"lazy\" decoding=\"async\" src=\"http:\/\/terragina.de\/blog\/wp-content\/uploads\/2009\/11\/katzentatzen_0064.jpg\" width=\"580\" height=\"435\" alt=\"katzentatzen_0064.jpg\" \/>\n<\/div>\n<p style=\"text-align: center;\">Die Dosine hat wieder einen sehr leckeren Kuchen gebacken und alles stand f\u00c3\u00bcr meine kleine Katzenfreundin und deren Dosis bereit.<\/p>\n<div style=\"text-align: center;\">\n  \n<\/div>\n<div style=\"text-align: center;\">\n  <img loading=\"lazy\" decoding=\"async\" src=\"http:\/\/terragina.de\/blog\/wp-content\/uploads\/2009\/11\/katzentatzen_0065.jpg\" width=\"580\" height=\"435\" alt=\"katzentatzen_0065.jpg\" \/>\n<\/div>\n<p style=\"text-align: center;\">Tadaa &#8211; hier ist sie schon und hat gleich meine Kratztonne in Beschlag genommen. Aber ich teile ja gerne!<\/p>\n<div style=\"text-align: center;\">\n  \n<\/div>\n<div style=\"text-align: center;\">\n  <img loading=\"lazy\" decoding=\"async\" src=\"http:\/\/terragina.de\/blog\/wp-content\/uploads\/2009\/11\/katzentatzen_0066.jpg\" width=\"580\" height=\"435\" alt=\"katzentatzen_0066.jpg\" \/>\n<\/div>\n<p style=\"text-align: center;\">Ihre ur-eigene \u00e2\u20ac\u017eNala-Maus&#8220; hat sie auch gleich mitgebracht. Finde ich super, dann l\u00c3\u00a4sst sie meine Sachen erstmal in Ruhe&#8230;.<\/p>\n<div style=\"text-align: center;\">\n  \n<\/div>\n<div style=\"text-align: center;\">\n  <img loading=\"lazy\" decoding=\"async\" src=\"http:\/\/terragina.de\/blog\/wp-content\/uploads\/2009\/11\/katzentatzen_0067.jpg\" width=\"580\" height=\"435\" alt=\"katzentatzen_0067.jpg\" \/>\n<\/div>\n<p style=\"text-align: center;\">Als braves K\u00c3\u00a4tzchen hat sie auch recht schnell gefressen <span style=\"text-decoration: line-through\">und das nicht nur aus ihrem, sondern auch aus meinem Napf<\/span>. :pfeif:<\/p>\n<div style=\"text-align: center;\">\n  \n<\/div>\n<div style=\"text-align: center;\">\n  <img loading=\"lazy\" decoding=\"async\" src=\"http:\/\/terragina.de\/blog\/wp-content\/uploads\/2009\/11\/katzentatzen_0068.jpg\" width=\"580\" height=\"435\" alt=\"katzentatzen_0068.jpg\" \/>\n<\/div>\n<p style=\"text-align: center;\">Huch? Was schlabbert sie denn jetzt? Das wei\u00c3\u0178e Zeug habe ich ja noch nie gesehen&#8230; war ein Geheimtipp von der Dosine von Nala:<\/p>\n<p style=\"text-align: center;\">Sahnequark ;) Soo lecker!! Er war ruck-zuck alle&#8230;<\/p>\n<div style=\"text-align: center;\">\n  \n<\/div>\n<div style=\"text-align: center;\">\n  <img loading=\"lazy\" decoding=\"async\" src=\"http:\/\/terragina.de\/blog\/wp-content\/uploads\/2009\/11\/katzentatzen_0069.jpg\" width=\"580\" height=\"435\" alt=\"katzentatzen_0069.jpg\" \/>\n<\/div>\n<p style=\"text-align: center;\">Und nach so einem f\u00c3\u00bcrstlichen Mahl mu\u00c3\u0178 die Maus sich auch erstmal putzen.<\/p>\n<p style=\"text-align: center;\">\u00c3\u0153brigens &#8211; Nala ist \u00c3\u00bcbermorgen genau 15 Wochen alt.<\/p>\n<p style=\"text-align: center;\">Was ich die ganze Zeit gemacht habe, wollt ihr gerne wissen? Ich habe mich meistens oben auf die Treppe gelegt und Nala beobachtet. Auch dreimal zaghaft angefaucht habe ich sie. Aber ich merke schon: Sie ist davon relativ unbeindruckt. Ich bin \u00c3\u00bcberzeugt, wir werden uns bald gut verstehen. Aber ich brauche noch ein wenig Zeit&#8230;<\/p>\n<p style=\"text-align: center;\">Heute abend war ich dann aber auch unten, gar nicht weit weg von dem Neuzugang&#8230;.<\/p>\n<div style=\"text-align: center;\">\n  \n<\/div>\n<div style=\"text-align: center;\">\n  <img loading=\"lazy\" decoding=\"async\" src=\"http:\/\/terragina.de\/blog\/wp-content\/uploads\/2009\/11\/katzentatzen_0070.jpg\" width=\"580\" height=\"435\" alt=\"katzentatzen_0070.jpg\" \/>\n<\/div>\n<p>Meine Dosine hat mich n\u00c3\u00a4mlich nicht vergessen und mir ein neues Stinkekissen geschenkt. Damit kann ich mich wirklich sehr lange und ausgiebig besch\u00c3\u00a4ftigen. Auch wenn 5 m Luftlinie von mir entfernt so ein kleines Fellb\u00c3\u00bcndel sitzt!<\/p>\n<p>Demn\u00c3\u00a4chst mehr von mir an dieser Stelle!! Nun mu\u00c3\u0178 ich wieder gucken gehen, was die Kleene macht&#8230;<\/p>\n","protected":false},"excerpt":{"rendered":"<p>Und wie sie angekommen ist &#8211; kaum war sie hier, inspizierte sie das ganze Haus. Nur ins Untergeschoss hat sie sich noch nicht getraut. Aber ich denke mal, darauf brauchen wir auch nicht mehr lange warten. Es war ein sehr hibbeliger Tag und nun freuen wir uns alle, dass die Maus nun da ist. Ok, ich freue mich noch nicht ganz so euphorisch und ich habe mich auch erstmal in`s Obergeschoss verkr\u00c3\u00bcmelt &#8211; aber: Am Abend habe ich mich auch mal ein wenig l\u00c3\u00a4nger runter getraut. Was f\u00c3\u00bcr eine Unruhe hier im Haus &#8211; aber das ist wohl normal und mu\u00c3\u0178 so sein. Ich bin da ein wenig vorsichtiger, aber das kommt &#8211; da bin ich mir sicher! Obwohl &#8211; nach der ganzen Toberei hat die kleine Nala auch erstmal eine Runde auf der Kratztonne geschlafen. Ok, ihr wollt die Geschichte von Anfang an: Die Dosine hat wieder einen sehr leckeren Kuchen gebacken und alles stand f\u00c3\u00bcr meine kleine Katzenfreundin und deren Dosis bereit. Tadaa &#8211; hier ist sie schon und hat gleich meine Kratztonne &hellip;<\/p>\n","protected":false},"author":1,"featured_media":0,"comment_status":"open","ping_status":"open","sticky":false,"template":"","format":"standard","meta":{"_jetpack_newsletter_access":"","_jetpack_dont_email_post_to_subs":false,"_jetpack_newsletter_tier_id":0,"_jetpack_memberships_contains_paywalled_content":false,"_jetpack_memberships_contains_paid_content":false,"footnotes":""},"categories":[],"tags":[25,39,30,353],"class_list":["post-2551","post","type-post","status-publish","format-standard","hentry","tag-cats","tag-katzen","tag-maine-coon","tag-nala"],"jetpack_sharing_enabled":true,"jetpack_shortlink":"https:\/\/wp.me\/pq7aY-F9","jetpack_likes_enabled":true,"jetpack-related-posts":[],"jetpack_featured_media_url":"","_links":{"self":[{"href":"https:\/\/terragina.de\/blog\/wp-json\/wp\/v2\/posts\/2551","targetHints":{"allow":["GET"]}}],"collection":[{"href":"https:\/\/terragina.de\/blog\/wp-json\/wp\/v2\/posts"}],"about":[{"href":"https:\/\/terragina.de\/blog\/wp-json\/wp\/v2\/types\/post"}],"author":[{"embeddable":true,"href":"https:\/\/terragina.de\/blog\/wp-json\/wp\/v2\/users\/1"}],"replies":[{"embeddable":true,"href":"https:\/\/terragina.de\/blog\/wp-json\/wp\/v2\/comments?post=2551"}],"version-history":[{"count":0,"href":"https:\/\/terragina.de\/blog\/wp-json\/wp\/v2\/posts\/2551\/revisions"}],"wp:attachment":[{"href":"https:\/\/terragina.de\/blog\/wp-json\/wp\/v2\/media?parent=2551"}],"wp:term":[{"taxonomy":"category","embeddable":true,"href":"https:\/\/terragina.de\/blog\/wp-json\/wp\/v2\/categories?post=2551"},{"taxonomy":"post_tag","embeddable":true,"href":"https:\/\/terragina.de\/blog\/wp-json\/wp\/v2\/tags?post=2551"}],"curies":[{"name":"wp","href":"https:\/\/api.w.org\/{rel}","templated":true}]}}