{"id":2622,"date":"2009-11-22T18:08:50","date_gmt":"2009-11-22T16:08:50","guid":{"rendered":"http:\/\/terragina.de\/blog\/?p=2622"},"modified":"2011-07-09T10:17:19","modified_gmt":"2011-07-09T08:17:19","slug":"weihnachts-baeckerei-update-01","status":"publish","type":"post","link":"https:\/\/terragina.de\/blog\/2009\/11\/22\/weihnachts-baeckerei-update-01\/","title":{"rendered":"Weihnachts-B\u00c3\u00a4ckerei  UPDATE #01"},"content":{"rendered":"<p>Am vergangenen Freitag habe ich <span style=\"text-decoration: line-through\">wie bereits hier schon angek\u00c3\u00bcndigt<\/span> meine diesj\u00c3\u00a4hrige Weihnachts-B\u00c3\u00a4ckerei er\u00c3\u00b6ffnet. Und ich habe versprochen, dass ich meine \u00e2\u20ac\u017e<a href=\"http:\/\/terragina.de\/blog\/?p=2587\" title=\"Meine To-Do-Liste f\u00c3\u00bcr die Weihnachtsb\u00c3\u00a4ckerei\">Das-m\u00c3\u00b6chte-ich-oder-das-k\u00c3\u00b6nnte-ich-backen-Liste<\/a>\u00e2\u20ac\u009d aktuell halten werde. Los ging es gemeinsam mit zwei Freundinnen und es ist bei uns so \u00c3\u00bcblich, dass jeder 2-3 Teige vorbereitet. Wir haben l\u00c3\u00a4ngst nicht alles geschafft, was wir uns vorgenommen haben &#8211; einige der vorbereiteten Teige lagen noch im K\u00c3\u00bchlschrank und ich habe diese dann gestern und heute fertig gebacken.<\/p>\n<p>Nun lege ich erstmal ein kleines P\u00c3\u00a4uschen ein. :yes1: So weit bin ich gekommen:<\/p>\n<p>Die ultimativen <a href=\"http:\/\/terragina.de\/blog\/?p=531\" title=\"Hier habe ich sie schon mal erw\u00c3\u00a4hnt\">Vanillekipferl<\/a> (es sind wirklich die besten!) <font><span style=\"font-size: 18px\"><font color=\"#FD1F11\">\u00e2\u0153\u201d<\/font><\/span><\/font><\/p>\n<p><font color=\"#FD1F11\"><img loading=\"lazy\" decoding=\"async\" src=\"http:\/\/terragina.de\/blog\/wp-content\/uploads\/2009\/11\/vanillekipferl.jpg\" border=\"0\" alt=\"vanillekipferl.jpg\" width=\"580\" height=\"435\" \/><\/font><\/p>\n<p><font color=\"#FD1F11\"><br \/><\/font><\/p>\n<p>Macadamia-Florentiner <font color=\"#C21810\">(\u00e2\u20ac\u017e<a href=\"http:\/\/blog.lecker.de\/weihnachten\/entry\/sonderheft_christmas_special\" title=\"Zeitschrift Lecker Christmas Special\">Lecker Christmas Special<\/a>\u00e2\u20ac\u009d Sonderheft) <span style=\"color: #fd1f11; font-size: 18px\">\u00e2\u0153\u201d<\/span><\/font><\/p>\n<p><font color=\"#FD1F11\"><img loading=\"lazy\" decoding=\"async\" src=\"http:\/\/terragina.de\/blog\/wp-content\/uploads\/2009\/11\/macadamia-florentiner.jpg\" border=\"0\" alt=\"macadamia-florentiner.jpg\" width=\"580\" height=\"435\" \/><\/font><\/p>\n<p><a href=\"http:\/\/www.chefkoch.de\/forum\/2,36,189177\/Cayetanas-Weihnachts-Plaetzchen-Thread.html\" title=\"Pl\u00c3\u00a4tzchenrezepte von CK-Userin Cayetana\">M\u00c3\u00bcrbe Kekse<\/a>, gef\u00c3\u00bcllt mit Karamell <span style=\"font-size: 18px; color: #fd1f11\">\u00e2\u0153\u201d<\/span> <span style=\"color: #fd1f11\">Umbenannt in Karamell-Augen ;-)<\/span><\/p>\n<p><font color=\"#FD1F11\"><img loading=\"lazy\" decoding=\"async\" src=\"http:\/\/terragina.de\/blog\/wp-content\/uploads\/2009\/11\/karamell-augen.jpg\" border=\"0\" alt=\"karamell-augen.jpg\" width=\"580\" height=\"435\" \/><\/font><\/p>\n<p><a href=\"http:\/\/www.chefkoch.de\/rezepte\/1164101222530793\/Schwarz-Weiss-Gebaeck.html\" title=\"Schwarz-Weiss-Geb\u00c3\u00a4ck\">Schwarz-Weiss-Geb\u00c3\u00a4ck<\/a> <span style=\"font-size: 18px; color: #fd1f11\">\u00e2\u0153\u201d<\/span><\/p>\n<p><font color=\"#FD1F11\"><img loading=\"lazy\" decoding=\"async\" src=\"http:\/\/terragina.de\/blog\/wp-content\/uploads\/2009\/11\/schwarz-weiss-gebaeck.jpg\" border=\"0\" alt=\"schwarz-weiss-gebaeck.jpg\" width=\"580\" height=\"435\" \/><\/font><\/p>\n<p>Kokos-Pistazien-Stangen <span style=\"color: #c21810\">(\u00e2\u20ac\u017e<a href=\"http:\/\/blog.lecker.de\/weihnachten\/entry\/sonderheft_christmas_special\" title=\"Zeitschrift Lecker Christmas Special\">Lecker Christmas Special<\/a>\u00e2\u20ac\u009d Sonderheft)<\/span><\/p>\n<p><a href=\"http:\/\/www.chefkoch.de\/rezepte\/367471122227202\/Schokoladenbrot.html\" title=\"Schokoladenbrot\">Schokoladenbrot<\/a><\/p>\n<p><a href=\"http:\/\/www.chefkoch.de\/rezepte\/878351193236956\/Weihnachtsbaellchen.html\" title=\"Weihnachtsb\u00c3\u00a4llchen\">Weihnachtsb\u00c3\u00a4llchen<\/a> (schnell und sehr einfach, aber auch sehr lecker)<\/p>\n<p><a href=\"http:\/\/www.chefkoch.de\/rezepte\/261711101988927\/Kaenguru-Kekse.html\" title=\"K\u00c3\u00a4nguru-Kekse\">K\u00c3\u00a4nguru-Kekse<\/a> (es schreibt sich tats\u00c3\u00a4chlich ohne \u00e2\u20ac\u017eh\u00e2\u20ac\u009d &#8211; gruselig&#8230;)<\/p>\n<p>Karamell-Streusel-Cookies <span style=\"color: #c21810\">(\u00e2\u20ac\u017e<a href=\"http:\/\/blog.lecker.de\/weihnachten\/entry\/sonderheft_christmas_special\" title=\"Zeitschrift Lecker Christmas Special\">Lecker Christmas Special<\/a>\u00e2\u20ac\u009d Sonderheft)<\/span><\/p>\n<p><a href=\"http:\/\/www.chefkoch.de\/rezepte\/37481012562226\/Zimtsterne.html\" title=\"Zimtsterne\">Zimtsterne<\/a><\/p>\n<p><a href=\"http:\/\/www.chefkoch.de\/forum\/2,36,189177\/Cayetanas-Weihnachts-Plaetzchen-Thread.html\" title=\"Pl\u00c3\u00a4tzchenrezepte von CK-Userin Cayetana\">Amarettis mit Mandeln<\/a> (Post vom 23.11.2005 von cayetana) <span style=\"font-size: 18px; color: #fd1f11\">\u00e2\u0153\u201d<\/span><\/p>\n<p><font color=\"#FD1F11\"><img loading=\"lazy\" decoding=\"async\" src=\"http:\/\/terragina.de\/blog\/wp-content\/uploads\/2009\/11\/amaretti.jpg\" border=\"0\" alt=\"amaretti.jpg\" width=\"580\" height=\"435\" \/><\/font><\/p>\n<p><font color=\"#FD1F11\"><br \/><\/font><\/p>\n<p><a href=\"http:\/\/www.chefkoch.de\/forum\/2,36,495655\/Kleingebaeck-und-Konfiserie-Noch-6-Wochen-bis-Weihnachten-Rezepte-Plaudereien-und-mehr.html\" title=\"Walnu\u00c3\u0178-Zimtschnitten\">Walnu\u00c3\u0178-Zimtschnitten<\/a> (Post vom 13.11.2009 von Angy2706)<\/p>\n<p><a href=\"http:\/\/www.chefkoch.de\/rezepte\/267691103219475\/Weihnachtliche-Gewuerz-Florentiner.html\" title=\"Weihnachtliche Gew\u00c3\u00bcrz-Florentiner\">Weihnachtliche Gew\u00c3\u00bcrz-Florentiner<\/a><\/p>\n<p><a href=\"http:\/\/www.chefkoch.de\/rezepte\/394881128253809\/Chocolate-Chip-Cookies.html\" title=\"Chocolate-Chip-Cookies\">Chocolate-Chip-Cookies<\/a><\/p>\n<p><\/p>\n<p>Es fehlt noch einiges &#8211; ich wei\u00c3\u0178. Aber daf\u00c3\u00bcr hat eine der Freundinnen die Liste noch um <strike>zwei<\/strike> drei Sorten erweitert. So haben wir also auch in diesem Jahr wieder die <span style=\"text-decoration: line-through\">Mohn-Marzipan-Brote<\/span> <a href=\"http:\/\/terragina.de\/blog\/?p=632\" title=\"Mohn-Marzipan-Brote\">Mohn-Marzipan-Taler<\/a>, das <a href=\"http:\/\/terragina.de\/blog\/?p=575\" title=\"Mega-leckeres Vogelfutter\">Vogelfutter<\/a> und auch wieder die leckeren <a href=\"http:\/\/terragina.de\/blog\/?p=568\" title=\"Im letzten Jahr schon hinreichend erprobt\">Rahmpl\u00c3\u00a4tzchen<\/a> gebacken.<\/p>\n<p>Das Rezept f\u00c3\u00bcr die Rahmpl\u00c3\u00a4tzchen werde ich hier noch ver\u00c3\u00b6ffentlichen. :yes:<\/p>\n<p><\/p>\n<p style=\"text-align: center\">Und so schaut derzeit unser gef\u00c3\u00bcllter Pl\u00c3\u00a4tzchenteller aus:<\/p>\n<div style=\"text-align: center\">\n  \n<\/div>\n<div style=\"text-align: center\">\n  <img loading=\"lazy\" decoding=\"async\" src=\"http:\/\/terragina.de\/blog\/wp-content\/uploads\/2009\/11\/plaetzchenteller_01.jpg\" border=\"0\" alt=\"plaetzchenteller_01.jpg\" width=\"580\" height=\"385\" \/>\n<\/div>\n<p><font color=\"#CC0000\">Hinterste Reihe von links:<\/font> Rahmpl\u00c3\u00a4tzchen &#8211; Karamell-Augen &#8211; Schwarz-Weiss-Geb\u00c3\u00a4ck<\/p>\n<p><font color=\"#CC0000\">Mittlere Reihe von links:<\/font> Macadamia-Florentiner &#8211; Amaretti &#8211; Vogelfutter<\/p>\n<p><font color=\"#CC0000\">Vordere Reihe von links:<\/font> Kokos-Quadrate <em>(leider ohne Rezept, weil von der Freundin vorbereitet)<\/em> &#8211; Mohn-Marzipan-Taler &#8211; Vanillekipferl<\/p>\n<p>Bald geht es weiter &#8211; mal sehen, wie ich die Extraktion des Zahnes morgen \u00c3\u00bcberstehe&#8230; :roll1:<\/p>\n","protected":false},"excerpt":{"rendered":"<p>Am vergangenen Freitag habe ich wie bereits hier schon angek\u00c3\u00bcndigt meine diesj\u00c3\u00a4hrige Weihnachts-B\u00c3\u00a4ckerei er\u00c3\u00b6ffnet. Und ich habe versprochen, dass ich meine \u00e2\u20ac\u017eDas-m\u00c3\u00b6chte-ich-oder-das-k\u00c3\u00b6nnte-ich-backen-Liste\u00e2\u20ac\u009d aktuell halten werde. Los ging es gemeinsam mit zwei Freundinnen und es ist bei uns so \u00c3\u00bcblich, dass jeder 2-3 Teige vorbereitet. Wir haben l\u00c3\u00a4ngst nicht alles geschafft, was wir uns vorgenommen haben &#8211; einige der vorbereiteten Teige lagen noch im K\u00c3\u00bchlschrank und ich habe diese dann gestern und heute fertig gebacken. Nun lege ich erstmal ein kleines P\u00c3\u00a4uschen ein. :yes1: So weit bin ich gekommen: Die ultimativen Vanillekipferl (es sind wirklich die besten!) \u00e2\u0153\u201d Macadamia-Florentiner (\u00e2\u20ac\u017eLecker Christmas Special\u00e2\u20ac\u009d Sonderheft) \u00e2\u0153\u201d M\u00c3\u00bcrbe Kekse, gef\u00c3\u00bcllt mit Karamell \u00e2\u0153\u201d Umbenannt in Karamell-Augen ;-) Schwarz-Weiss-Geb\u00c3\u00a4ck \u00e2\u0153\u201d Kokos-Pistazien-Stangen (\u00e2\u20ac\u017eLecker Christmas Special\u00e2\u20ac\u009d Sonderheft) Schokoladenbrot Weihnachtsb\u00c3\u00a4llchen (schnell und sehr einfach, aber auch sehr lecker) K\u00c3\u00a4nguru-Kekse (es schreibt sich tats\u00c3\u00a4chlich ohne \u00e2\u20ac\u017eh\u00e2\u20ac\u009d &#8211; gruselig&#8230;) Karamell-Streusel-Cookies (\u00e2\u20ac\u017eLecker Christmas Special\u00e2\u20ac\u009d Sonderheft) Zimtsterne Amarettis mit Mandeln (Post vom 23.11.2005 von cayetana) \u00e2\u0153\u201d Walnu\u00c3\u0178-Zimtschnitten (Post vom 13.11.2009 von Angy2706) Weihnachtliche Gew\u00c3\u00bcrz-Florentiner Chocolate-Chip-Cookies Es fehlt noch einiges &#8211; ich wei\u00c3\u0178. Aber daf\u00c3\u00bcr hat eine der &hellip;<\/p>\n","protected":false},"author":1,"featured_media":0,"comment_status":"open","ping_status":"open","sticky":false,"template":"","format":"standard","meta":{"_jetpack_newsletter_access":"","_jetpack_dont_email_post_to_subs":false,"_jetpack_newsletter_tier_id":0,"_jetpack_memberships_contains_paywalled_content":false,"_jetpack_memberships_contains_paid_content":false,"footnotes":""},"categories":[200],"tags":[79,87,529,81],"class_list":["post-2622","post","type-post","status-publish","format-standard","hentry","category-backstube","tag-adventszeit","tag-backen","tag-backzeit","tag-weihnachten"],"jetpack_sharing_enabled":true,"jetpack_shortlink":"https:\/\/wp.me\/pq7aY-Gi","jetpack_likes_enabled":true,"jetpack-related-posts":[],"jetpack_featured_media_url":"","_links":{"self":[{"href":"https:\/\/terragina.de\/blog\/wp-json\/wp\/v2\/posts\/2622","targetHints":{"allow":["GET"]}}],"collection":[{"href":"https:\/\/terragina.de\/blog\/wp-json\/wp\/v2\/posts"}],"about":[{"href":"https:\/\/terragina.de\/blog\/wp-json\/wp\/v2\/types\/post"}],"author":[{"embeddable":true,"href":"https:\/\/terragina.de\/blog\/wp-json\/wp\/v2\/users\/1"}],"replies":[{"embeddable":true,"href":"https:\/\/terragina.de\/blog\/wp-json\/wp\/v2\/comments?post=2622"}],"version-history":[{"count":0,"href":"https:\/\/terragina.de\/blog\/wp-json\/wp\/v2\/posts\/2622\/revisions"}],"wp:attachment":[{"href":"https:\/\/terragina.de\/blog\/wp-json\/wp\/v2\/media?parent=2622"}],"wp:term":[{"taxonomy":"category","embeddable":true,"href":"https:\/\/terragina.de\/blog\/wp-json\/wp\/v2\/categories?post=2622"},{"taxonomy":"post_tag","embeddable":true,"href":"https:\/\/terragina.de\/blog\/wp-json\/wp\/v2\/tags?post=2622"}],"curies":[{"name":"wp","href":"https:\/\/api.w.org\/{rel}","templated":true}]}}