{"id":2777,"date":"2009-12-22T16:47:08","date_gmt":"2009-12-22T14:47:08","guid":{"rendered":"http:\/\/terragina.de\/blog\/2009\/12\/22\/winter-wonderland\/"},"modified":"2011-07-09T10:16:04","modified_gmt":"2011-07-09T08:16:04","slug":"winter-wonderland","status":"publish","type":"post","link":"https:\/\/terragina.de\/blog\/2009\/12\/22\/winter-wonderland\/","title":{"rendered":"Winter-Wonderland"},"content":{"rendered":"<p>In weiten Teilen Deutschlands hat die sch\u00c3\u00b6ne wei\u00c3\u0178e Pracht leider nur kurz gehalten und vielerorts ist es schon wieder kr\u00c3\u00a4ftig am tauen. Ein kleiner Lichtblick, dass es morgen schon wieder etwas k\u00c3\u00a4lter werden soll. Leider hat die Wetterfee die Schneefallgrenze f\u00c3\u00bcr Heilig Abend auf 400 m hoch gesetzt &#8211; also wird\u00c2\u00b4s wohl auch in diesem Jahr nichts mit den wei\u00c3\u0178en Weihnachten &#8211; sehr schade. Sehr, sehr schade.<\/p>\n<p>Aber da kann man halt nichts machen &#8211; wir waren zumindest sehr nah dran. Und vielleicht \u00c3\u00bcberlegt es sich Frau Holle ja doch noch einmal und l\u00c3\u00a4sst es zumindest am 24. bis in die Niederungen schneien. Hach, das f\u00c3\u00a4nde ich ganz gro\u00c3\u0178artig&#8230;<\/p>\n<p>Wie sagen wir immer so sch\u00c3\u00b6n: Es ist wie es ist &#8211; dann genie\u00c3\u0178en wir eben den Augenblick und erfreuen uns an den Bildern. Schlie\u00c3\u0178lich waren diese doch ca. 15-20 cm Schnee etwas sehr Besonderes f\u00c3\u00bcr Frankfurt und f\u00c3\u00bcr mich gar keine Frage, dass ich das auch in Bildern festhalten musste (klick macht gro\u00c3\u0178).<\/p>\n<div style=\"text-align: center;\">\n  <a href=\"http:\/\/terragina.de\/blog\/wp-content\/uploads\/2009\/12\/winternacht.jpg\" rel=\"lightbox[2777]\"><img loading=\"lazy\" decoding=\"async\" src=\"http:\/\/terragina.de\/blog\/wp-content\/uploads\/2009\/12\/winternacht-tm.jpg\" width=\"260\" height=\"195\" alt=\"Sp\u00c3\u00a4tabends, ca. 23 Uhr, im kleinsten Stadtteil von Frankfurt am Main\" \/><\/a>\n<\/div>\n<p><\/p>\n<p>Direkt nach dem Aufstehen, kurz bevor der Regen einsetzte, habe ich dann noch schnell diese Bilder gemacht&#8230; da soll nochmal einer sagen, Schnee w\u00c3\u00a4re nicht sch\u00c3\u00b6n&#8230; f\u00c3\u00bcr mich k\u00c3\u00b6nnte es noch viel mehr sein. ;)<\/p>\n<div style=\"text-align: center;\">\n  <a href=\"http:\/\/terragina.de\/blog\/wp-content\/uploads\/2009\/12\/wintermorgen.jpg\" rel=\"lightbox[2777]\"><img loading=\"lazy\" decoding=\"async\" src=\"http:\/\/terragina.de\/blog\/wp-content\/uploads\/2009\/12\/wintermorgen-tm.jpg\" width=\"260\" height=\"195\" alt=\"Wei\u00c3\u0178es Winter-Wonderland\" \/><\/a>\n<\/div>\n<div style=\"text-align: center;\">\n  \n<\/div>\n<div style=\"text-align: center;\">\n  \n<\/div>\n<div style=\"text-align: left;\">\n  Ich beneide wirklich jeden, der den Heiligen Abend und die Weihnachtstage bei klarer K\u00c3\u00a4lte im Schnee verbringen kann <span style=\"text-decoration: line-through\">und freue mich so lange auf den bevorstehenden Urlaub im Schnee<\/span>. Weihnachtlicher geht nicht!\n<\/div>\n<div style=\"text-align: left;\">\n  \n<\/div>\n<p><\/p>\n","protected":false},"excerpt":{"rendered":"<p>In weiten Teilen Deutschlands hat die sch\u00c3\u00b6ne wei\u00c3\u0178e Pracht leider nur kurz gehalten und vielerorts ist es schon wieder kr\u00c3\u00a4ftig am tauen. Ein kleiner Lichtblick, dass es morgen schon wieder etwas k\u00c3\u00a4lter werden soll. Leider hat die Wetterfee die Schneefallgrenze f\u00c3\u00bcr Heilig Abend auf 400 m hoch gesetzt &#8211; also wird\u00c2\u00b4s wohl auch in diesem Jahr nichts mit den wei\u00c3\u0178en Weihnachten &#8211; sehr schade. Sehr, sehr schade. Aber da kann man halt nichts machen &#8211; wir waren zumindest sehr nah dran. Und vielleicht \u00c3\u00bcberlegt es sich Frau Holle ja doch noch einmal und l\u00c3\u00a4sst es zumindest am 24. bis in die Niederungen schneien. Hach, das f\u00c3\u00a4nde ich ganz gro\u00c3\u0178artig&#8230; Wie sagen wir immer so sch\u00c3\u00b6n: Es ist wie es ist &#8211; dann genie\u00c3\u0178en wir eben den Augenblick und erfreuen uns an den Bildern. Schlie\u00c3\u0178lich waren diese doch ca. 15-20 cm Schnee etwas sehr Besonderes f\u00c3\u00bcr Frankfurt und f\u00c3\u00bcr mich gar keine Frage, dass ich das auch in Bildern festhalten musste (klick macht gro\u00c3\u0178). Direkt nach dem Aufstehen, kurz bevor der Regen einsetzte, habe ich dann &hellip;<\/p>\n","protected":false},"author":1,"featured_media":0,"comment_status":"open","ping_status":"open","sticky":false,"template":"","format":"standard","meta":{"_jetpack_newsletter_access":"","_jetpack_dont_email_post_to_subs":false,"_jetpack_newsletter_tier_id":0,"_jetpack_memberships_contains_paywalled_content":false,"_jetpack_memberships_contains_paid_content":false,"footnotes":""},"categories":[114],"tags":[79,421,973,534,293,66],"class_list":["post-2777","post","type-post","status-publish","format-standard","hentry","category-plauderecke","tag-adventszeit","tag-fotoalbum","tag-plauderecke","tag-schnee","tag-wetter","tag-winter"],"jetpack_sharing_enabled":true,"jetpack_shortlink":"https:\/\/wp.me\/pq7aY-IN","jetpack_likes_enabled":true,"jetpack-related-posts":[],"jetpack_featured_media_url":"","_links":{"self":[{"href":"https:\/\/terragina.de\/blog\/wp-json\/wp\/v2\/posts\/2777","targetHints":{"allow":["GET"]}}],"collection":[{"href":"https:\/\/terragina.de\/blog\/wp-json\/wp\/v2\/posts"}],"about":[{"href":"https:\/\/terragina.de\/blog\/wp-json\/wp\/v2\/types\/post"}],"author":[{"embeddable":true,"href":"https:\/\/terragina.de\/blog\/wp-json\/wp\/v2\/users\/1"}],"replies":[{"embeddable":true,"href":"https:\/\/terragina.de\/blog\/wp-json\/wp\/v2\/comments?post=2777"}],"version-history":[{"count":0,"href":"https:\/\/terragina.de\/blog\/wp-json\/wp\/v2\/posts\/2777\/revisions"}],"wp:attachment":[{"href":"https:\/\/terragina.de\/blog\/wp-json\/wp\/v2\/media?parent=2777"}],"wp:term":[{"taxonomy":"category","embeddable":true,"href":"https:\/\/terragina.de\/blog\/wp-json\/wp\/v2\/categories?post=2777"},{"taxonomy":"post_tag","embeddable":true,"href":"https:\/\/terragina.de\/blog\/wp-json\/wp\/v2\/tags?post=2777"}],"curies":[{"name":"wp","href":"https:\/\/api.w.org\/{rel}","templated":true}]}}