{"id":2820,"date":"2009-12-28T13:52:41","date_gmt":"2009-12-28T11:52:41","guid":{"rendered":"http:\/\/terragina.de\/blog\/2009\/12\/28\/kennt-ihr-noch-puck-die-stubenfliege\/"},"modified":"2011-07-09T10:15:54","modified_gmt":"2011-07-09T08:15:54","slug":"kennt-ihr-noch-puck-die-stubenfliege","status":"publish","type":"post","link":"https:\/\/terragina.de\/blog\/2009\/12\/28\/kennt-ihr-noch-puck-die-stubenfliege\/","title":{"rendered":"Kennt Ihr noch Puck, die Stubenfliege?"},"content":{"rendered":"<p>Genau so komme ich mir vor :noidea: Wie <a href=\"http:\/\/www.tomodachi.de\/html\/ant\/service\/ep_guide\/die_biene_maja_guide_01_13.html\" title=\"Bissel runterscrollen, um Puck mal anzugucken\">Puck, die Stubenfliege<\/a> aus der Biene Maja. :(<\/p>\n<div style=\"text-align: center;\">\n  <img loading=\"lazy\" decoding=\"async\" src=\"http:\/\/terragina.de\/blog\/wp-content\/uploads\/2009\/12\/helm.jpg\" width=\"580\" height=\"212\" alt=\"helm.jpg\" \/>\n<\/div>\n<p><\/p>\n<p>Aber das Tochterkind hatte nat\u00c3\u00bcrlich vollkommen recht, wie sie gestern zu uns kam und fragte, warum sie denn mit ihren 15 1\/2 Lenzen beim anstehenden Skiurlaub immer noch einen Helm aufsetzen sollte. Ich bestand auf das Tragen eines Skihelmes &#8211; klar, schlie\u00c3\u0178lich tragen ja wir die Verantwortung. Da gibt`s auch keine Diskussionen. :no:<\/p>\n<p>Aber was bitte soll ich ihr antworten, wenn sie mich dann fragt: &#8222;Und warum d\u00c3\u00bcrft ihr ohne fahren?&#8220;<\/p>\n<p>Au\u00c3\u0178er einem zaghaften Schulterzucken und dem Satz:\u00e2\u20ac\u017eWeil ich zu eitel bin\u00e2\u20ac\u009d <span style=\"text-decoration: line-through\">aber eben ehrlich<\/span> kam da nicht viel. Und so beschlossen der Hobbykoch und ich, heute loszufahren in das n\u00c3\u00a4chstgelegene Sportgesch\u00c3\u00a4ft und uns nach einem geeigneten Helm f\u00c3\u00bcr uns und auch f\u00c3\u00bcr`s Tochterkind umzusehen. (Der Sohnemann wird ja noch ein wenig wachsen und wird wie in den vergangenen Jahren ein Leihmodell bekommen). Einen ersten \u00c3\u0153berblick und gewisse Testberichte hatten wir uns gestern schon gemeinsam am Rechner angesehen.<\/p>\n<p>Im Sportgesch\u00c3\u00a4ft angekommen hatten sie meinen Wunschhelm sogar da (noch ein einziges Exemplar und auch in meiner Gr\u00c3\u00b6\u00c3\u0178e) und auch der Hobbykoch wurde recht schnell f\u00c3\u00bcndig. In unserem Preissegment konnten wir auch in seinem Fall ein Schn\u00c3\u00a4ppchen machen. Der Helm, den die Tochter sich ausgeguckt hatte, war uns aber f\u00c3\u00bcr die 6 Tage im Jahr mit 120 Euronen definitiv zu teuer. Also wird der Hobbykoch am Mittwoch morgen gemeinsam mit ihr nochmal in die City fahren, damit auch sie nicht helm-los ist. Das Wachstum sollte ja weitestgehend beendet sein <span style=\"text-decoration: line-through\">einen Dickkopf hat sie eh schon<\/span> *lol*<\/p>\n<p>Um Puck noch mehr zu \u00c3\u00a4hneln, stelle man sich jetzt noch bitte eine Ski- oder bei tollem Wetter eine Sonnenbrille vor &#8211; das rundet dann das Gesamtbild so richtig ab :shutup:<\/p>\n<p>Und nun m\u00c3\u00b6chte ich bitte bitte h\u00c3\u00b6ren bzw. lesen, dass das alles nicht so schlimm ist und nur zu meiner Sicherheit dient &#8211; ich mag dieses Ding nicht aufsetzen&#8230; wo ich doch so eine coole Kuhm\u00c3\u00bctze im Schrank habe&#8230;.<\/p>\n","protected":false},"excerpt":{"rendered":"<p>Genau so komme ich mir vor :noidea: Wie Puck, die Stubenfliege aus der Biene Maja. :( Aber das Tochterkind hatte nat\u00c3\u00bcrlich vollkommen recht, wie sie gestern zu uns kam und fragte, warum sie denn mit ihren 15 1\/2 Lenzen beim anstehenden Skiurlaub immer noch einen Helm aufsetzen sollte. Ich bestand auf das Tragen eines Skihelmes &#8211; klar, schlie\u00c3\u0178lich tragen ja wir die Verantwortung. Da gibt`s auch keine Diskussionen. :no: Aber was bitte soll ich ihr antworten, wenn sie mich dann fragt: &#8222;Und warum d\u00c3\u00bcrft ihr ohne fahren?&#8220; Au\u00c3\u0178er einem zaghaften Schulterzucken und dem Satz:\u00e2\u20ac\u017eWeil ich zu eitel bin\u00e2\u20ac\u009d aber eben ehrlich kam da nicht viel. Und so beschlossen der Hobbykoch und ich, heute loszufahren in das n\u00c3\u00a4chstgelegene Sportgesch\u00c3\u00a4ft und uns nach einem geeigneten Helm f\u00c3\u00bcr uns und auch f\u00c3\u00bcr`s Tochterkind umzusehen. (Der Sohnemann wird ja noch ein wenig wachsen und wird wie in den vergangenen Jahren ein Leihmodell bekommen). Einen ersten \u00c3\u0153berblick und gewisse Testberichte hatten wir uns gestern schon gemeinsam am Rechner angesehen. Im Sportgesch\u00c3\u00a4ft angekommen hatten sie meinen Wunschhelm sogar da (noch ein &hellip;<\/p>\n","protected":false},"author":1,"featured_media":0,"comment_status":"open","ping_status":"open","sticky":false,"template":"","format":"standard","meta":{"_jetpack_newsletter_access":"","_jetpack_dont_email_post_to_subs":false,"_jetpack_newsletter_tier_id":0,"_jetpack_memberships_contains_paywalled_content":false,"_jetpack_memberships_contains_paid_content":false,"footnotes":""},"categories":[114],"tags":[973,439,106,66],"class_list":["post-2820","post","type-post","status-publish","format-standard","hentry","category-plauderecke","tag-plauderecke","tag-skifahren","tag-urlaub","tag-winter"],"jetpack_sharing_enabled":true,"jetpack_shortlink":"https:\/\/wp.me\/pq7aY-Ju","jetpack_likes_enabled":true,"jetpack-related-posts":[],"jetpack_featured_media_url":"","_links":{"self":[{"href":"https:\/\/terragina.de\/blog\/wp-json\/wp\/v2\/posts\/2820","targetHints":{"allow":["GET"]}}],"collection":[{"href":"https:\/\/terragina.de\/blog\/wp-json\/wp\/v2\/posts"}],"about":[{"href":"https:\/\/terragina.de\/blog\/wp-json\/wp\/v2\/types\/post"}],"author":[{"embeddable":true,"href":"https:\/\/terragina.de\/blog\/wp-json\/wp\/v2\/users\/1"}],"replies":[{"embeddable":true,"href":"https:\/\/terragina.de\/blog\/wp-json\/wp\/v2\/comments?post=2820"}],"version-history":[{"count":0,"href":"https:\/\/terragina.de\/blog\/wp-json\/wp\/v2\/posts\/2820\/revisions"}],"wp:attachment":[{"href":"https:\/\/terragina.de\/blog\/wp-json\/wp\/v2\/media?parent=2820"}],"wp:term":[{"taxonomy":"category","embeddable":true,"href":"https:\/\/terragina.de\/blog\/wp-json\/wp\/v2\/categories?post=2820"},{"taxonomy":"post_tag","embeddable":true,"href":"https:\/\/terragina.de\/blog\/wp-json\/wp\/v2\/tags?post=2820"}],"curies":[{"name":"wp","href":"https:\/\/api.w.org\/{rel}","templated":true}]}}