{"id":2848,"date":"2009-12-30T18:29:11","date_gmt":"2009-12-30T16:29:11","guid":{"rendered":"http:\/\/terragina.de\/blog\/2009\/12\/30\/mein-jahresrueckblick-2009\/"},"modified":"2011-07-09T10:15:46","modified_gmt":"2011-07-09T08:15:46","slug":"mein-jahresrueckblick-2009","status":"publish","type":"post","link":"https:\/\/terragina.de\/blog\/2009\/12\/30\/mein-jahresrueckblick-2009\/","title":{"rendered":"Mein Jahresr\u00c3\u00bcckblick 2009"},"content":{"rendered":"<p>Bei <a title=\"Den Maunzblog besuchen\" href=\"http:\/\/maunzblog.die-teppichtorpedos.de\/jahresrckblick-2009\">Nine<\/a> und auf dem <a title=\"Ulrike und ihre Fellbande besuchen\" href=\"http:\/\/pfotenblog.fellbande.at\/?p=1440\">Pfotenblog<\/a> (und auf noch so einigen anderen Blogs) habe ich ich vorhin dieses St\u00c3\u00b6ckchen gesehen und es gef\u00c3\u00a4llt mir eigentlich ganz gut. Deswegen habe ich es mir mal mitgenommen. Ehrlich gesagt nur aus purer <span style=\"text-decoration: line-through;\">Faulheit<\/span> Bequemlichkeit, denn sonst w\u00c3\u00bcrde ich jetzt wieder meine Archive nach sch\u00c3\u00b6nen Fotos aus dem vergangenen Jahr durchw\u00c3\u00bchlen und hier vor meinem Schreibtisch auf dem Stuhl festwachsen. ;)<\/p>\n<p><strong><span style=\"color: #810a81;\">DAS WAR MEIN JAHR 2009<\/span><\/strong><\/p>\n<p><strong><\/strong><strong>Vorherrschendes Gef\u00c3\u00bchl f\u00c3\u00bcr 2009?<br \/>\n<\/strong><span style=\"font-weight: normal;\">Es gibt kein vorherrschendes Gef\u00c3\u00bchl. Dieses Jahr war eigentlich recht ausgeglichen. Mit all seinen H\u00c3\u00b6hen und Tiefen.<\/span><\/p>\n<p><strong><\/strong><strong>2009 zum ersten Mal getan?<\/strong><br \/>\n<span style=\"font-weight: normal;\">Die Insel R\u00c3\u00bcgen gesehen.<\/span><\/p>\n<p><strong><\/strong><strong>2009 nach langer Zeit wieder getan?<br \/>\n<\/strong><span style=\"font-weight: normal;\">Mich am Stricken versucht &#8211; allerdings sehr schnell wieder aufgegeben.<\/span><\/p>\n<p><strong><\/strong><strong>2009 leider nicht getan?<br \/>\n<\/strong><span style=\"font-weight: normal;\">Ich wollte unbedingt viel mehr Scrappen, aber es fehlte schlichtweg die Motivation&#8230;.<\/span><\/p>\n<p><strong><\/strong><strong>Der hirnrissigste Plan?<\/strong><br \/>\n<span style=\"font-weight: normal;\">Den gab es nicht.<\/span><\/p>\n<p><strong><\/strong><strong>Die gef\u00c3\u00a4hrlichste Unternehmung?<br \/>\n<\/strong><span style=\"font-weight: normal;\">Ich kann mich an keine gef\u00c3\u00a4hrliche Unternehmung erinnern.<\/span><\/p>\n<p><strong><\/strong><strong>Die teuerste Anschaffung?<\/strong><br \/>\n<span style=\"font-weight: normal;\">Die St\u00c3\u00bchle f\u00c3\u00bcr unser E\u00c3\u0178zimmer<\/span><\/p>\n<p><strong><\/strong><strong>(Un)wort des Jahres?<br \/>\n<\/strong><span style=\"font-weight: normal;\">Hey&#8230;. Zu unseren Zeiten sagten wir noch \u00e2\u20ac\u017eHi\u00e2\u20ac\u009d oder schlichtweg \u00e2\u20ac\u017eHallo\u00e2\u20ac\u009d wenn wir uns begr\u00c3\u00bc\u00c3\u0178ten. Dieses Hey hat f\u00c3\u00bcr mich mehr was mit \u00e2\u20ac\u017eMann ey\u00e2\u20ac\u009d zu tun und ich kann nichts damit anfangen.<\/span><\/p>\n<p><strong><\/strong><strong>Zugenommen oder abgenommen?<br \/>\n<\/strong><span style=\"font-weight: normal;\">Letzteres. (bis vor wenigen Tagen zumindest&#8230;)<\/span><\/p>\n<p><strong><\/strong><strong>Stadt des Jahres?<\/strong><br \/>\n<span style=\"font-weight: normal;\">Eindeutig Hamburg<\/span><\/p>\n<p><strong><\/strong><strong>Alkoholexzesse?<\/strong><br \/>\n<span style=\"font-weight: normal;\">Niemals! Aus dem Alter bin ich denke ich raus.<\/span><\/p>\n<p><strong><\/strong><strong>Davon gekotzt?<\/strong><br \/>\n<span style=\"font-weight: normal;\">Die vorhergehende Antwort schlie\u00c3\u0178t das aus.<\/span><\/p>\n<p><strong><\/strong><strong>Haare l\u00c3\u00a4nger oder k\u00c3\u00bcrzer?<\/strong><br \/>\n<span style=\"font-weight: normal;\">K\u00c3\u00bcrzer<\/span><\/p>\n<p><strong><\/strong><strong>Kurzsichtiger oder Weitsichtiger?<br \/>\n<\/strong><span style=\"font-weight: normal;\">Weder noch. Aber die Augen werden schlechter und ich werde wohl auch irgendwann eine Brille ben\u00c3\u00b6tigen. Noch nicht in 2010, aber vielleicht 2011)<\/span><\/p>\n<p><strong><\/strong><strong>Mehr Kohle oder weniger?<br \/>\n<\/strong><span style=\"font-weight: normal;\">Unwesentlich mehr.<\/span><\/p>\n<p><strong><\/strong><strong>Mehr ausgegeben oder weniger?<\/strong><br \/>\n<span style=\"font-weight: normal;\">Mehr, w\u00c3\u00bcrde ich instinktiv sagen.<\/span><\/p>\n<p><strong><\/strong><strong>Mehr bewegt oder weniger?<br \/>\n<\/strong><span style=\"font-weight: normal;\">Mal so und mal so.<\/span><\/p>\n<p><strong><\/strong><strong>H\u00c3\u00b6chste Handyrechnung?<\/strong><br \/>\n<span style=\"font-weight: normal;\">Mein iPhone kostet mich jeden Monat das gleiche.<\/span><\/p>\n<p><strong><\/strong><strong>Krankenhausbesuche?<br \/>\n<\/strong><span style=\"font-weight: normal;\">Gott sei dank keine.<\/span><\/p>\n<p><strong><\/strong><strong>Getr\u00c3\u00a4nk des Jahres?<br \/>\n<\/strong><span style=\"font-weight: normal;\">Kaffee, das wird sich wohl auch nicht \u00c3\u00a4ndern.<\/span><\/p>\n<p><strong><\/strong><strong>Das leckerste Essen?<br \/>\n<\/strong><span style=\"font-weight: normal;\">Oh, da gab es einiges, was superlecker war &#8211; ich m\u00c3\u00b6chte mich da nicht festlegen.<\/span><\/p>\n<p><strong><\/strong><strong>Most called Persons?<br \/>\n<\/strong><span style=\"font-weight: normal;\">Der Hobbykoch &amp; meine Freundinnen. Auch einige, die ich erst in diesem Jahr durch meinen Blog kennengelernt habe. Das k\u00c3\u00b6nnen schon auch mal Stundengespr\u00c3\u00a4che werden.<\/span><\/p>\n<p><strong><\/strong><strong>Die sch\u00c3\u00b6nste Zeit verbracht mit?<br \/>\n<\/strong><span style=\"font-weight: normal;\">Meiner Familie und meinen Fellnasen.<\/span><\/p>\n<p><strong><\/strong><strong>Die meiste Zeit verbracht mit?<br \/>\n<\/strong><span style=\"font-weight: normal;\">Unseren Kindern.<\/span><\/p>\n<p><strong><\/strong><strong>Song des Jahres?<br \/>\n<\/strong><span style=\"font-weight: normal;\">Schwierige Frage &#8211; es gab einige sch\u00c3\u00b6ne Songs dieses Jahr. Z.B. Marit Larsen &#8211; If a song could get me you. Oder Reamoon &#8211; Moments like this oder Black Eyed Peas &#8211; I Gotta Feeling &#8230;<\/span><\/p>\n<p><strong><\/strong><strong>CD (Album) des Jahres?<br \/>\n<\/strong><span style=\"font-weight: normal;\">Auch da gab`s mehrere &#8211; z.B. Colbie Caillat &#8211; Breakthrough.<\/span><\/p>\n<p><strong><\/strong><strong>Blockbuster des Jahres?<\/strong><br \/>\n<span style=\"font-weight: normal;\">Hmm, war ich \u00c3\u00bcberhaupt im Kino dieses Jahr? Ich wei\u00c3\u0178 es gar nicht&#8230;<\/span><\/p>\n<p><strong><\/strong><strong>Konzert des Jahres?<br \/>\n<\/strong><span style=\"font-weight: normal;\">Es gab nur ein Konzert in 2009. Die New York Gospel Stars im Febuar. Aber es war sch\u00c3\u00b6n!<\/span><\/p>\n<p><strong><\/strong><strong>TV-Serie des Jahres?<br \/>\n<\/strong><span style=\"font-weight: normal;\">Ich schaue wenig fernsehen. Serien noch weniger, Kochsendungen sind meine Leidenschaft ;) z.B. die Kocharena<\/span><\/p>\n<p><strong><\/strong><strong>Drei Dinge auf die ich gut h\u00c3\u00a4tte verzichten k\u00c3\u00b6nnen?<br \/>\n<\/strong><span style=\"font-weight: normal;\">Meine doofen Zahn- bzw. Kiefernprobleme, der Abschied von unserer Britchy und die Kriege in der Welt.<br \/>\n<\/span><\/p>\n<p><strong><\/strong><strong>Nachbar des Jahres?<br \/>\n<\/strong><span style=\"font-weight: normal;\">Gibt\u00c2\u00b4s nicht.<\/span><\/p>\n<p><strong><\/strong><strong>Die wichtigste Sache, von der ich jemanden \u00c3\u00bcberzeugen wollte?<\/strong><br \/>\n<span style=\"font-weight: normal;\">Hmm, eine schwierige Frage, auf die mir gerade keine Antwort einfallen m\u00c3\u00b6chte.<\/span><\/p>\n<p><strong><\/strong><strong>Das sch\u00c3\u00b6nste Geschenk, das ich jemanden gemacht habe?<br \/>\n<\/strong><span style=\"font-weight: normal;\">Mein Herz (im \u00c3\u00bcbertragenen Sinne)<\/span><\/p>\n<p><strong><\/strong><strong>Das sch\u00c3\u00b6nste Geschenk, das mir jemand gemacht hat?<br \/>\n<\/strong><span style=\"font-weight: normal;\">Die Herzen von anderen (ebenfalls im \u00c3\u00bcbertragenen Sinne.<\/span><\/p>\n<p><strong><\/strong><strong>Der sch\u00c3\u00b6nste Satz, den jemand zu mir gesagt hat?<br \/>\n<\/strong><span style=\"font-weight: normal;\">Sch\u00c3\u00b6n das es dich gibt.<\/span><\/p>\n<p><strong><\/strong><strong>Die gr\u00c3\u00b6\u00c3\u0178te Entt\u00c3\u00a4uschung?<br \/>\n<\/strong><span style=\"font-weight: normal;\">Entt\u00c3\u00a4uschung ist das falsche Wort. Ich h\u00c3\u00a4tte mir halt gew\u00c3\u00bcnscht, dass unserer Britchy noch ein wenig mehr Zeit geblieben w\u00c3\u00a4re. Es sollte nicht sein.<\/span><\/p>\n<p><strong><\/strong><strong>Die Erkenntnis des Jahres?<br \/>\n<\/strong><span style=\"font-weight: normal;\">Engagement zahlt sich manchmal aus.<\/span><\/p>\n<p><strong><\/strong><strong>Beste Idee\/Entscheidung des Jahres?<br \/>\n<\/strong><span style=\"font-weight: normal;\">Nala zu uns zu holen.<\/span><\/p>\n<p><strong><\/strong><strong>Schlimmstes Ereignis?<br \/>\n<\/strong><span style=\"font-weight: normal;\">Der Tod von Britchy und die vorangegangene Krankheit hat uns hier alle sehr traurig gemacht.<\/span><\/p>\n<p><strong><\/strong><strong>Sch\u00c3\u00b6nste Ereignisse?<br \/>\n<\/strong><span style=\"font-weight: normal;\">Unser Grillfest bei Familie Landgefl\u00c3\u00bcster, wo wir viele nette Menschen kennenlernen durften. Die Urlaube, Nalas Ankunft bei uns, das Wiedersehen in D\u00c3\u00bcsseldorf, es gab noch ein paar mehr&#8230;<\/span><\/p>\n<p><strong><\/strong><strong>Vorsatz f\u00c3\u00bcrs neue Jahr?<br \/>\n<\/strong><span style=\"font-weight: normal;\">Ich halte nicht viel von guten Vors\u00c3\u00a4tzen f\u00c3\u00bcrs n\u00c3\u00a4chste Jahr.<\/span><\/p>\n<p><strong><\/strong><strong>2009 war mit einem Wort?<\/strong><br \/>\n<span style=\"font-weight: normal;\">Ausf\u00c3\u00bcllend.<\/span><\/p>\n<p>Wer mag, darf sich das St\u00c3\u00b6ckchen gerne mitnehmen &#8211; es hat mir gefallen, nochmal mittels der Fragen \u00c3\u00bcber das fast vergangene Jahr nachzudenken.<\/p>\n<p>I<\/p>\n","protected":false},"excerpt":{"rendered":"<p>Bei Nine und auf dem Pfotenblog (und auf noch so einigen anderen Blogs) habe ich ich vorhin dieses St\u00c3\u00b6ckchen gesehen und es gef\u00c3\u00a4llt mir eigentlich ganz gut. Deswegen habe ich es mir mal mitgenommen. Ehrlich gesagt nur aus purer Faulheit Bequemlichkeit, denn sonst w\u00c3\u00bcrde ich jetzt wieder meine Archive nach sch\u00c3\u00b6nen Fotos aus dem vergangenen Jahr durchw\u00c3\u00bchlen und hier vor meinem Schreibtisch auf dem Stuhl festwachsen. ;) DAS WAR MEIN JAHR 2009 Vorherrschendes Gef\u00c3\u00bchl f\u00c3\u00bcr 2009? Es gibt kein vorherrschendes Gef\u00c3\u00bchl. Dieses Jahr war eigentlich recht ausgeglichen. Mit all seinen H\u00c3\u00b6hen und Tiefen. 2009 zum ersten Mal getan? Die Insel R\u00c3\u00bcgen gesehen. 2009 nach langer Zeit wieder getan? Mich am Stricken versucht &#8211; allerdings sehr schnell wieder aufgegeben. 2009 leider nicht getan? Ich wollte unbedingt viel mehr Scrappen, aber es fehlte schlichtweg die Motivation&#8230;. Der hirnrissigste Plan? Den gab es nicht. Die gef\u00c3\u00a4hrlichste Unternehmung? Ich kann mich an keine gef\u00c3\u00a4hrliche Unternehmung erinnern. Die teuerste Anschaffung? Die St\u00c3\u00bchle f\u00c3\u00bcr unser E\u00c3\u0178zimmer (Un)wort des Jahres? Hey&#8230;. Zu unseren Zeiten sagten wir noch \u00e2\u20ac\u017eHi\u00e2\u20ac\u009d oder schlichtweg \u00e2\u20ac\u017eHallo\u00e2\u20ac\u009d wenn &hellip;<\/p>\n","protected":false},"author":1,"featured_media":0,"comment_status":"open","ping_status":"open","sticky":false,"template":"","format":"standard","meta":{"_jetpack_newsletter_access":"","_jetpack_dont_email_post_to_subs":false,"_jetpack_newsletter_tier_id":0,"_jetpack_memberships_contains_paywalled_content":false,"_jetpack_memberships_contains_paid_content":false,"footnotes":""},"categories":[114,94],"tags":[973,969],"class_list":["post-2848","post","type-post","status-publish","format-standard","hentry","category-plauderecke","category-stoeckchen","tag-plauderecke","tag-stoeckchen"],"jetpack_sharing_enabled":true,"jetpack_shortlink":"https:\/\/wp.me\/pq7aY-JW","jetpack_likes_enabled":true,"jetpack-related-posts":[],"jetpack_featured_media_url":"","_links":{"self":[{"href":"https:\/\/terragina.de\/blog\/wp-json\/wp\/v2\/posts\/2848","targetHints":{"allow":["GET"]}}],"collection":[{"href":"https:\/\/terragina.de\/blog\/wp-json\/wp\/v2\/posts"}],"about":[{"href":"https:\/\/terragina.de\/blog\/wp-json\/wp\/v2\/types\/post"}],"author":[{"embeddable":true,"href":"https:\/\/terragina.de\/blog\/wp-json\/wp\/v2\/users\/1"}],"replies":[{"embeddable":true,"href":"https:\/\/terragina.de\/blog\/wp-json\/wp\/v2\/comments?post=2848"}],"version-history":[{"count":0,"href":"https:\/\/terragina.de\/blog\/wp-json\/wp\/v2\/posts\/2848\/revisions"}],"wp:attachment":[{"href":"https:\/\/terragina.de\/blog\/wp-json\/wp\/v2\/media?parent=2848"}],"wp:term":[{"taxonomy":"category","embeddable":true,"href":"https:\/\/terragina.de\/blog\/wp-json\/wp\/v2\/categories?post=2848"},{"taxonomy":"post_tag","embeddable":true,"href":"https:\/\/terragina.de\/blog\/wp-json\/wp\/v2\/tags?post=2848"}],"curies":[{"name":"wp","href":"https:\/\/api.w.org\/{rel}","templated":true}]}}