{"id":2867,"date":"2010-01-09T16:28:16","date_gmt":"2010-01-09T14:28:16","guid":{"rendered":"http:\/\/terragina.de\/blog\/2010\/01\/09\/projekt-zwoelf2010-der-januar\/"},"modified":"2011-07-09T10:15:37","modified_gmt":"2011-07-09T08:15:37","slug":"projekt-zwoelf2010-der-januar","status":"publish","type":"post","link":"https:\/\/terragina.de\/blog\/2010\/01\/09\/projekt-zwoelf2010-der-januar\/","title":{"rendered":"Projekt 12\/2010 &#8211; der Januar"},"content":{"rendered":"<p><img loading=\"lazy\" decoding=\"async\" style=\"float: left; margin-right: 10px; margin-bottom: 10px;\" src=\"http:\/\/terragina.de\/blog\/wp-content\/uploads\/2010\/01\/zwoelf2010_klein.png\" alt=\"zwoelf2010_klein.png\" width=\"156\" height=\"28\" \/>Kaum aus dem Urlaub wieder daheim, habe ich mir heute das sch\u00c3\u00b6ne Projekt vorgenommen, zu dem ich mich im letzten Monat <a title=\"Fotoprojekt zw\u00c3\u00b6lf2010 bei Jana\" href=\"http:\/\/www.janasworld.de\/2009\/11\/22\/fotoprojekt-zwoelf2010-2\/\">bei Jana<\/a> angemeldet habe. In der vergangenen Woche habe ich ja viel Zeit gehabt, mir \u00c3\u00bcber ein Objekt Gedanken zu machen &#8211; und ich war auch erfolgreich.<\/p>\n<p>Zum einen habe ich mich f\u00c3\u00bcr eine S-Bahn-Haltestelle entschieden. Daf\u00c3\u00bcr mu\u00c3\u0178 ich nun einmal im Monat auf die Fu\u00c3\u0178g\u00c3\u00a4ngerbr\u00c3\u00bccke, um auch die richtige Perspektive zu haben. Das Format des Bildes mu\u00c3\u0178te ich auch ein wenig anpassen &#8211; aber am Ende war ich jetzt ganz zufrieden. Ich bin sehr gespannt, ob ich auch mal einen Zug oder eine S-Bahn erwische, klick macht nat\u00c3\u00bcrlich gro\u00c3\u0178. ;) Mehr Fotos zum Projekt k\u00c3\u00b6nnt Ihr in der extra von Jana daf\u00c3\u00bcr eingerichteten <a title=\"Flickr-Gruppe zwoelf2010\" href=\"http:\/\/www.flickr.com\/groups\/1300582@N23\/\">Flickr-Group<\/a> finden, dorthin habe ich meine beiden Bildchen auch gerade hoch geladen.<\/p>\n<div style=\"text-align: center;\">\n  <a href=\"http:\/\/terragina.de\/blog\/wp-content\/uploads\/2010\/01\/zwoelf2010_01_900x543.jpg\" rel=\"lightbox[2867]\"><img loading=\"lazy\" decoding=\"async\" src=\"http:\/\/terragina.de\/blog\/wp-content\/uploads\/2010\/01\/zwoelf2010_01_900x543-tm.jpg\" alt=\"Projekt zwoelf2010 - Januar\" width=\"500\" height=\"301\" \/><\/a>\n<\/div>\n<p>Da ich aber auch gerne in Janas vorgegebenem R\u00c3\u00a4hmchen ein Bild haben m\u00c3\u00b6chte, habe ich mich entschlossen, auch noch einen Blumenkasten zu fotografieren. Sicher wird sich auch hier im Laufe eines Jahres einiges ver\u00c3\u00a4ndern, ich bin selber schon sehr gespannt! (Was passiert eigentlich, wenn es auf einmal mitten im Jahr diesen Blumenkasten nicht mehr gibt?) &#8211; bei dem S-Bahnsteig mache ich mir da weniger Gedanken&#8230; *lol*<\/p>\n<p>Hier also nun das zweite Bild:<\/p>\n<div style=\"text-align: center;\"><\/div>\n<div style=\"text-align: center;\">\n  <img loading=\"lazy\" decoding=\"async\" src=\"http:\/\/terragina.de\/blog\/wp-content\/uploads\/2010\/01\/blumenkasten_01_501x600.jpg\" alt=\"blumenkasten_01_501x600.jpg\" width=\"501\" height=\"600\" \/>\n<\/div>\n<p>Ich musste feststellen, dass es doch einiges an Zeit in Anspruch genommen hat, die Bilder vorzubereiten &#8211; aber ich hatte auch viel Spa\u00c3\u0178 daran. Mal sehen, wie gut es mir gelingt (vor allem beim S-Bahnhof-Bild) die Perspektive einzuhalten. ;) Ich hoffe, ich kann mir meinen Standort bis n\u00c3\u00a4chsten Monat einigermassen merken.<\/p>\n<p>Ich hoffe, ich habe alles richtig gemacht und habe <a title=\"\u00c3\u0153bersicht Projekt zw\u00c3\u00b6lf2010\" href=\"http:\/\/terragina.de\/blog\/zwoelf2010-2\/\" target=\"_blank\">hier<\/a> noch eine \u00c3\u0153bersichts-Seite f\u00c3\u00bcr alle Bilder eingerichtet. ;)<\/p>\n<p>Euch ein sch\u00c3\u00b6nes Wochenende, macht`s Euch gem\u00c3\u00bctlich &#8211; ich finde es \u00c3\u00bcbrigens wundersch\u00c3\u00b6n draussen &#8211; zumindest, wenn ich hinten raus gucke ;-)<\/p>\n","protected":false},"excerpt":{"rendered":"<p>Kaum aus dem Urlaub wieder daheim, habe ich mir heute das sch\u00c3\u00b6ne Projekt vorgenommen, zu dem ich mich im letzten Monat bei Jana angemeldet habe. In der vergangenen Woche habe ich ja viel Zeit gehabt, mir \u00c3\u00bcber ein Objekt Gedanken zu machen &#8211; und ich war auch erfolgreich. Zum einen habe ich mich f\u00c3\u00bcr eine S-Bahn-Haltestelle entschieden. Daf\u00c3\u00bcr mu\u00c3\u0178 ich nun einmal im Monat auf die Fu\u00c3\u0178g\u00c3\u00a4ngerbr\u00c3\u00bccke, um auch die richtige Perspektive zu haben. Das Format des Bildes mu\u00c3\u0178te ich auch ein wenig anpassen &#8211; aber am Ende war ich jetzt ganz zufrieden. Ich bin sehr gespannt, ob ich auch mal einen Zug oder eine S-Bahn erwische, klick macht nat\u00c3\u00bcrlich gro\u00c3\u0178. ;) Mehr Fotos zum Projekt k\u00c3\u00b6nnt Ihr in der extra von Jana daf\u00c3\u00bcr eingerichteten Flickr-Group finden, dorthin habe ich meine beiden Bildchen auch gerade hoch geladen. Da ich aber auch gerne in Janas vorgegebenem R\u00c3\u00a4hmchen ein Bild haben m\u00c3\u00b6chte, habe ich mich entschlossen, auch noch einen Blumenkasten zu fotografieren. Sicher wird sich auch hier im Laufe eines Jahres einiges ver\u00c3\u00a4ndern, ich bin selber schon &hellip;<\/p>\n","protected":false},"author":1,"featured_media":0,"comment_status":"open","ping_status":"open","sticky":false,"template":"","format":"standard","meta":{"_jetpack_newsletter_access":"","_jetpack_dont_email_post_to_subs":false,"_jetpack_newsletter_tier_id":0,"_jetpack_memberships_contains_paywalled_content":false,"_jetpack_memberships_contains_paid_content":false,"footnotes":""},"categories":[6,358],"tags":[960,421,964,428,980],"class_list":["post-2867","post","type-post","status-publish","format-standard","hentry","category-foto-meets-ps","category-zwoelf2010","tag-foto-meets-ps","tag-fotoalbum","tag-fotografie","tag-projekt","tag-zwoelf2010"],"jetpack_sharing_enabled":true,"jetpack_shortlink":"https:\/\/wp.me\/pq7aY-Kf","jetpack_likes_enabled":true,"jetpack-related-posts":[],"jetpack_featured_media_url":"","_links":{"self":[{"href":"https:\/\/terragina.de\/blog\/wp-json\/wp\/v2\/posts\/2867","targetHints":{"allow":["GET"]}}],"collection":[{"href":"https:\/\/terragina.de\/blog\/wp-json\/wp\/v2\/posts"}],"about":[{"href":"https:\/\/terragina.de\/blog\/wp-json\/wp\/v2\/types\/post"}],"author":[{"embeddable":true,"href":"https:\/\/terragina.de\/blog\/wp-json\/wp\/v2\/users\/1"}],"replies":[{"embeddable":true,"href":"https:\/\/terragina.de\/blog\/wp-json\/wp\/v2\/comments?post=2867"}],"version-history":[{"count":0,"href":"https:\/\/terragina.de\/blog\/wp-json\/wp\/v2\/posts\/2867\/revisions"}],"wp:attachment":[{"href":"https:\/\/terragina.de\/blog\/wp-json\/wp\/v2\/media?parent=2867"}],"wp:term":[{"taxonomy":"category","embeddable":true,"href":"https:\/\/terragina.de\/blog\/wp-json\/wp\/v2\/categories?post=2867"},{"taxonomy":"post_tag","embeddable":true,"href":"https:\/\/terragina.de\/blog\/wp-json\/wp\/v2\/tags?post=2867"}],"curies":[{"name":"wp","href":"https:\/\/api.w.org\/{rel}","templated":true}]}}