{"id":2896,"date":"2010-01-10T09:33:22","date_gmt":"2010-01-10T07:33:22","guid":{"rendered":"http:\/\/terragina.de\/blog\/2010\/01\/10\/10-fotos-aus-dem-zillertal\/"},"modified":"2011-07-09T10:15:35","modified_gmt":"2011-07-09T08:15:35","slug":"10-fotos-aus-dem-zillertal","status":"publish","type":"post","link":"https:\/\/terragina.de\/blog\/2010\/01\/10\/10-fotos-aus-dem-zillertal\/","title":{"rendered":"10 Fotos aus dem Zillertal"},"content":{"rendered":"<p>Nachdem ich ja gestern f\u00c3\u00bcr mein diesj\u00c3\u00a4hriges Projekt fleissig war, habe ich mich heute morgen in aller Fr\u00c3\u00bche schon an meine Urlaubsfotos gemacht. Ich hatte \u00e2\u20ac\u017enur\u00e2\u20ac\u009d die Ixus mit dabei, aber sie hat mir auf der Piste gute Dienste getan.<\/p>\n<div style=\"text-align: center;\">\n  <img loading=\"lazy\" decoding=\"async\" src=\"http:\/\/terragina.de\/blog\/wp-content\/uploads\/2010\/01\/hippach_01.jpg\" width=\"580\" height=\"435\" alt=\"hippach_01.jpg\" \/>\n<\/div>\n<p>Der erste Morgen &#8211; Blick von unserem Balkon. Es hatte das letzte Mal an Weihnachten geschneit. Das bisschen, was an Flocken am Anreisetag herunter kam, war nicht wirklich ergiebig <span style=\"text-decoration: line-through\">im Gegensatz zu Bayern, da hat\u00c2\u00b4s auch w\u00c3\u00a4hrend der Hinfahrt ordentlich geschneit<\/span>. Die sch\u00c3\u00b6ne Rosaf\u00c3\u00a4rbung \u00c3\u00bcber den Bergspitzen ist leider nur zu erahnen.<\/p>\n<div style=\"text-align: center;\">\n  <img loading=\"lazy\" decoding=\"async\" src=\"http:\/\/terragina.de\/blog\/wp-content\/uploads\/2010\/01\/hippach_02.jpg\" width=\"580\" height=\"435\" alt=\"hippach_02.jpg\" \/>\n<\/div>\n<p>Und schon waren wir mit der Gondel auf dem Berg angekommen &#8211; bei strahlendem Sonnenschein. Aber es war eisig kalt (ca. -12\u00c2\u00b0) und ich habe mir ordentlich die Finger abgefroren, dass wir doch hier und da mal einen Einkehrschwung machen mussten, um Finger und F\u00c3\u00bcsse wieder aufzuw\u00c3\u00a4rmen.<\/p>\n<div style=\"text-align: center;\">\n  <img loading=\"lazy\" decoding=\"async\" src=\"http:\/\/terragina.de\/blog\/wp-content\/uploads\/2010\/01\/hippach_03.jpg\" width=\"580\" height=\"435\" alt=\"hippach_03.jpg\" \/>\n<\/div>\n<p>Auf dem Gipfel bei Finkenberg &#8211; hier hatten wir einen Teil des Skigebietes entdeckt, der zwar nicht gro\u00c3\u0178 war, aber die Pisten l\u00c3\u00a4ngst nicht so voll wie bei unserem \u00e2\u20ac\u017eHausberg\u00e2\u20ac\u009d, dem Horberg. Diese Schilder mit den Entfernungen finde ich immer wieder sehr interessant. :yes:<\/p>\n<div style=\"text-align: center;\">\n  <img loading=\"lazy\" decoding=\"async\" src=\"http:\/\/terragina.de\/blog\/wp-content\/uploads\/2010\/01\/hippach_04.jpg\" width=\"580\" height=\"435\" alt=\"hippach_04.jpg\" \/>\n<\/div>\n<p>Yippieh &#8211; gleich geht`s los &#8211; abi in`s Tal :yeah: Schade, dass sich das Skischulkind da mit aufs Foto geschlichen hat &#8211; sonst h\u00c3\u00a4tte mir das Bild noch besser gefallen.<\/p>\n<div style=\"text-align: center;\">\n  <img loading=\"lazy\" decoding=\"async\" src=\"http:\/\/terragina.de\/blog\/wp-content\/uploads\/2010\/01\/hippach_05.jpg\" width=\"580\" height=\"435\" alt=\"hippach_05.jpg\" \/>\n<\/div>\n<p>Erkennt Ihr dieses Foto? Es ist mein neuestes Header-Bild. ;)<\/p>\n<div style=\"text-align: center;\">\n  <img loading=\"lazy\" decoding=\"async\" src=\"http:\/\/terragina.de\/blog\/wp-content\/uploads\/2010\/01\/hippach_06.jpg\" width=\"580\" height=\"435\" alt=\"hippach_06.jpg\" \/>\n<\/div>\n<p>P\u00c3\u00a4uschen im Almst\u00c3\u00bcberl in Finkenberg. Sehr leckeren Gl\u00c3\u00bchwein hatten sie dort&#8230;. :yes1:<\/p>\n<div style=\"text-align: center;\">\n  <img loading=\"lazy\" decoding=\"async\" src=\"http:\/\/terragina.de\/blog\/wp-content\/uploads\/2010\/01\/hippach_07.jpg\" width=\"580\" height=\"435\" alt=\"hippach_07.jpg\" \/>\n<\/div>\n<p>Dieses Bild ist am vergangenen Donnerstag, 07. Januar, entstanden. Es hatte am fr\u00c3\u00bchen Morgen zu schneien angefangen und langsam lichteten sich die Wolken und die Sonne kam durch. Wundersch\u00c3\u00b6n! Diese H\u00c3\u00bctte lag direkt unterhalb von unserer Ferienwohnung &#8211; Blick vom Balkon. Links von der H\u00c3\u00bctte und dann zwischen den B\u00c3\u00a4umen durch ging \u00c3\u00bcbrigens die Talabfahrt, die leider die ganze Woche nicht ge\u00c3\u00b6ffnet wurde. :noidea: &#8211; es war einfach zu wenig Schnee.<\/p>\n<div style=\"text-align: center;\">\n  <img loading=\"lazy\" decoding=\"async\" src=\"http:\/\/terragina.de\/blog\/wp-content\/uploads\/2010\/01\/hippach_08.jpg\" width=\"580\" height=\"435\" alt=\"hippach_08.jpg\" \/>\n<\/div>\n<p>So fuhren wir also jeden Morgen mit aufgezogenen Schneeketten den Berg hinunter zur Talstation der Horbergbahn. Mir blieb jedesmal fast das Herz stehen. Das ist gar nichts f\u00c3\u00bcr mich, diese schmalen Strassen, wo`s links oder rechts steil bergab geht. Der Hobbykoch hingegen hat mit derlei Situationen die wenigsten Probleme. :good: Er hat uns t\u00c3\u00a4glich gut und sicher ins Tal und auch wieder hinauf gebracht.<\/p>\n<div style=\"text-align: center;\">\n  <img loading=\"lazy\" decoding=\"async\" src=\"http:\/\/terragina.de\/blog\/wp-content\/uploads\/2010\/01\/hippach_09.jpg\" width=\"580\" height=\"435\" alt=\"hippach_09.jpg\" \/>\n<\/div>\n<p>Habt Ihr oben auf dem Wegweiserbild den Hinweis zum Flugtaxi Mayrhofen entdeckt? Hier fliegt ein solches Taxi im Tandemflug langsam in`s Tal. Mich fasziniert das immer wieder auf`s Neue, auch wenn<span style=\"text-decoration: line-through\">`s mir viel zu teuer w\u00c3\u00a4re<\/span> ich mich selber wohl nie trauen werde. Aber es mu\u00c3\u0178 gro\u00c3\u0178artig sein, die verschneite Bergwelt mal von da oben zu betrachten.<\/p>\n<div style=\"text-align: center;\">\n  <img loading=\"lazy\" decoding=\"async\" src=\"http:\/\/terragina.de\/blog\/wp-content\/uploads\/2010\/01\/hippach_10.jpg\" width=\"580\" height=\"435\" alt=\"hippach_10.jpg\" \/>\n<\/div>\n<p>Noch ein letzter Blick \u00c3\u00bcber den sch\u00c3\u00b6nen Neuschnee &#8211; hier hat es \u00c3\u00bcbrigens auch in diesem Moment wieder angefangen zu schneien&#8230;.<\/p>\n<p><\/p>\n<p>Wenngleich es ein <a href=\"http:\/\/terragina.de\/blog\/2010\/01\/08\/skiurlaub-im-zillertal\/\" title=\"Die Skier-Ausleih-Story\">Urlaub mit Zwischenf\u00c3\u00a4llen<\/a> war, so war es doch alles in allem wundersch\u00c3\u00b6n und auch mit dem Wetter haben wir gro\u00c3\u0178es Gl\u00c3\u00bcck gehabt. Gegen die kalten Finger habe ich den gut gemeinten Rat des Skiverleihers befolgt und mir am zweiten Urlaubstag ein paar F\u00c3\u00a4ustlinge gekauft. Von da an konnte ich das Skifahren auch richtig genie\u00c3\u0178en &#8211; hatte ich doch endlich warme Finger. :yes:<\/p>\n<p>Und nun w\u00c3\u00bcnsche ich Euch einen wundersch\u00c3\u00b6nen Wintertag und hoffe, Ihr k\u00c3\u00b6nnt es Euch ein wenig gem\u00c3\u00bctlich und heimelig machen.<\/p>\n","protected":false},"excerpt":{"rendered":"<p>Nachdem ich ja gestern f\u00c3\u00bcr mein diesj\u00c3\u00a4hriges Projekt fleissig war, habe ich mich heute morgen in aller Fr\u00c3\u00bche schon an meine Urlaubsfotos gemacht. Ich hatte \u00e2\u20ac\u017enur\u00e2\u20ac\u009d die Ixus mit dabei, aber sie hat mir auf der Piste gute Dienste getan. Der erste Morgen &#8211; Blick von unserem Balkon. Es hatte das letzte Mal an Weihnachten geschneit. Das bisschen, was an Flocken am Anreisetag herunter kam, war nicht wirklich ergiebig im Gegensatz zu Bayern, da hat\u00c2\u00b4s auch w\u00c3\u00a4hrend der Hinfahrt ordentlich geschneit. Die sch\u00c3\u00b6ne Rosaf\u00c3\u00a4rbung \u00c3\u00bcber den Bergspitzen ist leider nur zu erahnen. Und schon waren wir mit der Gondel auf dem Berg angekommen &#8211; bei strahlendem Sonnenschein. Aber es war eisig kalt (ca. -12\u00c2\u00b0) und ich habe mir ordentlich die Finger abgefroren, dass wir doch hier und da mal einen Einkehrschwung machen mussten, um Finger und F\u00c3\u00bcsse wieder aufzuw\u00c3\u00a4rmen. Auf dem Gipfel bei Finkenberg &#8211; hier hatten wir einen Teil des Skigebietes entdeckt, der zwar nicht gro\u00c3\u0178 war, aber die Pisten l\u00c3\u00a4ngst nicht so voll wie bei unserem \u00e2\u20ac\u017eHausberg\u00e2\u20ac\u009d, dem Horberg. Diese Schilder mit den &hellip;<\/p>\n","protected":false},"author":1,"featured_media":0,"comment_status":"open","ping_status":"open","sticky":false,"template":"","format":"standard","meta":{"_jetpack_newsletter_access":"","_jetpack_dont_email_post_to_subs":false,"_jetpack_newsletter_tier_id":0,"_jetpack_memberships_contains_paywalled_content":false,"_jetpack_memberships_contains_paid_content":false,"footnotes":""},"categories":[114],"tags":[421,964,422,438,439,106,66],"class_list":["post-2896","post","type-post","status-publish","format-standard","hentry","category-plauderecke","tag-fotoalbum","tag-fotografie","tag-fotos","tag-ski","tag-skifahren","tag-urlaub","tag-winter"],"jetpack_sharing_enabled":true,"jetpack_shortlink":"https:\/\/wp.me\/pq7aY-KI","jetpack_likes_enabled":true,"jetpack-related-posts":[],"jetpack_featured_media_url":"","_links":{"self":[{"href":"https:\/\/terragina.de\/blog\/wp-json\/wp\/v2\/posts\/2896","targetHints":{"allow":["GET"]}}],"collection":[{"href":"https:\/\/terragina.de\/blog\/wp-json\/wp\/v2\/posts"}],"about":[{"href":"https:\/\/terragina.de\/blog\/wp-json\/wp\/v2\/types\/post"}],"author":[{"embeddable":true,"href":"https:\/\/terragina.de\/blog\/wp-json\/wp\/v2\/users\/1"}],"replies":[{"embeddable":true,"href":"https:\/\/terragina.de\/blog\/wp-json\/wp\/v2\/comments?post=2896"}],"version-history":[{"count":0,"href":"https:\/\/terragina.de\/blog\/wp-json\/wp\/v2\/posts\/2896\/revisions"}],"wp:attachment":[{"href":"https:\/\/terragina.de\/blog\/wp-json\/wp\/v2\/media?parent=2896"}],"wp:term":[{"taxonomy":"category","embeddable":true,"href":"https:\/\/terragina.de\/blog\/wp-json\/wp\/v2\/categories?post=2896"},{"taxonomy":"post_tag","embeddable":true,"href":"https:\/\/terragina.de\/blog\/wp-json\/wp\/v2\/tags?post=2896"}],"curies":[{"name":"wp","href":"https:\/\/api.w.org\/{rel}","templated":true}]}}