{"id":2951,"date":"2010-01-13T13:49:06","date_gmt":"2010-01-13T11:49:06","guid":{"rendered":"http:\/\/terragina.de\/blog\/2010\/01\/13\/winterzeit-kerzenzeit\/"},"modified":"2011-07-09T10:15:22","modified_gmt":"2011-07-09T08:15:22","slug":"winterzeit-kerzenzeit","status":"publish","type":"post","link":"https:\/\/terragina.de\/blog\/2010\/01\/13\/winterzeit-kerzenzeit\/","title":{"rendered":"Winterzeit = Kerzenzeit"},"content":{"rendered":"<p>Wer mag sie nicht in dieser kalten Jahreszeit? Die Kerzen. Eigentlich liebe ich sie ja ganzj\u00c3\u00a4hrig, aber im Winter habe ich wesentlich mehr Kerzen und Duftl\u00c3\u00a4mpchen an als im Sommer. Es vergeht eigentlich kein Abend, wo nicht mindestens eine Kerze oder ein Teelicht brennt.<\/p>\n<p>Auch in den Urlaub nehme ich mir gerne eine Kerze mit &#8211; die steht dann zwar profan auf einem Unterteller aus der Ferienwohnung, aber ihr gem\u00c3\u00bctliches Licht kann sie trotzdem verbreiten.<\/p>\n<p>Heute m\u00c3\u00b6chte ich Euch ein wenig von <span style=\"text-decoration: line-through\">meiner<\/span> des Hobbykochs Entdeckung erz\u00c3\u00a4hlen. Er war es n\u00c3\u00a4mlich, der vom Einkaufen im Urlaub zur\u00c3\u00bcck kam und sagte: \u00e2\u20ac\u017eDuuu &#8211; da unten in dem Nachbarort &#8211; da gibt es einen Laden, der hei\u00c3\u0178t Kerzenwelt&#8230; schaut recht gro\u00c3\u0178 aus\u00e2\u20ac\u009d &#8211; ich wurde hellh\u00c3\u00b6rig. Nun waren wir aber zum Skifahren im Zillertal und ganz sicher nicht zum Kerzen kaufen.<\/p>\n<p>Am Abreisetag aber, wie es gen Heimat ging, da kamen wir just an diesem Kerzenladen vorbei. Und was macht der Hobbykoch? Na klar &#8211; er f\u00c3\u00a4hrt mich auf den Parkplatz, schlie\u00c3\u0178lich brauchten wir auch noch ein Mitbringsel f\u00c3\u00bcr die Freundin, die sich so toll um unsere Fellnasen gek\u00c3\u00bcmmert hat. :yes1:<\/p>\n<p>*augenreib* &#8211; war das ein toller Laden&#8230; so viele sch\u00c3\u00b6ne Kerzen auf einem Haufen. Wir alle &#8211; ja, auch die Kinder, waren von den sch\u00c3\u00b6nen Dingen begeistert, die wir da sahen. Es dauerte ein Weilchen, bis wir uns entschieden haben &#8211; die Freundin sollte eine kiwigr\u00c3\u00bcne Duftkerze bekommen (sie liebt diese Farbe) mit einem passenden St\u00c3\u00a4nder. Aber ich &#8211; ich wollte mir doch auch so gerne etwas mitnehmen&#8230;.<\/p>\n<p>Dass ich ein gro\u00c3\u0178er Vanille-Fan bin, ist ja kein Geheimnis mehr. Und dann gab`s da doch noch etwas &#8211; diese h\u00c3\u00bcbschen Kerzenst\u00c3\u00a4nder. Aber was soll ich schreiben? Ich zeige Euch einfach mal ein Foto:<\/p>\n<div style=\"text-align: center;\">\n  <img loading=\"lazy\" decoding=\"async\" src=\"http:\/\/terragina.de\/blog\/wp-content\/uploads\/2010\/01\/kerzenwelt.jpg\" width=\"580\" height=\"445\" alt=\"kerzenwelt.jpg\" \/>\n<\/div>\n<p><\/p>\n<p>Ich bin ganz happy. :sing: Nur habe ich mit solch sch\u00c3\u00b6nen Kerzen immer das Problem. dass ich sie gar nicht anz\u00c3\u00bcnden mag.<\/p>\n<p>Wie haltet ihr das? Was ratet ihr mir? Stellt Ihr derartige Kerzen, die Euch supergut gefallen, f\u00c3\u00bcr Wochen, Monate oder gar Jahre in den Schrank bzw. in`s Regal? Oder denkt ihr Euch: \u00e2\u20ac\u017eEgal, ich genie\u00c3\u0178e die Brennzeit der Kerze und wenn sie abgebrannt ist, suche ich mir eine neue aus?\u00e2\u20ac\u009d<\/p>\n<p>\u00c3\u0153brigens, wenn Euch die Kerzen genauso gut gefallen wir mir&#8230; mit Freude haben wir daheim festgestellt, dass ich <a href=\"http:\/\/www.kerzenwelt.at\/\" title=\"Die Qual der Wahl in der Kerzenwelt\">dort<\/a> immer wieder Kerzen bestellen kann. :dance:<\/p>\n<p>Ein klitzekleines bisschen teurer als im Ladengesch\u00c3\u00a4ft (bei der gro\u00c3\u0178en Kerze exakt 1\u00e2\u201a\u00ac) &#8211; aber die volle Auswahl! Aber Vorsicht, wer Kerzen genauso liebt wie ich &#8211; das k\u00c3\u00b6nnte ein l\u00c3\u00a4ngerer Besuch werden und ich w\u00c3\u00bcnsche Euch ganz viel Spa\u00c3\u0178 beim St\u00c3\u00b6bern!<\/p>\n","protected":false},"excerpt":{"rendered":"<p>Wer mag sie nicht in dieser kalten Jahreszeit? Die Kerzen. Eigentlich liebe ich sie ja ganzj\u00c3\u00a4hrig, aber im Winter habe ich wesentlich mehr Kerzen und Duftl\u00c3\u00a4mpchen an als im Sommer. Es vergeht eigentlich kein Abend, wo nicht mindestens eine Kerze oder ein Teelicht brennt. Auch in den Urlaub nehme ich mir gerne eine Kerze mit &#8211; die steht dann zwar profan auf einem Unterteller aus der Ferienwohnung, aber ihr gem\u00c3\u00bctliches Licht kann sie trotzdem verbreiten. Heute m\u00c3\u00b6chte ich Euch ein wenig von meiner des Hobbykochs Entdeckung erz\u00c3\u00a4hlen. Er war es n\u00c3\u00a4mlich, der vom Einkaufen im Urlaub zur\u00c3\u00bcck kam und sagte: \u00e2\u20ac\u017eDuuu &#8211; da unten in dem Nachbarort &#8211; da gibt es einen Laden, der hei\u00c3\u0178t Kerzenwelt&#8230; schaut recht gro\u00c3\u0178 aus\u00e2\u20ac\u009d &#8211; ich wurde hellh\u00c3\u00b6rig. Nun waren wir aber zum Skifahren im Zillertal und ganz sicher nicht zum Kerzen kaufen. Am Abreisetag aber, wie es gen Heimat ging, da kamen wir just an diesem Kerzenladen vorbei. Und was macht der Hobbykoch? Na klar &#8211; er f\u00c3\u00a4hrt mich auf den Parkplatz, schlie\u00c3\u0178lich brauchten wir auch noch ein &hellip;<\/p>\n","protected":false},"author":1,"featured_media":0,"comment_status":"open","ping_status":"open","sticky":false,"template":"","format":"standard","meta":{"_jetpack_newsletter_access":"","_jetpack_dont_email_post_to_subs":false,"_jetpack_newsletter_tier_id":0,"_jetpack_memberships_contains_paywalled_content":false,"_jetpack_memberships_contains_paid_content":false,"footnotes":""},"categories":[114],"tags":[97,362,319,973,66],"class_list":["post-2951","post","type-post","status-publish","format-standard","hentry","category-plauderecke","tag-dekoration","tag-kerzen","tag-nur-so","tag-plauderecke","tag-winter"],"jetpack_sharing_enabled":true,"jetpack_shortlink":"https:\/\/wp.me\/pq7aY-LB","jetpack_likes_enabled":true,"jetpack-related-posts":[],"jetpack_featured_media_url":"","_links":{"self":[{"href":"https:\/\/terragina.de\/blog\/wp-json\/wp\/v2\/posts\/2951","targetHints":{"allow":["GET"]}}],"collection":[{"href":"https:\/\/terragina.de\/blog\/wp-json\/wp\/v2\/posts"}],"about":[{"href":"https:\/\/terragina.de\/blog\/wp-json\/wp\/v2\/types\/post"}],"author":[{"embeddable":true,"href":"https:\/\/terragina.de\/blog\/wp-json\/wp\/v2\/users\/1"}],"replies":[{"embeddable":true,"href":"https:\/\/terragina.de\/blog\/wp-json\/wp\/v2\/comments?post=2951"}],"version-history":[{"count":0,"href":"https:\/\/terragina.de\/blog\/wp-json\/wp\/v2\/posts\/2951\/revisions"}],"wp:attachment":[{"href":"https:\/\/terragina.de\/blog\/wp-json\/wp\/v2\/media?parent=2951"}],"wp:term":[{"taxonomy":"category","embeddable":true,"href":"https:\/\/terragina.de\/blog\/wp-json\/wp\/v2\/categories?post=2951"},{"taxonomy":"post_tag","embeddable":true,"href":"https:\/\/terragina.de\/blog\/wp-json\/wp\/v2\/tags?post=2951"}],"curies":[{"name":"wp","href":"https:\/\/api.w.org\/{rel}","templated":true}]}}